{"id":15447,"date":"2024-11-22T13:53:10","date_gmt":"2024-11-22T19:53:10","guid":{"rendered":"https:\/\/riograndezac.gob.mx\/informatica\/?p=15447"},"modified":"2024-11-26T13:55:17","modified_gmt":"2024-11-26T19:55:17","slug":"entregan-aparatos-funcionales-para-mejorar-la-calidad-de-vida-de-las-personas-de-rio-grande","status":"publish","type":"post","link":"https:\/\/riograndezac.gob.mx\/informatica\/?p=15447","title":{"rendered":"Entregan Aparatos Funcionales para Mejorar la Calidad de Vida de las personas de R\u00edo Grande"},"content":{"rendered":"\n<figure class=\"wp-block-gallery has-nested-images columns-default is-cropped wp-block-gallery-1 is-layout-flex wp-block-gallery-is-layout-flex\">\n<figure class=\"wp-block-image size-large\"><img loading=\"lazy\" decoding=\"async\" width=\"807\" height=\"840\" data-id=\"15451\" src=\"https:\/\/riograndezac.gob.mx\/informatica\/wp-content\/uploads\/2024\/11\/Imagen-de-WhatsApp-2024-11-22-a-las-15.15.55_e52b8b5b-807x840.jpg\" alt=\"\" class=\"wp-image-15451\" srcset=\"https:\/\/riograndezac.gob.mx\/informatica\/wp-content\/uploads\/2024\/11\/Imagen-de-WhatsApp-2024-11-22-a-las-15.15.55_e52b8b5b-807x840.jpg 807w, https:\/\/riograndezac.gob.mx\/informatica\/wp-content\/uploads\/2024\/11\/Imagen-de-WhatsApp-2024-11-22-a-las-15.15.55_e52b8b5b-351x365.jpg 351w, https:\/\/riograndezac.gob.mx\/informatica\/wp-content\/uploads\/2024\/11\/Imagen-de-WhatsApp-2024-11-22-a-las-15.15.55_e52b8b5b-768x799.jpg 768w, https:\/\/riograndezac.gob.mx\/informatica\/wp-content\/uploads\/2024\/11\/Imagen-de-WhatsApp-2024-11-22-a-las-15.15.55_e52b8b5b.jpg 864w\" sizes=\"auto, (max-width: 807px) 100vw, 807px\" \/><\/figure>\n\n\n\n<figure class=\"wp-block-image size-large\"><img loading=\"lazy\" decoding=\"async\" width=\"808\" height=\"779\" data-id=\"15450\" src=\"https:\/\/riograndezac.gob.mx\/informatica\/wp-content\/uploads\/2024\/11\/Imagen-de-WhatsApp-2024-11-22-a-las-15.15.54_3ed4caab.jpg\" alt=\"\" class=\"wp-image-15450\" srcset=\"https:\/\/riograndezac.gob.mx\/informatica\/wp-content\/uploads\/2024\/11\/Imagen-de-WhatsApp-2024-11-22-a-las-15.15.54_3ed4caab.jpg 808w, https:\/\/riograndezac.gob.mx\/informatica\/wp-content\/uploads\/2024\/11\/Imagen-de-WhatsApp-2024-11-22-a-las-15.15.54_3ed4caab-379x365.jpg 379w, https:\/\/riograndezac.gob.mx\/informatica\/wp-content\/uploads\/2024\/11\/Imagen-de-WhatsApp-2024-11-22-a-las-15.15.54_3ed4caab-768x740.jpg 768w\" sizes=\"auto, (max-width: 808px) 100vw, 808px\" \/><\/figure>\n\n\n\n<figure class=\"wp-block-image size-large\"><img loading=\"lazy\" decoding=\"async\" width=\"807\" height=\"819\" data-id=\"15449\" src=\"https:\/\/riograndezac.gob.mx\/informatica\/wp-content\/uploads\/2024\/11\/Imagen-de-WhatsApp-2024-11-22-a-las-15.15.55_c44ca985.jpg\" alt=\"\" class=\"wp-image-15449\" srcset=\"https:\/\/riograndezac.gob.mx\/informatica\/wp-content\/uploads\/2024\/11\/Imagen-de-WhatsApp-2024-11-22-a-las-15.15.55_c44ca985.jpg 807w, https:\/\/riograndezac.gob.mx\/informatica\/wp-content\/uploads\/2024\/11\/Imagen-de-WhatsApp-2024-11-22-a-las-15.15.55_c44ca985-360x365.jpg 360w, https:\/\/riograndezac.gob.mx\/informatica\/wp-content\/uploads\/2024\/11\/Imagen-de-WhatsApp-2024-11-22-a-las-15.15.55_c44ca985-768x779.jpg 768w\" sizes=\"auto, (max-width: 807px) 100vw, 807px\" \/><\/figure>\n<\/figure>\n\n\n\n<p>R\u00edo Grande, Zacatecas. &#8211; En un acto de compromiso y solidaridad, el Gobierno Municipal de R\u00edo Grande, encabezado por el presidente Mario C\u00f3rdova Longoria, a trav\u00e9s del Sistema Municipal DIF dirigido por Mart\u00edn Badillo Rodr\u00edguez, realiz\u00f3 la entrega de diversos aparatos funcionales como sillas de ruedas, andaderas y aparatos auditivos, con el objetivo de dignificar la calidad de vida de las personas en situaci\u00f3n de vulnerabilidad.<\/p>\n\n\n\n<p>En seguimiento a la indicaci\u00f3n del alcalde, el DIF Municipal trabaj\u00f3 en coordinaci\u00f3n con el departamento de inclusi\u00f3n para actualizar y dar seguimiento al padr\u00f3n de beneficiarios, priorizando a quienes m\u00e1s lo necesitan. En esta ocasi\u00f3n, se entregaron 12 sillas de ruedas nuevas, 2 andaderas y se gestionaron 18 aparatos auditivos que beneficiar\u00e1n a 13 personas del municipio, en colaboraci\u00f3n con la asociaci\u00f3n civil Con los Ojos del Alma.<\/p>\n\n\n\n<p>El evento cont\u00f3 con el apoyo del DIF Estatal, representado por Deisy Padilla, en nombre de Sara Hern\u00e1ndez de Monreal, quien destac\u00f3 la importancia de programas como este para el desarrollo integral de las comunidades.<\/p>\n\n\n\n<p>\u201cEs prioridad de esta administraci\u00f3n garantizar que los apoyos lleguen a todas las comunidades de nuestro municipio. Las puertas del SMDIF est\u00e1n abiertas para atender e incluir a nuevas personas que realmente necesiten este tipo de apoyos. Continuaremos trabajando de la mano con las diferentes instancias para ampliar estos beneficios\u201d, expres\u00f3 Mart\u00edn Badillo Rodr\u00edguez.<\/p>\n\n\n\n<p>Con estas acciones, el Gobierno Municipal de R\u00edo Grande reafirma su compromiso de trabajar por el bienestar de la ciudadan\u00eda, especialmente de quienes m\u00e1s lo necesitan, con el prop\u00f3sito de construir un municipio m\u00e1s inclusivo y solidario.<\/p>\n","protected":false},"excerpt":{"rendered":"<p>R\u00edo Grande, Zacatecas. &#8211; En un acto de compromiso y solidaridad, el Gobierno Municipal de R\u00edo Grande, encabezado por el presidente Mario C\u00f3rdova Longoria, a trav\u00e9s del Sistema Municipal DIF dirigido por Mart\u00edn Badillo Rodr\u00edguez, realiz\u00f3 la entrega de diversos aparatos funcionales como sillas de ruedas, andaderas y aparatos auditivos, con el objetivo de dignificar la calidad de vida de las personas en situaci\u00f3n de vulnerabilidad. En seguimiento a la indicaci\u00f3n del alcalde, el DIF Municipal trabaj\u00f3 en coordinaci\u00f3n con el departamento de inclusi\u00f3n para actualizar y dar seguimiento al&hellip;<\/p>\n","protected":false},"author":1,"featured_media":15448,"comment_status":"closed","ping_status":"closed","sticky":false,"template":"","format":"standard","meta":{"_monsterinsights_skip_tracking":false,"_monsterinsights_sitenote_active":false,"_monsterinsights_sitenote_note":"","_monsterinsights_sitenote_category":0,"footnotes":""},"categories":[159],"tags":[161,162],"class_list":["post-15447","post","type-post","status-publish","format-standard","has-post-thumbnail","hentry","category-administracion24-27","tag-comunicacion-social-24-27","tag-gobierno-de-rio-grande-2024-2027"],"jetpack_featured_media_url":"https:\/\/riograndezac.gob.mx\/informatica\/wp-content\/uploads\/2024\/11\/Imagen-de-WhatsApp-2024-11-22-a-las-15.15.54_1bd82b67.jpg","_links":{"self":[{"href":"https:\/\/riograndezac.gob.mx\/informatica\/index.php?rest_route=\/wp\/v2\/posts\/15447","targetHints":{"allow":["GET"]}}],"collection":[{"href":"https:\/\/riograndezac.gob.mx\/informatica\/index.php?rest_route=\/wp\/v2\/posts"}],"about":[{"href":"https:\/\/riograndezac.gob.mx\/informatica\/index.php?rest_route=\/wp\/v2\/types\/post"}],"author":[{"embeddable":true,"href":"https:\/\/riograndezac.gob.mx\/informatica\/index.php?rest_route=\/wp\/v2\/users\/1"}],"replies":[{"embeddable":true,"href":"https:\/\/riograndezac.gob.mx\/informatica\/index.php?rest_route=%2Fwp%2Fv2%2Fcomments&post=15447"}],"version-history":[{"count":2,"href":"https:\/\/riograndezac.gob.mx\/informatica\/index.php?rest_route=\/wp\/v2\/posts\/15447\/revisions"}],"predecessor-version":[{"id":15453,"href":"https:\/\/riograndezac.gob.mx\/informatica\/index.php?rest_route=\/wp\/v2\/posts\/15447\/revisions\/15453"}],"wp:featuredmedia":[{"embeddable":true,"href":"https:\/\/riograndezac.gob.mx\/informatica\/index.php?rest_route=\/wp\/v2\/media\/15448"}],"wp:attachment":[{"href":"https:\/\/riograndezac.gob.mx\/informatica\/index.php?rest_route=%2Fwp%2Fv2%2Fmedia&parent=15447"}],"wp:term":[{"taxonomy":"category","embeddable":true,"href":"https:\/\/riograndezac.gob.mx\/informatica\/index.php?rest_route=%2Fwp%2Fv2%2Fcategories&post=15447"},{"taxonomy":"post_tag","embeddable":true,"href":"https:\/\/riograndezac.gob.mx\/informatica\/index.php?rest_route=%2Fwp%2Fv2%2Ftags&post=15447"}],"curies":[{"name":"wp","href":"https:\/\/api.w.org\/{rel}","templated":true}]}}