{"id":1546,"date":"2015-10-14T18:01:51","date_gmt":"2015-10-14T18:01:51","guid":{"rendered":"http:\/\/riograndezac.gob.mx\/informatica\/?p=1546"},"modified":"2015-10-14T18:01:51","modified_gmt":"2015-10-14T18:01:51","slug":"con-los-honores-a-la-bandera-se-llevo-a-cabo-la-conmemoracion-del-descubrimiento-de-america-con-la-participacion-del-centro-de-atencion-multiple-maria-montessori-y-el-gobierno-mun","status":"publish","type":"post","link":"https:\/\/riograndezac.gob.mx\/informatica\/?p=1546","title":{"rendered":"Con los Honores a la Bandera, se llev\u00f3 a cabo la conmemoraci\u00f3n del Descubrimiento de Am\u00e9rica, con la participaci\u00f3n del Centro de Atenci\u00f3n M\u00faltiple \u201cMar\u00eda Montessori\u201d, y el gobierno municipal encabezado por Constantino Casta\u00f1eda Mu\u00f1oz."},"content":{"rendered":"<p>&nbsp;<\/p>\n<p><a href=\"https:\/\/riograndezac.gob.mx\/informatica\/wp-content\/uploads\/2015\/10\/raza-1.jpg\"><img loading=\"lazy\" decoding=\"async\" class=\"aligncenter size-full wp-image-1547\" src=\"https:\/\/riograndezac.gob.mx\/informatica\/wp-content\/uploads\/2015\/10\/raza-1.jpg\" alt=\"raza (1)\" width=\"700\" height=\"529\" srcset=\"https:\/\/riograndezac.gob.mx\/informatica\/wp-content\/uploads\/2015\/10\/raza-1.jpg 700w, https:\/\/riograndezac.gob.mx\/informatica\/wp-content\/uploads\/2015\/10\/raza-1-300x227.jpg 300w, https:\/\/riograndezac.gob.mx\/informatica\/wp-content\/uploads\/2015\/10\/raza-1-24x18.jpg 24w, https:\/\/riograndezac.gob.mx\/informatica\/wp-content\/uploads\/2015\/10\/raza-1-36x27.jpg 36w, https:\/\/riograndezac.gob.mx\/informatica\/wp-content\/uploads\/2015\/10\/raza-1-48x36.jpg 48w\" sizes=\"auto, (max-width: 700px) 100vw, 700px\" \/><\/a><\/p>\n<p>&nbsp;<\/p>\n<p>El Alcalde, reconoci\u00f3 la noble labor que realizan los maestros del Instituto, \u201cpues a menudo escuchamos comentarios sobre la p\u00e9rdida de los valores patrios, pero si bien es cierto, la educaci\u00f3n comienza en el hogar, la escuela tiene un papel importante para afianzar estos valores, mi reconocimiento a los padres y educadores pues debemos trabajar en equipo para inculcar de manera natural las tradiciones que han sido transmitidas por nuestros ancestros de generaci\u00f3n a generaci\u00f3n\u201d.<\/p>\n<p>&nbsp;<\/p>\n<p>\u201cNuestro respeto y admiraci\u00f3n tambi\u00e9n a estos alumnos, pues la importancia de inculcar en ellos el amor hacia nuestra patria, reconocer el esfuerzo de los maestros que con su dedicaci\u00f3n y paciencia echan mano de sus recursos para\u00a0 involucrar a los alumnos en la participaci\u00f3n de nuestras fechas patri\u00f3ticas, as\u00ed como realizar lecturas sobre nuestra historia, conversar sobre nuestros h\u00e9roes nacionales y de m\u00e1s actividades que no hay duda que son para su beneficio, hoy al conmemorar los 523 a\u00f1os del descubrimiento de Am\u00e9rica\u201d, mencion\u00f3.<\/p>\n<p>&nbsp;<\/p>\n<p>\u201cEl Centro de Atenci\u00f3n, Mar\u00eda Montessori ha servido adem\u00e1s para ense\u00f1ar a la sociedad riograndense la importancia de la inclusi\u00f3n y el desarrollo pleno con las personas con discapacidad, ya sea f\u00edsica intelectual o motriz, el d\u00eda de hoy realizamos los honores a la bandera porque es importante fomentar los principios como el respeto y el amor a nuestros s\u00edmbolos patrios\u201d, destac\u00f3.<\/p>\n<p>&nbsp;<\/p>\n<p>\u201cDel mismo modo quiero reconocer el trabajo de todos y cada uno de los que forman parte de esta administraci\u00f3n, pues pedirles que en estos \u00faltimos meses, aprovechemos al m\u00e1ximo primero que nada la oportunidad de estar aqu\u00ed como servidores p\u00fablicos, y en seguida pedirles que multipliquemos el esfuerzo y el compromiso por sacar adelante al municipio, al final la ciudadan\u00eda habr\u00e1 de calificar nuestro desempe\u00f1o y es por ello que debemos corresponder de la mejor manera, pues debemos de cerrar con mucha fuerza\u201d, refiri\u00f3.<\/p>\n","protected":false},"excerpt":{"rendered":"<p>El Centro de Atenci\u00f3n, Mar\u00eda Montessori ha servido adem\u00e1s para ense\u00f1ar a la sociedad riograndense la importancia de la inclusi\u00f3n y el desarrollo pleno con las personas con discapacidad, ya sea f\u00edsica intelectual o motriz<\/p>\n","protected":false},"author":1,"featured_media":1547,"comment_status":"closed","ping_status":"closed","sticky":false,"template":"","format":"standard","meta":{"_monsterinsights_skip_tracking":false,"_monsterinsights_sitenote_active":false,"_monsterinsights_sitenote_note":"","_monsterinsights_sitenote_category":0,"footnotes":""},"categories":[5],"tags":[18],"class_list":["post-1546","post","type-post","status-publish","format-standard","has-post-thumbnail","hentry","category-destacados","tag-gobierno-municipal-rio-grande"],"jetpack_featured_media_url":"https:\/\/riograndezac.gob.mx\/informatica\/wp-content\/uploads\/2015\/10\/raza-1.jpg","_links":{"self":[{"href":"https:\/\/riograndezac.gob.mx\/informatica\/index.php?rest_route=\/wp\/v2\/posts\/1546","targetHints":{"allow":["GET"]}}],"collection":[{"href":"https:\/\/riograndezac.gob.mx\/informatica\/index.php?rest_route=\/wp\/v2\/posts"}],"about":[{"href":"https:\/\/riograndezac.gob.mx\/informatica\/index.php?rest_route=\/wp\/v2\/types\/post"}],"author":[{"embeddable":true,"href":"https:\/\/riograndezac.gob.mx\/informatica\/index.php?rest_route=\/wp\/v2\/users\/1"}],"replies":[{"embeddable":true,"href":"https:\/\/riograndezac.gob.mx\/informatica\/index.php?rest_route=%2Fwp%2Fv2%2Fcomments&post=1546"}],"version-history":[{"count":1,"href":"https:\/\/riograndezac.gob.mx\/informatica\/index.php?rest_route=\/wp\/v2\/posts\/1546\/revisions"}],"predecessor-version":[{"id":1548,"href":"https:\/\/riograndezac.gob.mx\/informatica\/index.php?rest_route=\/wp\/v2\/posts\/1546\/revisions\/1548"}],"wp:featuredmedia":[{"embeddable":true,"href":"https:\/\/riograndezac.gob.mx\/informatica\/index.php?rest_route=\/wp\/v2\/media\/1547"}],"wp:attachment":[{"href":"https:\/\/riograndezac.gob.mx\/informatica\/index.php?rest_route=%2Fwp%2Fv2%2Fmedia&parent=1546"}],"wp:term":[{"taxonomy":"category","embeddable":true,"href":"https:\/\/riograndezac.gob.mx\/informatica\/index.php?rest_route=%2Fwp%2Fv2%2Fcategories&post=1546"},{"taxonomy":"post_tag","embeddable":true,"href":"https:\/\/riograndezac.gob.mx\/informatica\/index.php?rest_route=%2Fwp%2Fv2%2Ftags&post=1546"}],"curies":[{"name":"wp","href":"https:\/\/api.w.org\/{rel}","templated":true}]}}