{"id":1550,"date":"2015-10-14T18:07:18","date_gmt":"2015-10-14T18:07:18","guid":{"rendered":"http:\/\/riograndezac.gob.mx\/informatica\/?p=1550"},"modified":"2015-10-25T05:28:30","modified_gmt":"2015-10-25T05:28:30","slug":"han-valido-la-pena-las-gestiones-que-hacemos-en-la-ciudad-de-mexico-apostandole-al-desarrollo-de-rio-grande-por-lo-que-recuperamos-los-20-millones-de-pesos-etiquetados-para-los-bulevares-de-la-casa","status":"publish","type":"post","link":"https:\/\/riograndezac.gob.mx\/informatica\/?p=1550","title":{"rendered":"Han valido la pena las gestiones que hacemos en la ciudad de M\u00e9xico, apost\u00e1ndole al desarrollo de R\u00edo Grande, por lo que recuperamos los 20 millones de pesos etiquetados para los bulevares de la Casa de Justicia al Entronque de los Ram\u00edrez"},"content":{"rendered":"<p><a href=\"https:\/\/riograndezac.gob.mx\/informatica\/wp-content\/uploads\/2015\/10\/presidente-1.png\"><img loading=\"lazy\" decoding=\"async\" class=\"aligncenter size-full wp-image-1551\" src=\"https:\/\/riograndezac.gob.mx\/informatica\/wp-content\/uploads\/2015\/10\/presidente-1.png\" alt=\"presidente (1)\" width=\"700\" height=\"584\" srcset=\"https:\/\/riograndezac.gob.mx\/informatica\/wp-content\/uploads\/2015\/10\/presidente-1.png 700w, https:\/\/riograndezac.gob.mx\/informatica\/wp-content\/uploads\/2015\/10\/presidente-1-300x250.png 300w, https:\/\/riograndezac.gob.mx\/informatica\/wp-content\/uploads\/2015\/10\/presidente-1-24x20.png 24w, https:\/\/riograndezac.gob.mx\/informatica\/wp-content\/uploads\/2015\/10\/presidente-1-36x30.png 36w, https:\/\/riograndezac.gob.mx\/informatica\/wp-content\/uploads\/2015\/10\/presidente-1-48x40.png 48w\" sizes=\"auto, (max-width: 700px) 100vw, 700px\" \/><\/a><\/p>\n<p>\u201cHan valido la pena las gestiones que hacemos en la ciudad de M\u00e9xico, apost\u00e1ndole al desarrollo de R\u00edo Grande, por lo que recuperamos los 20 millones de pesos etiquetados para los bulevares de la Casa de Justicia al Entronque de los Ram\u00edrez, adem\u00e1s de que aseguramos otras gestiones como la de los 30 millones para concluir la obra de la ESGIMA, 1 mill\u00f3n de pesos para el Mercado Hidalgo, y 2 millones para el bulevar Maestros Ilustres, vamos a cerrar muy fuerte este \u00faltimo a\u00f1o de trabajo de la Administraci\u00f3n\u201d, dio a conocer el alcalde Constantino Casta\u00f1eda Mu\u00f1oz.<\/p>\n<p>&nbsp;<\/p>\n<p>El primer mandatario riograndense, se\u00f1al\u00f3 que \u201ces importante informar a la ciudadan\u00eda sobre los logros de algunas gestiones que hemos realizado en la ciudad de M\u00e9xico, concretamente en el tema de los bulevares pues con mucha preocupaci\u00f3n anteriormente se nos hab\u00eda dado a conocer por parte de la Secretar\u00eda de Comunicaciones y Transportes de Zacatecas, que la Secretar\u00eda de Hacienda y Cr\u00e9dito P\u00fablico, hab\u00eda recogido el recurso de los 20 millones para la ampliaci\u00f3n de los Bulevares\u201d.<\/p>\n<p>&nbsp;<\/p>\n<p>Describi\u00f3 que \u201cnosotros, le pedimos al Gobernador Miguel Alonso Reyes y algunos funcionarios que nos apoyaran puesto que \u00edbamos a luchar con todas las ganas para recuperar el recurso, por lo que en una reuni\u00f3n con varios presidentes municipales donde estuvo presente la diputada Claudia Anaya, decidi\u00f3 respaldarnos al hacer suyo este proyecto y en d\u00edas pasados nos inform\u00f3 que efectivamente, se recuper\u00f3 el recurso\u201d.<\/p>\n<p>&nbsp;<\/p>\n<p>Casta\u00f1eda Mu\u00f1oz, a\u00f1adi\u00f3 que \u201ces necesario informar que este recurso ahora forma parte de otro programa que no entra en los de la SCT, sino de la Secretar\u00eda de Infraestructura de Gobierno del Estado, gracias a que la diputada Claudia Anaya se comprometi\u00f3 a verlo personalmente, logr\u00e1ndose pues recuperar este recurso que habr\u00e1 de traer mucho beneficio a la ciudadan\u00eda\u201d.<\/p>\n<p>&nbsp;<\/p>\n<p>\u201cAhora, debemos entregar el anteproyecto, donde afortunadamente no hubo incongruencia alguna con la propuesta, hemos visitado en la ciudad de M\u00e9xico a mas diputados federales como Roc\u00edo Nahle y traemos buenas expectativas para nuestra gente, no solo en este tema sino en m\u00e1s propuestas que habremos de contemplar en el nuevo presupuesto que est\u00e1 por aprobarse en el congreso local\u201d, inform\u00f3.<\/p>\n<p>&nbsp;<\/p>\n<p>\u201cPor otra parte est\u00e1 el tema de las instituciones educativas que se habr\u00e1n de terminar de reubicar, es el caso de la ESGIMA y el Jard\u00edn de Ni\u00f1os\u00a0 Eva S\u00e1mano, donde evidentemente hay un retraso en la aplicaci\u00f3n de los recursos, informarles que en una reuni\u00f3n con el subcomit\u00e9 del FONDEN se acord\u00f3 que para el pr\u00f3ximo mes de diciembre se habr\u00e1 de terminar en su totalidad las instalaciones del jard\u00edn de ni\u00f1os a la par que gestionamos la cantidad de 30 millones de pesos para finalizar con la obra de la ESGIMA\u201d, refiri\u00f3.<\/p>\n<p>&nbsp;<\/p>\n<p>\u201cPor lo que a nosotros respecta, el acceso a las instituciones, los servicios b\u00e1sicos como agua potable y alcantarillado, alumbrado, el campo de futbol, el domo y los camiones pr\u00e1cticamente no hay problema para cumplir, por lo que se ha contemplado que en el mes de enero el jard\u00edn de ni\u00f1os entre en funci\u00f3n en sus nuevas instalaciones, en cuanto al equipamiento con la ESGIMA, el compromiso es que hasta que est\u00e9 en su totalidad podr\u00e1 funcionar dado que se ha comprometido a que sean escuelas de calidad y vanguardistas que sirvan para la poblaci\u00f3n, en especial a la comunidad estudiantil\u201d, extern\u00f3.<\/p>\n<p>&nbsp;<\/p>\n<p>En este tema, indic\u00f3 que \u201chicimos la solicitud de donaci\u00f3n a la Secretar\u00eda de Educaci\u00f3n, sobre el terreno de la actual secundaria ESGIMA, pues las reglas del FONDEN son muy claras, se tendr\u00e1 que demoler, aunque no depende de nosotros, y ver lo que se puede hacer en este lugar\u201d.<\/p>\n<p>\u201cEn otros temas, hemos iniciado las gestiones ante la SEDATU y la SEZAC para un proyecto por m\u00e1s de 2 millones de pesos para la cinta asf\u00e1ltica y el mantenimiento integral para una de las alcantarillas que provoca el encharcamiento y la formaci\u00f3n de baches en el bulevar Maestros Ilustres, por otra parte, de igual manera con los locatarios del mercado Hidalgo con una obra de 1 mill\u00f3n de pesos para la colocaci\u00f3n de piso, agua potable, drenaje y ba\u00f1os, pues hay que darle vida al comercio\u201d, inform\u00f3.<\/p>\n<p>&nbsp;<\/p>\n<p>Casta\u00f1eda Mu\u00f1oz, agreg\u00f3 que \u201cdebo de reconocer el respaldo por parte de nuestro amigo Adolfo Bonilla titular de la Secretaria de Econom\u00eda, pues el apoyo de esta dependencia una vez entregado el proyecto es por medio mill\u00f3n de pesos, as\u00ed que en los pr\u00f3ximos d\u00edas se iniciar\u00e1 la rehabilitaci\u00f3n, incluso ya se han hecho los estudios para poder contar con un estacionamiento temporal, no solo para los usuarios del mercado sino a los comercios de alrededor\u201d.<\/p>\n<p>&nbsp;<\/p>\n<p>\u201cDe igual manera queremos hacer extensa la invitaci\u00f3n para el pr\u00f3ximo mi\u00e9rcoles nos acompa\u00f1en a recibir al gobernador Miguel Alonso Reyes que nos acompa\u00f1ar\u00e1 a la feria del empleo, adem\u00e1s de que colocar\u00e1 de manera simb\u00f3lica, la placa de la primera piedra de la ensambladora que ya cuenta con un avance del 50%\u201d, indic\u00f3.<\/p>\n","protected":false},"excerpt":{"rendered":"<p>En otros temas, hemos iniciado las gestiones ante la SEDATU y la SEZAC para un proyecto por m\u00e1s de 2 millones de pesos para la cinta asf\u00e1ltica y el mantenimiento integral para una de las alcantarillas &#8230;<\/p>\n","protected":false},"author":1,"featured_media":1551,"comment_status":"closed","ping_status":"closed","sticky":false,"template":"","format":"standard","meta":{"_monsterinsights_skip_tracking":false,"_monsterinsights_sitenote_active":false,"_monsterinsights_sitenote_note":"","_monsterinsights_sitenote_category":0,"footnotes":""},"categories":[8],"tags":[12,18],"class_list":["post-1550","post","type-post","status-publish","format-standard","has-post-thumbnail","hentry","category-gobierno-municipal-rio-grande-zacatecas","tag-comunicacion-social","tag-gobierno-municipal-rio-grande"],"jetpack_featured_media_url":"https:\/\/riograndezac.gob.mx\/informatica\/wp-content\/uploads\/2015\/10\/presidente-1.png","_links":{"self":[{"href":"https:\/\/riograndezac.gob.mx\/informatica\/index.php?rest_route=\/wp\/v2\/posts\/1550","targetHints":{"allow":["GET"]}}],"collection":[{"href":"https:\/\/riograndezac.gob.mx\/informatica\/index.php?rest_route=\/wp\/v2\/posts"}],"about":[{"href":"https:\/\/riograndezac.gob.mx\/informatica\/index.php?rest_route=\/wp\/v2\/types\/post"}],"author":[{"embeddable":true,"href":"https:\/\/riograndezac.gob.mx\/informatica\/index.php?rest_route=\/wp\/v2\/users\/1"}],"replies":[{"embeddable":true,"href":"https:\/\/riograndezac.gob.mx\/informatica\/index.php?rest_route=%2Fwp%2Fv2%2Fcomments&post=1550"}],"version-history":[{"count":1,"href":"https:\/\/riograndezac.gob.mx\/informatica\/index.php?rest_route=\/wp\/v2\/posts\/1550\/revisions"}],"predecessor-version":[{"id":1552,"href":"https:\/\/riograndezac.gob.mx\/informatica\/index.php?rest_route=\/wp\/v2\/posts\/1550\/revisions\/1552"}],"wp:featuredmedia":[{"embeddable":true,"href":"https:\/\/riograndezac.gob.mx\/informatica\/index.php?rest_route=\/wp\/v2\/media\/1551"}],"wp:attachment":[{"href":"https:\/\/riograndezac.gob.mx\/informatica\/index.php?rest_route=%2Fwp%2Fv2%2Fmedia&parent=1550"}],"wp:term":[{"taxonomy":"category","embeddable":true,"href":"https:\/\/riograndezac.gob.mx\/informatica\/index.php?rest_route=%2Fwp%2Fv2%2Fcategories&post=1550"},{"taxonomy":"post_tag","embeddable":true,"href":"https:\/\/riograndezac.gob.mx\/informatica\/index.php?rest_route=%2Fwp%2Fv2%2Ftags&post=1550"}],"curies":[{"name":"wp","href":"https:\/\/api.w.org\/{rel}","templated":true}]}}