{"id":1556,"date":"2015-10-14T18:16:46","date_gmt":"2015-10-14T18:16:46","guid":{"rendered":"http:\/\/riograndezac.gob.mx\/informatica\/?p=1556"},"modified":"2015-10-14T18:16:46","modified_gmt":"2015-10-14T18:16:46","slug":"se-reunio-la-comision-edilicia-de-gobernacion-del-ayuntamiento-de-rio-grande-encabezado-por-constantino-castaneda-munoz-para-tratar-los-puntos-relativos-a-la-proxima-sesion-de-cabildo","status":"publish","type":"post","link":"https:\/\/riograndezac.gob.mx\/informatica\/?p=1556","title":{"rendered":"Se reuni\u00f3 la Comisi\u00f3n Edilicia de Gobernaci\u00f3n del Ayuntamiento de R\u00edo Grande, encabezado por Constantino Casta\u00f1eda Mu\u00f1oz, para tratar los puntos relativos a la pr\u00f3xima sesi\u00f3n de Cabildo."},"content":{"rendered":"<p><a href=\"https:\/\/riograndezac.gob.mx\/informatica\/wp-content\/uploads\/2015\/10\/Reunion.png\"><img loading=\"lazy\" decoding=\"async\" class=\"aligncenter size-full wp-image-1557\" src=\"https:\/\/riograndezac.gob.mx\/informatica\/wp-content\/uploads\/2015\/10\/Reunion.png\" alt=\"Reunion\" width=\"700\" height=\"204\" srcset=\"https:\/\/riograndezac.gob.mx\/informatica\/wp-content\/uploads\/2015\/10\/Reunion.png 700w, https:\/\/riograndezac.gob.mx\/informatica\/wp-content\/uploads\/2015\/10\/Reunion-300x87.png 300w, https:\/\/riograndezac.gob.mx\/informatica\/wp-content\/uploads\/2015\/10\/Reunion-24x7.png 24w, https:\/\/riograndezac.gob.mx\/informatica\/wp-content\/uploads\/2015\/10\/Reunion-36x10.png 36w, https:\/\/riograndezac.gob.mx\/informatica\/wp-content\/uploads\/2015\/10\/Reunion-48x14.png 48w\" sizes=\"auto, (max-width: 700px) 100vw, 700px\" \/><\/a><\/p>\n<p>&nbsp;<\/p>\n<p>&nbsp;<\/p>\n<p>Teniendo como recinto oficial la Sala de Cabildo, el secretario del Ayuntamiento Felipe de Jes\u00fas Badillo Ram\u00edrez, as\u00ed como los regidores Pedro Muro Z\u00fa\u00f1iga, Refugio Castro Esparza, Mart\u00edn Badillo Rodr\u00edguez, Gilberto Garc\u00eda Emiliano y Lorenzo Jim\u00e9nez Almanza se reunieron para analizar los distintos puntos para la pr\u00f3xima sesi\u00f3n ordinaria que le competen a esta comisi\u00f3n.<\/p>\n<p>&nbsp;<\/p>\n<p>El objetivo de realizar esta reuni\u00f3n, fue para analizar y dictaminar distintos temas que son de gran relevancia para la poblaci\u00f3n y de esta manera poder votarlos en la sesi\u00f3n ordinaria siguiente con la presencia del pleno del Cabildo, el alcalde Constantino Casta\u00f1eda Mu\u00f1oz y la s\u00edndico Ana Marianela Hern\u00e1ndez Pe\u00f1a.<\/p>\n<p>&nbsp;<\/p>\n<p>Entre los temas que se trataron, fue el relativo a los distintos reglamentos de los departamentos y direcciones de la Administraci\u00f3n,\u00a0 puesto que se busca actualizarlos, debido a que hay algunos obsoletos, debido al tiempo en el que fueron emitidos, y de esta\u00a0 puedan cumplir con el tiempo y espacio de acuerdo al derecho.<\/p>\n<p>&nbsp;<\/p>\n<p>En este sentido, los regidores integrantes de la comisi\u00f3n edilicia de Gobernaci\u00f3n, solicitaron la participaci\u00f3n del titular de la Oficial\u00eda del Registro Civil, Lu\u00eds Manuel contreras Garc\u00eda, puesto que se est\u00e1 trabajando para la actualizaci\u00f3n del Reglamento Interno del Pante\u00f3n Municipal \u201cSanta Elena\u201d.<\/p>\n<p>&nbsp;<\/p>\n<p>Para ello, se destac\u00f3 durante la sesi\u00f3n, que es necesario saber los antecedentes legales en cuanto al tema se tratan, as\u00ed como el estado que guarda actualmente el Pante\u00f3n Municipal, puesto que en algunos a\u00f1os, el lugar estar\u00e1 llegando a su m\u00e1xima capacidad.<\/p>\n<p>&nbsp;<\/p>\n<p>Indicaron que se seguir\u00e1 trabajando en este tema, para poder reglamentar este edificio, adem\u00e1s de que se revisar\u00e1n otros reglamentos para su actualizaci\u00f3n, as\u00ed como la creaci\u00f3n de los que son urgentes y necesarios para el correcto funcionamiento de la Administraci\u00f3n Municipal.<\/p>\n","protected":false},"excerpt":{"rendered":"<p>El objetivo de realizar esta reuni\u00f3n, fue para analizar y dictaminar distintos temas que son de gran relevancia para la poblaci\u00f3n y de esta manera poder votarlos en la sesi\u00f3n ordinaria siguiente con la presencia del pleno del Cabildo<\/p>\n","protected":false},"author":1,"featured_media":1557,"comment_status":"closed","ping_status":"closed","sticky":false,"template":"","format":"standard","meta":{"_monsterinsights_skip_tracking":false,"_monsterinsights_sitenote_active":false,"_monsterinsights_sitenote_note":"","_monsterinsights_sitenote_category":0,"footnotes":""},"categories":[4],"tags":[12,18],"class_list":["post-1556","post","type-post","status-publish","format-standard","has-post-thumbnail","hentry","category-boletines","tag-comunicacion-social","tag-gobierno-municipal-rio-grande"],"jetpack_featured_media_url":"https:\/\/riograndezac.gob.mx\/informatica\/wp-content\/uploads\/2015\/10\/Reunion.png","_links":{"self":[{"href":"https:\/\/riograndezac.gob.mx\/informatica\/index.php?rest_route=\/wp\/v2\/posts\/1556","targetHints":{"allow":["GET"]}}],"collection":[{"href":"https:\/\/riograndezac.gob.mx\/informatica\/index.php?rest_route=\/wp\/v2\/posts"}],"about":[{"href":"https:\/\/riograndezac.gob.mx\/informatica\/index.php?rest_route=\/wp\/v2\/types\/post"}],"author":[{"embeddable":true,"href":"https:\/\/riograndezac.gob.mx\/informatica\/index.php?rest_route=\/wp\/v2\/users\/1"}],"replies":[{"embeddable":true,"href":"https:\/\/riograndezac.gob.mx\/informatica\/index.php?rest_route=%2Fwp%2Fv2%2Fcomments&post=1556"}],"version-history":[{"count":1,"href":"https:\/\/riograndezac.gob.mx\/informatica\/index.php?rest_route=\/wp\/v2\/posts\/1556\/revisions"}],"predecessor-version":[{"id":1558,"href":"https:\/\/riograndezac.gob.mx\/informatica\/index.php?rest_route=\/wp\/v2\/posts\/1556\/revisions\/1558"}],"wp:featuredmedia":[{"embeddable":true,"href":"https:\/\/riograndezac.gob.mx\/informatica\/index.php?rest_route=\/wp\/v2\/media\/1557"}],"wp:attachment":[{"href":"https:\/\/riograndezac.gob.mx\/informatica\/index.php?rest_route=%2Fwp%2Fv2%2Fmedia&parent=1556"}],"wp:term":[{"taxonomy":"category","embeddable":true,"href":"https:\/\/riograndezac.gob.mx\/informatica\/index.php?rest_route=%2Fwp%2Fv2%2Fcategories&post=1556"},{"taxonomy":"post_tag","embeddable":true,"href":"https:\/\/riograndezac.gob.mx\/informatica\/index.php?rest_route=%2Fwp%2Fv2%2Ftags&post=1556"}],"curies":[{"name":"wp","href":"https:\/\/api.w.org\/{rel}","templated":true}]}}