{"id":15847,"date":"2025-01-29T13:46:25","date_gmt":"2025-01-29T19:46:25","guid":{"rendered":"https:\/\/riograndezac.gob.mx\/informatica\/?p=15847"},"modified":"2025-01-29T13:46:26","modified_gmt":"2025-01-29T19:46:26","slug":"gestiona-gobierno-de-rio-grande-atencion-oftalmologica","status":"publish","type":"post","link":"https:\/\/riograndezac.gob.mx\/informatica\/?p=15847","title":{"rendered":"GESTIONA GOBIERNO DE R\u00cdO GRANDE ATENCI\u00d3N OFTALMOL\u00d3GICA"},"content":{"rendered":"\n<figure class=\"wp-block-gallery has-nested-images columns-default is-cropped wp-block-gallery-1 is-layout-flex wp-block-gallery-is-layout-flex\">\n<figure class=\"wp-block-image size-large\"><img loading=\"lazy\" decoding=\"async\" width=\"840\" height=\"840\" data-id=\"15848\" src=\"https:\/\/riograndezac.gob.mx\/informatica\/wp-content\/uploads\/2025\/01\/Imagen-de-WhatsApp-2025-01-29-a-las-13.42.31_b1bd28ec-840x840.jpg\" alt=\"\" class=\"wp-image-15848\" srcset=\"https:\/\/riograndezac.gob.mx\/informatica\/wp-content\/uploads\/2025\/01\/Imagen-de-WhatsApp-2025-01-29-a-las-13.42.31_b1bd28ec-840x840.jpg 840w, https:\/\/riograndezac.gob.mx\/informatica\/wp-content\/uploads\/2025\/01\/Imagen-de-WhatsApp-2025-01-29-a-las-13.42.31_b1bd28ec-365x365.jpg 365w, https:\/\/riograndezac.gob.mx\/informatica\/wp-content\/uploads\/2025\/01\/Imagen-de-WhatsApp-2025-01-29-a-las-13.42.31_b1bd28ec-768x768.jpg 768w, https:\/\/riograndezac.gob.mx\/informatica\/wp-content\/uploads\/2025\/01\/Imagen-de-WhatsApp-2025-01-29-a-las-13.42.31_b1bd28ec-1536x1536.jpg 1536w, https:\/\/riograndezac.gob.mx\/informatica\/wp-content\/uploads\/2025\/01\/Imagen-de-WhatsApp-2025-01-29-a-las-13.42.31_b1bd28ec.jpg 1600w\" sizes=\"auto, (max-width: 840px) 100vw, 840px\" \/><\/figure>\n\n\n\n<figure class=\"wp-block-image size-large\"><img loading=\"lazy\" decoding=\"async\" width=\"840\" height=\"840\" data-id=\"15850\" src=\"https:\/\/riograndezac.gob.mx\/informatica\/wp-content\/uploads\/2025\/01\/Imagen-de-WhatsApp-2025-01-29-a-las-13.42.31_250b7243-840x840.jpg\" alt=\"\" class=\"wp-image-15850\" srcset=\"https:\/\/riograndezac.gob.mx\/informatica\/wp-content\/uploads\/2025\/01\/Imagen-de-WhatsApp-2025-01-29-a-las-13.42.31_250b7243-840x840.jpg 840w, https:\/\/riograndezac.gob.mx\/informatica\/wp-content\/uploads\/2025\/01\/Imagen-de-WhatsApp-2025-01-29-a-las-13.42.31_250b7243-365x365.jpg 365w, https:\/\/riograndezac.gob.mx\/informatica\/wp-content\/uploads\/2025\/01\/Imagen-de-WhatsApp-2025-01-29-a-las-13.42.31_250b7243-768x768.jpg 768w, https:\/\/riograndezac.gob.mx\/informatica\/wp-content\/uploads\/2025\/01\/Imagen-de-WhatsApp-2025-01-29-a-las-13.42.31_250b7243-1536x1536.jpg 1536w, https:\/\/riograndezac.gob.mx\/informatica\/wp-content\/uploads\/2025\/01\/Imagen-de-WhatsApp-2025-01-29-a-las-13.42.31_250b7243.jpg 1600w\" sizes=\"auto, (max-width: 840px) 100vw, 840px\" \/><\/figure>\n<\/figure>\n\n\n\n<p>R\u00edo Grande, Zac. &#8211; A trav\u00e9s de las gestiones de la Direcci\u00f3n de Desarrollo Econ\u00f3mico y Social, se logr\u00f3 la atenci\u00f3n de 42 personas con problemas en la vista por medio de una campa\u00f1a de salud visual.<\/p>\n\n\n\n<p>J Merced Zapata Zavala, titular de la direcci\u00f3n en menci\u00f3n, inform\u00f3 que, por indicaciones del presidente municipal, Mario C\u00f3rdova Longoria, es como se han logrado tener estos beneficios para la ciudadan\u00eda.<\/p>\n\n\n\n<p>\u201cPor medio de la vinculaci\u00f3n que se tiene con empresas, instituciones y organizaciones, estamos tratando de traer estas acciones, beneficiando sobre todo a sectores vulnerables; tal fue el caso de la atenci\u00f3n a problemas de la vista en esta ocasi\u00f3n\u201d.<\/p>\n\n\n\n<p>De igual manera, se dio a conocer que, por parte del Gobierno Municipal, se estar\u00e1 apoyando con el traslado para quienes, por medio de los estudios ralizados, resultaron con la necesidad de ser intervenidos quir\u00fargicamente.<\/p>\n\n\n\n<p>Para finalizar, Edgar Macias Lemus, encargado de la Subdirecci\u00f3n de Desarrollo Econ\u00f3mico, mencion\u00f3 que en pr\u00f3ximas fechas se estar\u00e1n trayendo m\u00e1s beneficios para la ciudadan\u00eda, en materia de salud, econom\u00eda y desarrollo social.<\/p>\n","protected":false},"excerpt":{"rendered":"<p>R\u00edo Grande, Zac. &#8211; A trav\u00e9s de las gestiones de la Direcci\u00f3n de Desarrollo Econ\u00f3mico y Social, se logr\u00f3 la atenci\u00f3n de 42 personas con problemas en la vista por medio de una campa\u00f1a de salud visual. J Merced Zapata Zavala, titular de la direcci\u00f3n en menci\u00f3n, inform\u00f3 que, por indicaciones del presidente municipal, Mario C\u00f3rdova Longoria, es como se han logrado tener estos beneficios para la ciudadan\u00eda. \u201cPor medio de la vinculaci\u00f3n que se tiene con empresas, instituciones y organizaciones, estamos tratando de traer estas acciones, beneficiando sobre todo&hellip;<\/p>\n","protected":false},"author":1,"featured_media":15849,"comment_status":"closed","ping_status":"closed","sticky":false,"template":"","format":"standard","meta":{"_monsterinsights_skip_tracking":false,"_monsterinsights_sitenote_active":false,"_monsterinsights_sitenote_note":"","_monsterinsights_sitenote_category":0,"footnotes":""},"categories":[159],"tags":[161,162],"class_list":["post-15847","post","type-post","status-publish","format-standard","has-post-thumbnail","hentry","category-administracion24-27","tag-comunicacion-social-24-27","tag-gobierno-de-rio-grande-2024-2027"],"jetpack_featured_media_url":"https:\/\/riograndezac.gob.mx\/informatica\/wp-content\/uploads\/2025\/01\/Imagen-de-WhatsApp-2025-01-29-a-las-13.42.30_d0eef1a7.jpg","_links":{"self":[{"href":"https:\/\/riograndezac.gob.mx\/informatica\/index.php?rest_route=\/wp\/v2\/posts\/15847","targetHints":{"allow":["GET"]}}],"collection":[{"href":"https:\/\/riograndezac.gob.mx\/informatica\/index.php?rest_route=\/wp\/v2\/posts"}],"about":[{"href":"https:\/\/riograndezac.gob.mx\/informatica\/index.php?rest_route=\/wp\/v2\/types\/post"}],"author":[{"embeddable":true,"href":"https:\/\/riograndezac.gob.mx\/informatica\/index.php?rest_route=\/wp\/v2\/users\/1"}],"replies":[{"embeddable":true,"href":"https:\/\/riograndezac.gob.mx\/informatica\/index.php?rest_route=%2Fwp%2Fv2%2Fcomments&post=15847"}],"version-history":[{"count":1,"href":"https:\/\/riograndezac.gob.mx\/informatica\/index.php?rest_route=\/wp\/v2\/posts\/15847\/revisions"}],"predecessor-version":[{"id":15851,"href":"https:\/\/riograndezac.gob.mx\/informatica\/index.php?rest_route=\/wp\/v2\/posts\/15847\/revisions\/15851"}],"wp:featuredmedia":[{"embeddable":true,"href":"https:\/\/riograndezac.gob.mx\/informatica\/index.php?rest_route=\/wp\/v2\/media\/15849"}],"wp:attachment":[{"href":"https:\/\/riograndezac.gob.mx\/informatica\/index.php?rest_route=%2Fwp%2Fv2%2Fmedia&parent=15847"}],"wp:term":[{"taxonomy":"category","embeddable":true,"href":"https:\/\/riograndezac.gob.mx\/informatica\/index.php?rest_route=%2Fwp%2Fv2%2Fcategories&post=15847"},{"taxonomy":"post_tag","embeddable":true,"href":"https:\/\/riograndezac.gob.mx\/informatica\/index.php?rest_route=%2Fwp%2Fv2%2Ftags&post=15847"}],"curies":[{"name":"wp","href":"https:\/\/api.w.org\/{rel}","templated":true}]}}