{"id":1586,"date":"2015-10-15T05:04:22","date_gmt":"2015-10-15T05:04:22","guid":{"rendered":"http:\/\/riograndezac.gob.mx\/informatica\/?p=1586"},"modified":"2015-10-25T05:33:26","modified_gmt":"2015-10-25T05:33:26","slug":"gira-gobernador","status":"publish","type":"post","link":"https:\/\/riograndezac.gob.mx\/informatica\/?p=1586","title":{"rendered":"Gira Gobernador"},"content":{"rendered":"<div id=\"metaslider-id-1572\" style=\"width: 100%; margin: 0 auto;\" class=\"ml-slider-3-103-0 metaslider metaslider-nivo metaslider-1572 ml-slider has-dots-nav ms-theme-default\" role=\"region\" aria-label=\"gira gober\" data-height=\"327\" data-width=\"500\">\n    <div id=\"metaslider_container_1572\">\n        <div class='slider-wrapper theme-default'><div class='ribbon'><\/div><div id='metaslider_1572' class='nivoSlider'><img loading=\"lazy\" decoding=\"async\" src=\"https:\/\/riograndezac.gob.mx\/informatica\/wp-content\/uploads\/2015\/10\/Agricultores.png\" height=\"327\" width=\"500\" alt=\"\" class=\"slider-1572 slide-1573 msDefaultImage\" \/><img loading=\"lazy\" decoding=\"async\" src=\"https:\/\/riograndezac.gob.mx\/informatica\/wp-content\/uploads\/2015\/10\/Alberca.png\" height=\"327\" width=\"500\" alt=\"\" class=\"slider-1572 slide-1574 msDefaultImage\" \/><img loading=\"lazy\" decoding=\"async\" src=\"https:\/\/riograndezac.gob.mx\/informatica\/wp-content\/uploads\/2015\/10\/Alberca1.png\" height=\"327\" width=\"500\" alt=\"\" class=\"slider-1572 slide-1575 msDefaultImage\" \/><img loading=\"lazy\" decoding=\"async\" src=\"https:\/\/riograndezac.gob.mx\/informatica\/wp-content\/uploads\/2015\/10\/Alberca3.png\" height=\"327\" width=\"500\" alt=\"\" class=\"slider-1572 slide-1576 msDefaultImage\" \/><img loading=\"lazy\" decoding=\"async\" src=\"https:\/\/riograndezac.gob.mx\/informatica\/wp-content\/uploads\/2015\/10\/ensambladora.png\" height=\"327\" width=\"500\" alt=\"\" class=\"slider-1572 slide-1577 msDefaultImage\" \/><img loading=\"lazy\" decoding=\"async\" src=\"https:\/\/riograndezac.gob.mx\/informatica\/wp-content\/uploads\/2015\/10\/ESCUELAS-1.png\" height=\"327\" width=\"500\" alt=\"\" class=\"slider-1572 slide-1578 msDefaultImage\" \/><img loading=\"lazy\" decoding=\"async\" src=\"https:\/\/riograndezac.gob.mx\/informatica\/wp-content\/uploads\/2015\/10\/ESCUELAS-2.png\" height=\"327\" width=\"500\" alt=\"\" class=\"slider-1572 slide-1579 msDefaultImage\" \/><img loading=\"lazy\" decoding=\"async\" src=\"https:\/\/riograndezac.gob.mx\/informatica\/wp-content\/uploads\/2015\/10\/ESCUELAS-3.png\" height=\"327\" width=\"500\" alt=\"\" class=\"slider-1572 slide-1580 msDefaultImage\" \/><img loading=\"lazy\" decoding=\"async\" src=\"https:\/\/riograndezac.gob.mx\/informatica\/wp-content\/uploads\/2015\/10\/Feria-empleo2.png\" height=\"327\" width=\"500\" alt=\"\" class=\"slider-1572 slide-1581 msDefaultImage\" \/><img loading=\"lazy\" decoding=\"async\" src=\"https:\/\/riograndezac.gob.mx\/informatica\/wp-content\/uploads\/2015\/10\/Feria-empleo6.png\" height=\"327\" width=\"500\" alt=\"\" class=\"slider-1572 slide-1582 msDefaultImage\" \/><img loading=\"lazy\" decoding=\"async\" src=\"https:\/\/riograndezac.gob.mx\/informatica\/wp-content\/uploads\/2015\/10\/Feria-empleo8.png\" height=\"327\" width=\"500\" alt=\"\" class=\"slider-1572 slide-1583 msDefaultImage\" \/><img loading=\"lazy\" decoding=\"async\" src=\"https:\/\/riograndezac.gob.mx\/informatica\/wp-content\/uploads\/2015\/10\/Feria-empleo9.png\" height=\"327\" width=\"500\" alt=\"\" class=\"slider-1572 slide-1584 msDefaultImage\" \/><img loading=\"lazy\" decoding=\"async\" src=\"https:\/\/riograndezac.gob.mx\/informatica\/wp-content\/uploads\/2015\/10\/Feria-empleo7.png\" height=\"327\" width=\"500\" alt=\"\" class=\"slider-1572 slide-1585 msDefaultImage\" \/><\/div><\/div>\n        \n    <\/div>\n<\/div>\n<p>\u201cEs de reconocerse el \u00e1nimo que se siente en R\u00edo Grande, me he encontrado con un presidente municipal, Constantino Casta\u00f1eda Mu\u00f1oz, con el \u00e1nimo del desarrollo y del empleo de su municipio y por supuesto de Zacatecas, por ello, agradezco el respaldo de mi amigo Constantino, de su Cabildo, porque juntos a lo largo de dos a\u00f1os de su gesti\u00f3n, hemos emprendido cosas juntos, hemos ido acumulando trabajo para beneficio de la cabecera y de las comunidades, les reconozco su esfuerzo, se los valoro y les refrendo mi apoyo hasta el final de ambas administraciones\u201d, se\u00f1al\u00f3 el Gobernador del Estado Miguel Alonso Reyes durante su visita a R\u00edo Grande.<\/p>\n<p>&nbsp;<\/p>\n<p><strong>OBRAS DE INFRAESTRUCTURA EN LA UNIDAD DEPORTIVA<\/strong><\/p>\n<p>&nbsp;<\/p>\n<p>Al arribo al municipio granero de M\u00e9xico, Alonso Reyes, fue recibido por el primer mandatario riograndense Constantino Casta\u00f1eda mu\u00f1oz, en la Unidad Deportiva, en donde se realiz\u00f3 la supervisi\u00f3n de la obra de la colocaci\u00f3n del pasto sint\u00e9tico en la cancha de futbol soccer, con la inversi\u00f3n de 4 millones 260 mil 452 pesos, con la gesti\u00f3n a trav\u00e9s del programa Rescate de Espacios P\u00fabicos, para la aplicaci\u00f3n de 8 mil 475 metros cuadrados de pasto, por lo que Casta\u00f1eda Mu\u00f1oz, anunci\u00f3 que \u201ccon esta obra, lograremos tambi\u00e9n el sue\u00f1o de contar en pr\u00f3ximos d\u00edas con la Escuela Municipal de iniciaci\u00f3n deportiva de Mineros de Zacatecas\u201d.<\/p>\n<p>&nbsp;<\/p>\n<p>En este sentido, el evento, estuvo acompa\u00f1ado por los integrantes del equipo orgullo de R\u00edo Grande, \u201cLos Agricultores\u201d, que pertenecen a la cuarta y quinta divisi\u00f3n del futbol profesional, puesto que al mismo tiempo el municipio es cuna de talento deportivo.<\/p>\n<p>&nbsp;<\/p>\n<p>Posteriormente, en la misma Unidad Deportiva, Alonso Reyes, Casta\u00f1eda Mu\u00f1oz, as\u00ed como Abelardo C\u00f3rdova Almanza, delegado en Zacatecas de la SEDATU, y el secretario de Econom\u00eda en el estado, Adolfo Bonilla, realizaron la inauguraci\u00f3n de la Rehabilitaci\u00f3n de la Alberca Semi-ol\u00edmpica, con un monto de inversi\u00f3n de 1 mill\u00f3n 620 mil pesos, en el mismo programa de Rescate de Espacios P\u00fablicos, con la construcci\u00f3n del domo, de vestidores, regaderas, gradas y el sistema solar para la alberca.<\/p>\n<p>&nbsp;<\/p>\n<p><strong>FERIA DEL EMPLEO<\/strong><\/p>\n<p>En este evento con la presencia de Gilberto Zapata Fraire, delegado Federal de la Secretar\u00eda del Trabajo y Previsi\u00f3n Social en Zacatecas, as\u00ed como de Mart\u00edn Gerardo Luna Tumoine, subsecretario del Servicio Nacional de Empleo de la Secretar\u00eda de Econom\u00eda, entre otros funcionarios, se realiz\u00f3 la inauguraci\u00f3n de la Sexta Feria en R\u00edo Grande.<\/p>\n<p>Durante este acto, Zapata Fraire, reconoci\u00f3 en Constantino Casta\u00f1eda, \u201cla transformaci\u00f3n en R\u00edo Grande, en desarrollo, empleo y econom\u00eda; en hora buena presidente, siga con el respaldo del gobierno federal para hacer este trabajo, puesto que le ha apostado a la creaci\u00f3n de trabajos formales y la diversificaci\u00f3n de los empleos, para beneficio de la gente de su municipio\u201d.<\/p>\n<p>Por parte del Gobernador del Estado, se inform\u00f3 que en esta feria del empleo, se ofertaron 694 vacantes con 24 empresas participantes, de ellos, 350 operarios, 336 empleados y 8 profesionistas; adem\u00e1s de entregar m\u00e1s de 3 millones 200 mil pesos, en los programas de apoyo al empleo, entre estos, el arranque de 10 proyectos del subprograma B\u00e9cate, 6 pagos de cursos de este mismo subprograma, as\u00ed como la entrega de 9 actas de donaci\u00f3n de fomento al Autoempleo.<\/p>\n<p>&nbsp;<\/p>\n<p><strong>ENSAMBLADORA<\/strong><\/p>\n<p>En el marco de la visita del Gobernador del Estado Miguel Alonso en R\u00edo Grande, junto con el alcalde Constantino Casta\u00f1eda Mu\u00f1oz, realiz\u00f3 la supervisi\u00f3n de obra en la construcci\u00f3n de la Empresa Ensambladora \u201cAutosistemas de Torre\u00f3n, ATR\u201d, as\u00ed como el banderazo de salida a la obra de acceso a la maquiladora.<\/p>\n<p>&nbsp;<\/p>\n<p>El Secretario de Econom\u00eda, Adolfo Bonilla L\u00f3pez, explic\u00f3 que para lograr dar trabajo a la poblaci\u00f3n riograndense, e invertir 70 millones de pesos en total, se trabaj\u00f3 de la mano con el municipio y con la empresa, por lo que el Ayuntamiento, adquiri\u00f3 el terreno con una superficie de 42 mil metros cuadrados, con un costo de 1 mill\u00f3n 300 mil pesos, el cu\u00e1l aport\u00f3 v\u00eda donaci\u00f3n en favor del fideicomiso, quien a su vez, lo entreg\u00f3 en comodato a la empresa automotriz, por un t\u00e9rmino de 8 a\u00f1os como m\u00ednimo, y que ya fue aprobado por la Legislatura del Estado.<\/p>\n<p>&nbsp;<\/p>\n<p>Dijo que en este lugar como parte de los compromisos se concluy\u00f3 por parte del municipio con la construcci\u00f3n del Emisor Norte en su primera etapa en la lateral del libramiento de la carretera federal n\u00famero 49, con una inversi\u00f3n de 2 millones 424 mil pesos, para una red de 1150 metros lineales de tuber\u00eda de 24 pulgadas, y 17 pozos de visita para la ensambladora, as\u00ed mismo, con una inversi\u00f3n de 458 mil 973 pesos, aportaci\u00f3n en su totalidad por la administraci\u00f3n, se construyeron casi mil metros lineales de tuber\u00eda, en el tema de la red de agua potable.<\/p>\n<p>&nbsp;<\/p>\n<p>En este evento, se dio el banderazo de salida a la construcci\u00f3n de los accesos y vialidades al terreno de la planta por un monto de 4 millones 875 mil 292 pesos.<strong><br \/>\n<\/strong><\/p>\n<p><strong>\u00a0<\/strong><\/p>\n<p><strong>ESGIMA Y JARD\u00cdN DE NI\u00d1OS EVA S\u00c1MANO DE L\u00d3PEZ MATEOS<\/strong><\/p>\n<p>Para cerrar la gira de trabajo de Alonso Reyes en R\u00edo Grande, acudieron a las nuevas instalaciones de las Escuelas ESGIMA y el preescolar Eva S\u00e1mano de L\u00f3pez Mateos, en donde se invierten 52.7 millones de pesos para la primera instituci\u00f3n y 7.7 millones para el k\u00ednder.<\/p>\n<p>&nbsp;<\/p>\n<p>En este evento, con la presencia del secretario de Infraestructura del Gobierno del Estado, Jos\u00e9 Francisco Ibarbuengoitia, as\u00ed como del Secretario de Educaci\u00f3n, Marco Vinicio Flores Ch\u00e1vez, se inform\u00f3 que la comunidad estudiantil beneficiada ser\u00e1 de 908 en la secundaria y 226 en el preescolar.<\/p>\n<p>&nbsp;<\/p>\n<p>Durante la supervisi\u00f3n, Casta\u00f1eda Mu\u00f1oz, agradeci\u00f3 el respaldo que se dio por parte del Gobernador del Estado, desde el momento de la inundaci\u00f3n, por lo que estas escuelas se tuvieron que reubicar.<\/p>\n<p>&nbsp;<\/p>\n<p>En este sentido, explic\u00f3 el presidente municipal de R\u00edo Grande, que los terrenos, fueron donados por parte del propio Gobierno del Estado, por iniciativa del Alonso Reyes, lo cual general sin duda parte de la transformaci\u00f3n del municipio.<\/p>\n<p>&nbsp;<\/p>\n<p>Por parte de SINFRA, Ibarbuengoitia Borrego, explic\u00f3 que la ESGIMA tiene un avance del 60 por ciento y el preescolar un avance del 90 por ciento; adem\u00e1s se detall\u00f3 que para concluir la obra de la secundaria, se acudir\u00e1 a la pr\u00f3xima reuni\u00f3n del FONDEN del 29 de octubre, en donde se concluir\u00e1 la gesti\u00f3n de 32 millones de pesos que hacen falta para concluir con la obra; as\u00ed mismo que por parte del municipio, va avanzando con el tema del campo deportivo de esta misma instituci\u00f3n.<\/p>\n<p>&nbsp;<\/p>\n<p>En el caso del Jard\u00edn de Ni\u00f1os, se trabajar\u00e1 en el tema del mobiliario, protecciones de ventanas y el t\u00e9rmino del cerco perimetral de ambas instituciones educativas, para que se puedan inaugurar los edificios as\u00ed como las clases en instalaciones de primer nivel.<\/p>\n<p>&nbsp;<\/p>\n","protected":false},"excerpt":{"rendered":"<p>Es de reconocerse el \u00e1nimo que se siente en R\u00edo Grande, me he encontrado con un presidente municipal, Constantino Casta\u00f1eda Mu\u00f1oz, con el \u00e1nimo del desarrollo y del empleo de su municipio y por supuesto de Zacatecas<\/p>\n","protected":false},"author":1,"featured_media":1585,"comment_status":"closed","ping_status":"closed","sticky":false,"template":"","format":"standard","meta":{"_monsterinsights_skip_tracking":false,"_monsterinsights_sitenote_active":false,"_monsterinsights_sitenote_note":"","_monsterinsights_sitenote_category":0,"footnotes":""},"categories":[8],"tags":[12,18],"class_list":["post-1586","post","type-post","status-publish","format-standard","has-post-thumbnail","hentry","category-gobierno-municipal-rio-grande-zacatecas","tag-comunicacion-social","tag-gobierno-municipal-rio-grande"],"jetpack_featured_media_url":"https:\/\/riograndezac.gob.mx\/informatica\/wp-content\/uploads\/2015\/10\/Feria-empleo7.png","_links":{"self":[{"href":"https:\/\/riograndezac.gob.mx\/informatica\/index.php?rest_route=\/wp\/v2\/posts\/1586","targetHints":{"allow":["GET"]}}],"collection":[{"href":"https:\/\/riograndezac.gob.mx\/informatica\/index.php?rest_route=\/wp\/v2\/posts"}],"about":[{"href":"https:\/\/riograndezac.gob.mx\/informatica\/index.php?rest_route=\/wp\/v2\/types\/post"}],"author":[{"embeddable":true,"href":"https:\/\/riograndezac.gob.mx\/informatica\/index.php?rest_route=\/wp\/v2\/users\/1"}],"replies":[{"embeddable":true,"href":"https:\/\/riograndezac.gob.mx\/informatica\/index.php?rest_route=%2Fwp%2Fv2%2Fcomments&post=1586"}],"version-history":[{"count":3,"href":"https:\/\/riograndezac.gob.mx\/informatica\/index.php?rest_route=\/wp\/v2\/posts\/1586\/revisions"}],"predecessor-version":[{"id":1589,"href":"https:\/\/riograndezac.gob.mx\/informatica\/index.php?rest_route=\/wp\/v2\/posts\/1586\/revisions\/1589"}],"wp:featuredmedia":[{"embeddable":true,"href":"https:\/\/riograndezac.gob.mx\/informatica\/index.php?rest_route=\/wp\/v2\/media\/1585"}],"wp:attachment":[{"href":"https:\/\/riograndezac.gob.mx\/informatica\/index.php?rest_route=%2Fwp%2Fv2%2Fmedia&parent=1586"}],"wp:term":[{"taxonomy":"category","embeddable":true,"href":"https:\/\/riograndezac.gob.mx\/informatica\/index.php?rest_route=%2Fwp%2Fv2%2Fcategories&post=1586"},{"taxonomy":"post_tag","embeddable":true,"href":"https:\/\/riograndezac.gob.mx\/informatica\/index.php?rest_route=%2Fwp%2Fv2%2Ftags&post=1586"}],"curies":[{"name":"wp","href":"https:\/\/api.w.org\/{rel}","templated":true}]}}