{"id":15891,"date":"2025-02-10T13:06:43","date_gmt":"2025-02-10T19:06:43","guid":{"rendered":"https:\/\/riograndezac.gob.mx\/informatica\/?p=15891"},"modified":"2025-02-10T13:06:44","modified_gmt":"2025-02-10T19:06:44","slug":"invitan-al-pabellon-del-dia-del-amor-y-la-amistad","status":"publish","type":"post","link":"https:\/\/riograndezac.gob.mx\/informatica\/?p=15891","title":{"rendered":"INVITAN AL \u201cPABELL\u00d3N DEL D\u00cdA DEL AMOR Y LA AMISTAD\u201d."},"content":{"rendered":"\n<p><\/p>\n\n\n\n<p>R\u00edo Grande, Zac.,- La Subdirecci\u00f3n de Desarrollo Econ\u00f3mico inform\u00f3 que del pr\u00f3ximo 12 al 14 de febrero, se realizar\u00e1 en la plaza principal el \u201cPabell\u00f3n del D\u00eda del Amor y la Amistad\u201d.<\/p>\n\n\n\n<p>Edgar Horacio Mac\u00edas Lemus, titular de la Subdirecci\u00f3n, comunic\u00f3 que esta actividad se realiza con el fin de fomentar y promover a las y los emprendedores riograndenses y de la regi\u00f3n, pero en esta ocasi\u00f3n con la tem\u00e1tica relacionada al el D\u00eda del Amor y la Amistad.<\/p>\n\n\n\n<p>Adem\u00e1s, se inform\u00f3 sobre la proyecci\u00f3n que se tiene en la Direcci\u00f3n de Desarrollo Econ\u00f3mico para este 2025, en donde se prev\u00e9 la participaci\u00f3n en las ferias regionales de empleo, as\u00ed como en los distintos eventos organizados por la administraci\u00f3n municipal para remover las distintas actividades econ\u00f3micas del municipio.<\/p>\n","protected":false},"excerpt":{"rendered":"<p>R\u00edo Grande, Zac.,- La Subdirecci\u00f3n de Desarrollo Econ\u00f3mico inform\u00f3 que del pr\u00f3ximo 12 al 14 de febrero, se realizar\u00e1 en la plaza principal el \u201cPabell\u00f3n del D\u00eda del Amor y la Amistad\u201d. Edgar Horacio Mac\u00edas Lemus, titular de la Subdirecci\u00f3n, comunic\u00f3 que esta actividad se realiza con el fin de fomentar y promover a las y los emprendedores riograndenses y de la regi\u00f3n, pero en esta ocasi\u00f3n con la tem\u00e1tica relacionada al el D\u00eda del Amor y la Amistad. Adem\u00e1s, se inform\u00f3 sobre la proyecci\u00f3n que se tiene en la&hellip;<\/p>\n","protected":false},"author":1,"featured_media":15892,"comment_status":"closed","ping_status":"closed","sticky":false,"template":"","format":"standard","meta":{"_monsterinsights_skip_tracking":false,"_monsterinsights_sitenote_active":false,"_monsterinsights_sitenote_note":"","_monsterinsights_sitenote_category":0,"footnotes":""},"categories":[160],"tags":[161,162],"class_list":["post-15891","post","type-post","status-publish","format-standard","has-post-thumbnail","hentry","category-boletines24-27","tag-comunicacion-social-24-27","tag-gobierno-de-rio-grande-2024-2027"],"jetpack_featured_media_url":"https:\/\/riograndezac.gob.mx\/informatica\/wp-content\/uploads\/2025\/02\/Imagen-de-WhatsApp-2025-02-10-a-las-11.24.22_abe7c4af.jpg","_links":{"self":[{"href":"https:\/\/riograndezac.gob.mx\/informatica\/index.php?rest_route=\/wp\/v2\/posts\/15891","targetHints":{"allow":["GET"]}}],"collection":[{"href":"https:\/\/riograndezac.gob.mx\/informatica\/index.php?rest_route=\/wp\/v2\/posts"}],"about":[{"href":"https:\/\/riograndezac.gob.mx\/informatica\/index.php?rest_route=\/wp\/v2\/types\/post"}],"author":[{"embeddable":true,"href":"https:\/\/riograndezac.gob.mx\/informatica\/index.php?rest_route=\/wp\/v2\/users\/1"}],"replies":[{"embeddable":true,"href":"https:\/\/riograndezac.gob.mx\/informatica\/index.php?rest_route=%2Fwp%2Fv2%2Fcomments&post=15891"}],"version-history":[{"count":1,"href":"https:\/\/riograndezac.gob.mx\/informatica\/index.php?rest_route=\/wp\/v2\/posts\/15891\/revisions"}],"predecessor-version":[{"id":15893,"href":"https:\/\/riograndezac.gob.mx\/informatica\/index.php?rest_route=\/wp\/v2\/posts\/15891\/revisions\/15893"}],"wp:featuredmedia":[{"embeddable":true,"href":"https:\/\/riograndezac.gob.mx\/informatica\/index.php?rest_route=\/wp\/v2\/media\/15892"}],"wp:attachment":[{"href":"https:\/\/riograndezac.gob.mx\/informatica\/index.php?rest_route=%2Fwp%2Fv2%2Fmedia&parent=15891"}],"wp:term":[{"taxonomy":"category","embeddable":true,"href":"https:\/\/riograndezac.gob.mx\/informatica\/index.php?rest_route=%2Fwp%2Fv2%2Fcategories&post=15891"},{"taxonomy":"post_tag","embeddable":true,"href":"https:\/\/riograndezac.gob.mx\/informatica\/index.php?rest_route=%2Fwp%2Fv2%2Ftags&post=15891"}],"curies":[{"name":"wp","href":"https:\/\/api.w.org\/{rel}","templated":true}]}}