{"id":15894,"date":"2025-02-10T16:38:11","date_gmt":"2025-02-10T22:38:11","guid":{"rendered":"https:\/\/riograndezac.gob.mx\/informatica\/?p=15894"},"modified":"2025-02-10T16:38:15","modified_gmt":"2025-02-10T22:38:15","slug":"entregan-comedor-en-la-escuela-francisco-villa-en-colonia-la-cuesta","status":"publish","type":"post","link":"https:\/\/riograndezac.gob.mx\/informatica\/?p=15894","title":{"rendered":"ENTREGAN COMEDOR EN LA ESCUELA FRANCISCO VILLA EN COLONIA LA CUESTA"},"content":{"rendered":"\n<figure class=\"wp-block-gallery has-nested-images columns-default is-cropped wp-block-gallery-1 is-layout-flex wp-block-gallery-is-layout-flex\">\n<figure class=\"wp-block-image size-large\"><img loading=\"lazy\" decoding=\"async\" width=\"840\" height=\"473\" data-id=\"15896\" src=\"https:\/\/riograndezac.gob.mx\/informatica\/wp-content\/uploads\/2025\/02\/Imagen-de-WhatsApp-2025-02-10-a-las-16.26.58_9773dae8-840x473.jpg\" alt=\"\" class=\"wp-image-15896\" srcset=\"https:\/\/riograndezac.gob.mx\/informatica\/wp-content\/uploads\/2025\/02\/Imagen-de-WhatsApp-2025-02-10-a-las-16.26.58_9773dae8-840x473.jpg 840w, https:\/\/riograndezac.gob.mx\/informatica\/wp-content\/uploads\/2025\/02\/Imagen-de-WhatsApp-2025-02-10-a-las-16.26.58_9773dae8-649x365.jpg 649w, https:\/\/riograndezac.gob.mx\/informatica\/wp-content\/uploads\/2025\/02\/Imagen-de-WhatsApp-2025-02-10-a-las-16.26.58_9773dae8-768x432.jpg 768w, https:\/\/riograndezac.gob.mx\/informatica\/wp-content\/uploads\/2025\/02\/Imagen-de-WhatsApp-2025-02-10-a-las-16.26.58_9773dae8-1536x864.jpg 1536w, https:\/\/riograndezac.gob.mx\/informatica\/wp-content\/uploads\/2025\/02\/Imagen-de-WhatsApp-2025-02-10-a-las-16.26.58_9773dae8.jpg 1600w\" sizes=\"auto, (max-width: 840px) 100vw, 840px\" \/><\/figure>\n\n\n\n<figure class=\"wp-block-image size-large\"><img loading=\"lazy\" decoding=\"async\" width=\"840\" height=\"473\" data-id=\"15897\" src=\"https:\/\/riograndezac.gob.mx\/informatica\/wp-content\/uploads\/2025\/02\/Imagen-de-WhatsApp-2025-02-10-a-las-16.26.59_cdceeaf6-840x473.jpg\" alt=\"\" class=\"wp-image-15897\" srcset=\"https:\/\/riograndezac.gob.mx\/informatica\/wp-content\/uploads\/2025\/02\/Imagen-de-WhatsApp-2025-02-10-a-las-16.26.59_cdceeaf6-840x473.jpg 840w, https:\/\/riograndezac.gob.mx\/informatica\/wp-content\/uploads\/2025\/02\/Imagen-de-WhatsApp-2025-02-10-a-las-16.26.59_cdceeaf6-649x365.jpg 649w, https:\/\/riograndezac.gob.mx\/informatica\/wp-content\/uploads\/2025\/02\/Imagen-de-WhatsApp-2025-02-10-a-las-16.26.59_cdceeaf6-768x432.jpg 768w, https:\/\/riograndezac.gob.mx\/informatica\/wp-content\/uploads\/2025\/02\/Imagen-de-WhatsApp-2025-02-10-a-las-16.26.59_cdceeaf6-1536x864.jpg 1536w, https:\/\/riograndezac.gob.mx\/informatica\/wp-content\/uploads\/2025\/02\/Imagen-de-WhatsApp-2025-02-10-a-las-16.26.59_cdceeaf6.jpg 1600w\" sizes=\"auto, (max-width: 840px) 100vw, 840px\" \/><\/figure>\n\n\n\n<figure class=\"wp-block-image size-large\"><img loading=\"lazy\" decoding=\"async\" width=\"840\" height=\"473\" data-id=\"15898\" src=\"https:\/\/riograndezac.gob.mx\/informatica\/wp-content\/uploads\/2025\/02\/Imagen-de-WhatsApp-2025-02-10-a-las-16.27.00_ceb5d4a2-840x473.jpg\" alt=\"\" class=\"wp-image-15898\" srcset=\"https:\/\/riograndezac.gob.mx\/informatica\/wp-content\/uploads\/2025\/02\/Imagen-de-WhatsApp-2025-02-10-a-las-16.27.00_ceb5d4a2-840x473.jpg 840w, https:\/\/riograndezac.gob.mx\/informatica\/wp-content\/uploads\/2025\/02\/Imagen-de-WhatsApp-2025-02-10-a-las-16.27.00_ceb5d4a2-649x365.jpg 649w, https:\/\/riograndezac.gob.mx\/informatica\/wp-content\/uploads\/2025\/02\/Imagen-de-WhatsApp-2025-02-10-a-las-16.27.00_ceb5d4a2-768x432.jpg 768w, https:\/\/riograndezac.gob.mx\/informatica\/wp-content\/uploads\/2025\/02\/Imagen-de-WhatsApp-2025-02-10-a-las-16.27.00_ceb5d4a2-1536x864.jpg 1536w, https:\/\/riograndezac.gob.mx\/informatica\/wp-content\/uploads\/2025\/02\/Imagen-de-WhatsApp-2025-02-10-a-las-16.27.00_ceb5d4a2.jpg 1600w\" sizes=\"auto, (max-width: 840px) 100vw, 840px\" \/><\/figure>\n<\/figure>\n\n\n\n<p>\u00b7 Un nuevo comedor para la escuela primaria Francisco Villa de la colonia La Cuesta, el mismo que beneficiar\u00e1 a m\u00e1s de 46 alumnos.<\/p>\n\n\n\n<p>R\u00edo Grande, Zac.,- Con la construcci\u00f3n de muros y equipamiento para la cocina y comedor, es como el presidente municipal Mario C\u00f3rdova Longoria, a trav\u00e9s de la direcci\u00f3n de Obras P\u00fablicas y en coordinaci\u00f3n con los padres de familia, maestras y maestros, es como se logr\u00f3 esta.<\/p>\n\n\n\n<p>Al evento de entrega y en representaci\u00f3n del presidente municipal, acudi\u00f3 Felipe de Jes\u00fas Badillo Ram\u00edrez, acompa\u00f1ado del director de Obras P\u00fablicas, Daniel Casta\u00f1eda Molina, as\u00ed como la se\u00f1ora Ana Martha Zapata, como presidenta de la asociaci\u00f3n de padres de familia, adem\u00e1s de la directora del plantel, Luz Mar\u00eda Longoria Medina.<\/p>\n\n\n\n<p>Para finalizar, se inform\u00f3 que por medio de esta acci\u00f3n se est\u00e1n beneficiando directamente a 46 alumnos, as\u00ed como a toda la comunidad escolar.<\/p>\n","protected":false},"excerpt":{"rendered":"<p>\u00b7 Un nuevo comedor para la escuela primaria Francisco Villa de la colonia La Cuesta, el mismo que beneficiar\u00e1 a m\u00e1s de 46 alumnos. R\u00edo Grande, Zac.,- Con la construcci\u00f3n de muros y equipamiento para la cocina y comedor, es como el presidente municipal Mario C\u00f3rdova Longoria, a trav\u00e9s de la direcci\u00f3n de Obras P\u00fablicas y en coordinaci\u00f3n con los padres de familia, maestras y maestros, es como se logr\u00f3 esta. Al evento de entrega y en representaci\u00f3n del presidente municipal, acudi\u00f3 Felipe de Jes\u00fas Badillo Ram\u00edrez, acompa\u00f1ado del director&hellip;<\/p>\n","protected":false},"author":1,"featured_media":15895,"comment_status":"closed","ping_status":"closed","sticky":false,"template":"","format":"standard","meta":{"_monsterinsights_skip_tracking":false,"_monsterinsights_sitenote_active":false,"_monsterinsights_sitenote_note":"","_monsterinsights_sitenote_category":0,"footnotes":""},"categories":[159],"tags":[161,162],"class_list":["post-15894","post","type-post","status-publish","format-standard","has-post-thumbnail","hentry","category-administracion24-27","tag-comunicacion-social-24-27","tag-gobierno-de-rio-grande-2024-2027"],"jetpack_featured_media_url":"https:\/\/riograndezac.gob.mx\/informatica\/wp-content\/uploads\/2025\/02\/Imagen-de-WhatsApp-2025-02-10-a-las-16.26.57_75c13d07.jpg","_links":{"self":[{"href":"https:\/\/riograndezac.gob.mx\/informatica\/index.php?rest_route=\/wp\/v2\/posts\/15894","targetHints":{"allow":["GET"]}}],"collection":[{"href":"https:\/\/riograndezac.gob.mx\/informatica\/index.php?rest_route=\/wp\/v2\/posts"}],"about":[{"href":"https:\/\/riograndezac.gob.mx\/informatica\/index.php?rest_route=\/wp\/v2\/types\/post"}],"author":[{"embeddable":true,"href":"https:\/\/riograndezac.gob.mx\/informatica\/index.php?rest_route=\/wp\/v2\/users\/1"}],"replies":[{"embeddable":true,"href":"https:\/\/riograndezac.gob.mx\/informatica\/index.php?rest_route=%2Fwp%2Fv2%2Fcomments&post=15894"}],"version-history":[{"count":1,"href":"https:\/\/riograndezac.gob.mx\/informatica\/index.php?rest_route=\/wp\/v2\/posts\/15894\/revisions"}],"predecessor-version":[{"id":15899,"href":"https:\/\/riograndezac.gob.mx\/informatica\/index.php?rest_route=\/wp\/v2\/posts\/15894\/revisions\/15899"}],"wp:featuredmedia":[{"embeddable":true,"href":"https:\/\/riograndezac.gob.mx\/informatica\/index.php?rest_route=\/wp\/v2\/media\/15895"}],"wp:attachment":[{"href":"https:\/\/riograndezac.gob.mx\/informatica\/index.php?rest_route=%2Fwp%2Fv2%2Fmedia&parent=15894"}],"wp:term":[{"taxonomy":"category","embeddable":true,"href":"https:\/\/riograndezac.gob.mx\/informatica\/index.php?rest_route=%2Fwp%2Fv2%2Fcategories&post=15894"},{"taxonomy":"post_tag","embeddable":true,"href":"https:\/\/riograndezac.gob.mx\/informatica\/index.php?rest_route=%2Fwp%2Fv2%2Ftags&post=15894"}],"curies":[{"name":"wp","href":"https:\/\/api.w.org\/{rel}","templated":true}]}}