{"id":1595,"date":"2015-10-16T14:38:44","date_gmt":"2015-10-16T14:38:44","guid":{"rendered":"http:\/\/riograndezac.gob.mx\/informatica\/?p=1595"},"modified":"2015-10-25T05:34:10","modified_gmt":"2015-10-25T05:34:10","slug":"en-reunion-extraordinaria-de-cabildo-el-pleno-del-ayuntamiento-aprobo-que-el-alcalde-constantino-castaneda-munoz-acuda-a-fort-worth-texas","status":"publish","type":"post","link":"https:\/\/riograndezac.gob.mx\/informatica\/?p=1595","title":{"rendered":"En reuni\u00f3n extraordinaria de cabildo, el pleno del Ayuntamiento aprob\u00f3 que el alcalde Constantino Casta\u00f1eda Mu\u00f1oz acuda a Fort Worth, Texas"},"content":{"rendered":"<p><a href=\"https:\/\/riograndezac.gob.mx\/informatica\/wp-content\/uploads\/2015\/10\/Cabildo5.png\"><img loading=\"lazy\" decoding=\"async\" class=\"aligncenter size-full wp-image-1596\" src=\"https:\/\/riograndezac.gob.mx\/informatica\/wp-content\/uploads\/2015\/10\/Cabildo5.png\" alt=\"Cabildo5\" width=\"700\" height=\"283\" srcset=\"https:\/\/riograndezac.gob.mx\/informatica\/wp-content\/uploads\/2015\/10\/Cabildo5.png 700w, https:\/\/riograndezac.gob.mx\/informatica\/wp-content\/uploads\/2015\/10\/Cabildo5-300x121.png 300w, https:\/\/riograndezac.gob.mx\/informatica\/wp-content\/uploads\/2015\/10\/Cabildo5-24x10.png 24w, https:\/\/riograndezac.gob.mx\/informatica\/wp-content\/uploads\/2015\/10\/Cabildo5-36x15.png 36w, https:\/\/riograndezac.gob.mx\/informatica\/wp-content\/uploads\/2015\/10\/Cabildo5-48x19.png 48w\" sizes=\"auto, (max-width: 700px) 100vw, 700px\" \/><\/a><\/p>\n<p>En reuni\u00f3n extraordinaria de cabildo, el pleno del Ayuntamiento aprob\u00f3 que el alcalde Constantino Casta\u00f1eda Mu\u00f1oz acuda a Fort Worth, Texas, con motivo de la celebraci\u00f3n del cuarto aniversario de fundaci\u00f3n de la Federaci\u00f3n Casa Zacatecas de Fort Worth, con el objetivo de acompa\u00f1ar a los miles de riograndenses que radican en el pa\u00eds vecino pa\u00eds del norte.<\/p>\n<p>&nbsp;<\/p>\n<p>De acuerdo a la Invitaci\u00f3n emitida por la Federaci\u00f3n, presidida por Francisco \u00c1lvarez Calder\u00f3n, tendr\u00e1n actividades entre las cuales destacan la Recepci\u00f3n del Programa Coraz\u00f3n de Plata, la Reuni\u00f3n de Clubes con Presidentes Municipales y funcionarios, conferencias informativas, el abanderamiento de clubes y la entrega de reconocimientos al joven del a\u00f1o, al Zacatecano del A\u00f1o y al Zacatecano emprendedor del a\u00f1o.<\/p>\n<p>&nbsp;<\/p>\n<p>Casta\u00f1eda Mu\u00f1oz, se\u00f1al\u00f3 que los eventos de esta importante actividad, se llevar\u00e1n a cabo del 16 al 18 de octubre, por lo que Casta\u00f1eda Mu\u00f1oz, buscar\u00e1 el mantener una buena relaci\u00f3n con los diferentes clubes de migrantes, de manera de continuar trabajando en distintos programas como el 3&#215;1 que son de los m\u00e1s generosos a nivel federal.<\/p>\n<p>&nbsp;<\/p>\n<p>Inform\u00f3 que en breve se dar\u00e1 a conocer los resultados de las distintas reuniones que se lleven a cabo en esta celebraci\u00f3n, en donde se reiterar\u00e1 el compromiso con los distintos clubes, presentando a dem\u00e1s distintas propuestas de trabajo de obras y acciones, para luego conformar los comit\u00e9s de las colonias y comunidades que puedan verse beneficiadas con el Programa 3\u00d71 e iniciar con los tr\u00e1mites correspondientes para las obras.<\/p>\n<p>&nbsp;<\/p>\n<p>El primer mandatario riograndense, agradeci\u00f3 el respaldo del Cabildo para realizar este viaje, y de esta manera con la presencia de la s\u00edndico Ana Marianela Hern\u00e1ndez Pe\u00f1a, as\u00ed como el secretario del Ayuntamiento Felipe de Jes\u00fas Badillo Ram\u00edrez, y el pleno del Ayuntamiento.<\/p>\n","protected":false},"excerpt":{"rendered":"<p>Inform\u00f3 que en breve se dar\u00e1 a conocer los resultados de las distintas reuniones que se lleven a cabo en esta celebraci\u00f3n, en donde se reiterar\u00e1 el compromiso con los distintos clubes<\/p>\n","protected":false},"author":1,"featured_media":1596,"comment_status":"closed","ping_status":"closed","sticky":false,"template":"","format":"standard","meta":{"_monsterinsights_skip_tracking":false,"_monsterinsights_sitenote_active":false,"_monsterinsights_sitenote_note":"","_monsterinsights_sitenote_category":0,"footnotes":""},"categories":[8],"tags":[12,18],"class_list":["post-1595","post","type-post","status-publish","format-standard","has-post-thumbnail","hentry","category-gobierno-municipal-rio-grande-zacatecas","tag-comunicacion-social","tag-gobierno-municipal-rio-grande"],"jetpack_featured_media_url":"https:\/\/riograndezac.gob.mx\/informatica\/wp-content\/uploads\/2015\/10\/Cabildo5.png","_links":{"self":[{"href":"https:\/\/riograndezac.gob.mx\/informatica\/index.php?rest_route=\/wp\/v2\/posts\/1595","targetHints":{"allow":["GET"]}}],"collection":[{"href":"https:\/\/riograndezac.gob.mx\/informatica\/index.php?rest_route=\/wp\/v2\/posts"}],"about":[{"href":"https:\/\/riograndezac.gob.mx\/informatica\/index.php?rest_route=\/wp\/v2\/types\/post"}],"author":[{"embeddable":true,"href":"https:\/\/riograndezac.gob.mx\/informatica\/index.php?rest_route=\/wp\/v2\/users\/1"}],"replies":[{"embeddable":true,"href":"https:\/\/riograndezac.gob.mx\/informatica\/index.php?rest_route=%2Fwp%2Fv2%2Fcomments&post=1595"}],"version-history":[{"count":1,"href":"https:\/\/riograndezac.gob.mx\/informatica\/index.php?rest_route=\/wp\/v2\/posts\/1595\/revisions"}],"predecessor-version":[{"id":1597,"href":"https:\/\/riograndezac.gob.mx\/informatica\/index.php?rest_route=\/wp\/v2\/posts\/1595\/revisions\/1597"}],"wp:featuredmedia":[{"embeddable":true,"href":"https:\/\/riograndezac.gob.mx\/informatica\/index.php?rest_route=\/wp\/v2\/media\/1596"}],"wp:attachment":[{"href":"https:\/\/riograndezac.gob.mx\/informatica\/index.php?rest_route=%2Fwp%2Fv2%2Fmedia&parent=1595"}],"wp:term":[{"taxonomy":"category","embeddable":true,"href":"https:\/\/riograndezac.gob.mx\/informatica\/index.php?rest_route=%2Fwp%2Fv2%2Fcategories&post=1595"},{"taxonomy":"post_tag","embeddable":true,"href":"https:\/\/riograndezac.gob.mx\/informatica\/index.php?rest_route=%2Fwp%2Fv2%2Ftags&post=1595"}],"curies":[{"name":"wp","href":"https:\/\/api.w.org\/{rel}","templated":true}]}}