{"id":1607,"date":"2015-10-19T17:41:33","date_gmt":"2015-10-19T17:41:33","guid":{"rendered":"http:\/\/riograndezac.gob.mx\/informatica\/?p=1607"},"modified":"2015-10-19T17:41:33","modified_gmt":"2015-10-19T17:41:33","slug":"comunidad-de-salinas","status":"publish","type":"post","link":"https:\/\/riograndezac.gob.mx\/informatica\/?p=1607","title":{"rendered":"Comunidad de Salinas"},"content":{"rendered":"<p><a href=\"https:\/\/riograndezac.gob.mx\/informatica\/wp-content\/uploads\/2015\/10\/presidente-1.jpg\"><img loading=\"lazy\" decoding=\"async\" class=\"aligncenter size-full wp-image-1535\" src=\"https:\/\/riograndezac.gob.mx\/informatica\/wp-content\/uploads\/2015\/10\/presidente-1.jpg\" alt=\"presidente (1)\" width=\"700\" height=\"493\" srcset=\"https:\/\/riograndezac.gob.mx\/informatica\/wp-content\/uploads\/2015\/10\/presidente-1.jpg 700w, https:\/\/riograndezac.gob.mx\/informatica\/wp-content\/uploads\/2015\/10\/presidente-1-300x211.jpg 300w, https:\/\/riograndezac.gob.mx\/informatica\/wp-content\/uploads\/2015\/10\/presidente-1-24x17.jpg 24w, https:\/\/riograndezac.gob.mx\/informatica\/wp-content\/uploads\/2015\/10\/presidente-1-36x25.jpg 36w, https:\/\/riograndezac.gob.mx\/informatica\/wp-content\/uploads\/2015\/10\/presidente-1-48x34.jpg 48w\" sizes=\"auto, (max-width: 700px) 100vw, 700px\" \/><\/a><\/p>\n<p>El gobierno municipal encabezado por Constantino Casta\u00f1eda Mu\u00f1oz, celebra que la poblaci\u00f3n de esta comunidad tras m\u00e1s de 50 a\u00f1os en que se ha buscado darle soluci\u00f3n a esta situaci\u00f3n, por encontrarse en establecidos en terreno pantanoso, decidan en primera instancia, reconocer el problema de salud p\u00fablica, y posteriormente, est\u00e9n de acuerdo en colaborar con la soluci\u00f3n.<\/p>\n<p>&nbsp;<\/p>\n<p>Desde hace poco m\u00e1s de 6 a\u00f1os, se comenz\u00f3 con la l\u00ednea de drenaje, obra que no se pudo concluir con la planta de tratamiento, puesto que se tuvieron problemas legales, en referencia al terreno donde se iba a construir, por falta de voluntad de la misma poblaci\u00f3n de la comunidad.<\/p>\n<p>&nbsp;<\/p>\n<p>Afortunadamente, el Gobierno Municipal, volvi\u00f3 a tocar el asunto que se hab\u00eda dejado de lado por falta de disposici\u00f3n de la propia gente de la comunidad, y hoy con la participaci\u00f3n del \u00e1rea jur\u00eddica de la administraci\u00f3n, se tienen ya las escrituras del terreno para la construcci\u00f3n de la planta tratadora, proyecto del cual ya tiene conocimiento la Secretar\u00eda de Agua y Medio Ambiente (SAMA) del Gobierno del Estado, y de manera coordinada se dar\u00e1 soluci\u00f3n pronto, puesto que no se pod\u00eda hacer nada desde el momento en que no se ten\u00eda la escritura del predio, por lo que se cuenta con el expediente que comprueba que no es falta de inter\u00e9s por parte de las autoridades gubernamentales.<\/p>\n<p>&nbsp;<\/p>\n<p>Cabe se\u00f1alar que de acuerdo a la ley, no se puede meter recurso dos veces en menos de 5 a\u00f1os, por lo que apenas se est\u00e1 cumpliendo el plazo para poder ejercer una inversi\u00f3n nuevamente, por lo que va a la par de la escrituraci\u00f3n del terreno en menci\u00f3n.<\/p>\n","protected":false},"excerpt":{"rendered":"<p>Desde hace poco m\u00e1s de 6 a\u00f1os, se comenz\u00f3 con la l\u00ednea de drenaje, obra que no se pudo concluir con la planta de tratamiento, puesto que se tuvieron problemas legales, en referencia al terreno donde se iba a construir, por falta de voluntad de la misma poblaci\u00f3n de la comunidad.<\/p>\n","protected":false},"author":1,"featured_media":1535,"comment_status":"closed","ping_status":"closed","sticky":false,"template":"","format":"standard","meta":{"_monsterinsights_skip_tracking":false,"_monsterinsights_sitenote_active":false,"_monsterinsights_sitenote_note":"","_monsterinsights_sitenote_category":0,"footnotes":""},"categories":[5],"tags":[12,18],"class_list":["post-1607","post","type-post","status-publish","format-standard","has-post-thumbnail","hentry","category-destacados","tag-comunicacion-social","tag-gobierno-municipal-rio-grande"],"jetpack_featured_media_url":"https:\/\/riograndezac.gob.mx\/informatica\/wp-content\/uploads\/2015\/10\/presidente-1.jpg","_links":{"self":[{"href":"https:\/\/riograndezac.gob.mx\/informatica\/index.php?rest_route=\/wp\/v2\/posts\/1607","targetHints":{"allow":["GET"]}}],"collection":[{"href":"https:\/\/riograndezac.gob.mx\/informatica\/index.php?rest_route=\/wp\/v2\/posts"}],"about":[{"href":"https:\/\/riograndezac.gob.mx\/informatica\/index.php?rest_route=\/wp\/v2\/types\/post"}],"author":[{"embeddable":true,"href":"https:\/\/riograndezac.gob.mx\/informatica\/index.php?rest_route=\/wp\/v2\/users\/1"}],"replies":[{"embeddable":true,"href":"https:\/\/riograndezac.gob.mx\/informatica\/index.php?rest_route=%2Fwp%2Fv2%2Fcomments&post=1607"}],"version-history":[{"count":1,"href":"https:\/\/riograndezac.gob.mx\/informatica\/index.php?rest_route=\/wp\/v2\/posts\/1607\/revisions"}],"predecessor-version":[{"id":1608,"href":"https:\/\/riograndezac.gob.mx\/informatica\/index.php?rest_route=\/wp\/v2\/posts\/1607\/revisions\/1608"}],"wp:featuredmedia":[{"embeddable":true,"href":"https:\/\/riograndezac.gob.mx\/informatica\/index.php?rest_route=\/wp\/v2\/media\/1535"}],"wp:attachment":[{"href":"https:\/\/riograndezac.gob.mx\/informatica\/index.php?rest_route=%2Fwp%2Fv2%2Fmedia&parent=1607"}],"wp:term":[{"taxonomy":"category","embeddable":true,"href":"https:\/\/riograndezac.gob.mx\/informatica\/index.php?rest_route=%2Fwp%2Fv2%2Fcategories&post=1607"},{"taxonomy":"post_tag","embeddable":true,"href":"https:\/\/riograndezac.gob.mx\/informatica\/index.php?rest_route=%2Fwp%2Fv2%2Ftags&post=1607"}],"curies":[{"name":"wp","href":"https:\/\/api.w.org\/{rel}","templated":true}]}}