{"id":16235,"date":"2025-10-08T13:29:08","date_gmt":"2025-10-08T18:29:08","guid":{"rendered":"https:\/\/riograndezac.gob.mx\/informatica\/?p=16235"},"modified":"2025-10-08T13:29:11","modified_gmt":"2025-10-08T18:29:11","slug":"aviso-a-la-ciudadania","status":"publish","type":"post","link":"https:\/\/riograndezac.gob.mx\/informatica\/?p=16235","title":{"rendered":"Aviso a la ciudadan\u00eda"},"content":{"rendered":"\n<p>Hoy se realizar\u00e1 el cierre temporal de la calle Francisco I. Madero, en el tramo de Melchor Ocampo a Constituci\u00f3n, por trabajos del programa de bacheo a partir de las 19:00 hrs.<\/p>\n\n\n\n<p>Agradecemos su comprensi\u00f3n y colaboraci\u00f3n.<\/p>\n\n\n\n<figure class=\"wp-block-image size-full\"><img loading=\"lazy\" decoding=\"async\" width=\"600\" height=\"503\" src=\"https:\/\/riograndezac.gob.mx\/informatica\/wp-content\/uploads\/2025\/10\/558375289_1376124111179922_6396825221889534538_n.jpg\" alt=\"\" class=\"wp-image-16236\" srcset=\"https:\/\/riograndezac.gob.mx\/informatica\/wp-content\/uploads\/2025\/10\/558375289_1376124111179922_6396825221889534538_n.jpg 600w, https:\/\/riograndezac.gob.mx\/informatica\/wp-content\/uploads\/2025\/10\/558375289_1376124111179922_6396825221889534538_n-435x365.jpg 435w\" sizes=\"auto, (max-width: 600px) 100vw, 600px\" \/><\/figure>\n","protected":false},"excerpt":{"rendered":"<p>Hoy se realizar\u00e1 el cierre temporal de la calle Francisco I. Madero, en el tramo de Melchor Ocampo a Constituci\u00f3n, por trabajos del programa de bacheo a partir de las 19:00 hrs. Agradecemos su comprensi\u00f3n y colaboraci\u00f3n.<\/p>\n","protected":false},"author":1,"featured_media":16236,"comment_status":"closed","ping_status":"closed","sticky":false,"template":"","format":"standard","meta":{"_monsterinsights_skip_tracking":false,"_monsterinsights_sitenote_active":false,"_monsterinsights_sitenote_note":"","_monsterinsights_sitenote_category":0,"footnotes":""},"categories":[160],"tags":[161,162],"class_list":["post-16235","post","type-post","status-publish","format-standard","has-post-thumbnail","hentry","category-boletines24-27","tag-comunicacion-social-24-27","tag-gobierno-de-rio-grande-2024-2027"],"jetpack_featured_media_url":"https:\/\/riograndezac.gob.mx\/informatica\/wp-content\/uploads\/2025\/10\/558375289_1376124111179922_6396825221889534538_n.jpg","_links":{"self":[{"href":"https:\/\/riograndezac.gob.mx\/informatica\/index.php?rest_route=\/wp\/v2\/posts\/16235","targetHints":{"allow":["GET"]}}],"collection":[{"href":"https:\/\/riograndezac.gob.mx\/informatica\/index.php?rest_route=\/wp\/v2\/posts"}],"about":[{"href":"https:\/\/riograndezac.gob.mx\/informatica\/index.php?rest_route=\/wp\/v2\/types\/post"}],"author":[{"embeddable":true,"href":"https:\/\/riograndezac.gob.mx\/informatica\/index.php?rest_route=\/wp\/v2\/users\/1"}],"replies":[{"embeddable":true,"href":"https:\/\/riograndezac.gob.mx\/informatica\/index.php?rest_route=%2Fwp%2Fv2%2Fcomments&post=16235"}],"version-history":[{"count":1,"href":"https:\/\/riograndezac.gob.mx\/informatica\/index.php?rest_route=\/wp\/v2\/posts\/16235\/revisions"}],"predecessor-version":[{"id":16237,"href":"https:\/\/riograndezac.gob.mx\/informatica\/index.php?rest_route=\/wp\/v2\/posts\/16235\/revisions\/16237"}],"wp:featuredmedia":[{"embeddable":true,"href":"https:\/\/riograndezac.gob.mx\/informatica\/index.php?rest_route=\/wp\/v2\/media\/16236"}],"wp:attachment":[{"href":"https:\/\/riograndezac.gob.mx\/informatica\/index.php?rest_route=%2Fwp%2Fv2%2Fmedia&parent=16235"}],"wp:term":[{"taxonomy":"category","embeddable":true,"href":"https:\/\/riograndezac.gob.mx\/informatica\/index.php?rest_route=%2Fwp%2Fv2%2Fcategories&post=16235"},{"taxonomy":"post_tag","embeddable":true,"href":"https:\/\/riograndezac.gob.mx\/informatica\/index.php?rest_route=%2Fwp%2Fv2%2Ftags&post=16235"}],"curies":[{"name":"wp","href":"https:\/\/api.w.org\/{rel}","templated":true}]}}