{"id":1626,"date":"2015-10-19T18:35:15","date_gmt":"2015-10-19T18:35:15","guid":{"rendered":"http:\/\/riograndezac.gob.mx\/informatica\/?p=1626"},"modified":"2015-10-19T18:35:15","modified_gmt":"2015-10-19T18:35:15","slug":"operativo-seguridad-publica","status":"publish","type":"post","link":"https:\/\/riograndezac.gob.mx\/informatica\/?p=1626","title":{"rendered":"Operativo Seguridad P\u00fablica"},"content":{"rendered":"<p><a href=\"https:\/\/riograndezac.gob.mx\/informatica\/wp-content\/uploads\/2015\/10\/seguridad-p\u00fablica31.png\"><img loading=\"lazy\" decoding=\"async\" class=\"aligncenter size-full wp-image-1627\" src=\"https:\/\/riograndezac.gob.mx\/informatica\/wp-content\/uploads\/2015\/10\/seguridad-p\u00fablica31.png\" alt=\"seguridad p\u00fablica3\" width=\"700\" height=\"508\" srcset=\"https:\/\/riograndezac.gob.mx\/informatica\/wp-content\/uploads\/2015\/10\/seguridad-p\u00fablica31.png 700w, https:\/\/riograndezac.gob.mx\/informatica\/wp-content\/uploads\/2015\/10\/seguridad-p\u00fablica31-300x218.png 300w, https:\/\/riograndezac.gob.mx\/informatica\/wp-content\/uploads\/2015\/10\/seguridad-p\u00fablica31-24x17.png 24w, https:\/\/riograndezac.gob.mx\/informatica\/wp-content\/uploads\/2015\/10\/seguridad-p\u00fablica31-36x26.png 36w, https:\/\/riograndezac.gob.mx\/informatica\/wp-content\/uploads\/2015\/10\/seguridad-p\u00fablica31-48x35.png 48w\" sizes=\"auto, (max-width: 700px) 100vw, 700px\" \/><\/a><\/p>\n<p>Contin\u00faa el trabajo coordinado entre el Gobierno Municipal encabezado por Constantino Casta\u00f1eda Mu\u00f1oz, la Direcci\u00f3n de Seguridad P\u00fablica Municipal.<\/p>\n<p>&nbsp;<\/p>\n<p>El encargado de Seguridad P\u00fablica de R\u00edo Grande, Edson Eduardo Ortega Rodr\u00edguez, describi\u00f3 que cerca de las 6 de la tarde de este viernes, \u201crecibimos un reporte a trav\u00e9s del sistema de emergencias del 066 de que hab\u00eda al parecer un robo de una motocicleta, por lo cual se traslad\u00f3 una patrulla con tres elementos a la comunidad de Emiliano Zapata (conocida como Morones)\u201d.<\/p>\n<p>&nbsp;<\/p>\n<p>\u201cAl llegar ah\u00ed, los elementos se percatan de que se estaba dando un incidente a las afueras de la comunidad, pues se encuentran con una turba y con dos personas amarradas, al parecer los presuntos delincuentes; entonces, los elementos proceden a rescatarlos, para preservar la salud y la vida que es lo primordial en su actuar\u201d, explic\u00f3.<\/p>\n<p>&nbsp;<\/p>\n<p>As\u00ed mismo, mencion\u00f3 que \u201clos logran zafar de sus ataduras, y los suben a la patrulla, se abren paso entre la multitud para poder rescatarlos; era una pareja, un hombre y una mujer, el hombre estaba m\u00e1s golpeado, pero subi\u00f3 por su propio pie a la patrulla, ayud\u00e1ndolo \u00fanicamente por los golpes que tra\u00eda, ya en el camino, desgraciadamente perdi\u00f3 la vida en los brazos de la mujer, quien lleg\u00f3 a salvo a la comandancia\u201d.<\/p>\n<p>&nbsp;<\/p>\n<p>\u201cEs necesario resaltar la participaci\u00f3n y apoyo decidida de la Polic\u00eda Estatal y de la Polic\u00eda Ministerial, para el rescate, para la huida, ahora s\u00ed que fue una huida de estos valientes elementos que arriesgaron su vida, porque era mucha gente enardecida; reconozco su valor, para atreverse a hacer este rescate\u201d, refiri\u00f3 Ortega Rodr\u00edguez.<\/p>\n<p>&nbsp;<\/p>\n<p>Inform\u00f3 que \u201cde la situaci\u00f3n legal ya se est\u00e1 encargando estrictamente el Ministerio P\u00fablico y la polic\u00eda ministerial, ya nosotros no tenemos injerencia en ese tema; la situaci\u00f3n legal que va a prevalecer es la responsabilidad sobre los delitos cometidos, pero para eso se tienen que aportar las probanzas necesarias que les corresponde al Ministerio P\u00fablico\u201d.<\/p>\n<p>&nbsp;<\/p>\n<p>En este sentido enfatiz\u00f3 que \u201cse entablar\u00e1 una pl\u00e1tica con la poblaci\u00f3n de la comunidad de Emiliano Zapata, en el tema de la prevenci\u00f3n del delito, puesto que por parte de la polic\u00eda municipal no se realiz\u00f3 alguna detenci\u00f3n, sino que de igual manera le corresponde ese tema a la polic\u00eda investigadora\u201d.<\/p>\n<p>&nbsp;<\/p>\n<p>Finalmente, el encargado de la direcci\u00f3n, se\u00f1al\u00f3 que \u201chicimos el llamado tambi\u00e9n a los elementos del Ej\u00e9rcito por lo que acudieron de inmediato, para poder garantizar la paz y tranquilidad en la comunidad de Emiliano Zapata, as\u00ed como en las cercanas, adem\u00e1s de un nutrido n\u00famero de polic\u00edas estatales que envi\u00f3 la secretar\u00eda de seguridad p\u00fablica del gobierno del estado, por lo que agradecemos el respaldo que nos dieron en esta lamentable situaci\u00f3n\u201d.<\/p>\n","protected":false},"excerpt":{"rendered":"<p>Contin\u00faa el trabajo coordinado entre el Gobierno Municipal encabezado por Constantino Casta\u00f1eda Mu\u00f1oz, la Direcci\u00f3n de Seguridad P\u00fablica Municipal<\/p>\n","protected":false},"author":1,"featured_media":1627,"comment_status":"closed","ping_status":"closed","sticky":false,"template":"","format":"standard","meta":{"_monsterinsights_skip_tracking":false,"_monsterinsights_sitenote_active":false,"_monsterinsights_sitenote_note":"","_monsterinsights_sitenote_category":0,"footnotes":""},"categories":[4],"tags":[12,18],"class_list":["post-1626","post","type-post","status-publish","format-standard","has-post-thumbnail","hentry","category-boletines","tag-comunicacion-social","tag-gobierno-municipal-rio-grande"],"jetpack_featured_media_url":"https:\/\/riograndezac.gob.mx\/informatica\/wp-content\/uploads\/2015\/10\/seguridad-p\u00fablica31.png","_links":{"self":[{"href":"https:\/\/riograndezac.gob.mx\/informatica\/index.php?rest_route=\/wp\/v2\/posts\/1626","targetHints":{"allow":["GET"]}}],"collection":[{"href":"https:\/\/riograndezac.gob.mx\/informatica\/index.php?rest_route=\/wp\/v2\/posts"}],"about":[{"href":"https:\/\/riograndezac.gob.mx\/informatica\/index.php?rest_route=\/wp\/v2\/types\/post"}],"author":[{"embeddable":true,"href":"https:\/\/riograndezac.gob.mx\/informatica\/index.php?rest_route=\/wp\/v2\/users\/1"}],"replies":[{"embeddable":true,"href":"https:\/\/riograndezac.gob.mx\/informatica\/index.php?rest_route=%2Fwp%2Fv2%2Fcomments&post=1626"}],"version-history":[{"count":1,"href":"https:\/\/riograndezac.gob.mx\/informatica\/index.php?rest_route=\/wp\/v2\/posts\/1626\/revisions"}],"predecessor-version":[{"id":1628,"href":"https:\/\/riograndezac.gob.mx\/informatica\/index.php?rest_route=\/wp\/v2\/posts\/1626\/revisions\/1628"}],"wp:featuredmedia":[{"embeddable":true,"href":"https:\/\/riograndezac.gob.mx\/informatica\/index.php?rest_route=\/wp\/v2\/media\/1627"}],"wp:attachment":[{"href":"https:\/\/riograndezac.gob.mx\/informatica\/index.php?rest_route=%2Fwp%2Fv2%2Fmedia&parent=1626"}],"wp:term":[{"taxonomy":"category","embeddable":true,"href":"https:\/\/riograndezac.gob.mx\/informatica\/index.php?rest_route=%2Fwp%2Fv2%2Fcategories&post=1626"},{"taxonomy":"post_tag","embeddable":true,"href":"https:\/\/riograndezac.gob.mx\/informatica\/index.php?rest_route=%2Fwp%2Fv2%2Ftags&post=1626"}],"curies":[{"name":"wp","href":"https:\/\/api.w.org\/{rel}","templated":true}]}}