{"id":1636,"date":"2015-10-19T19:03:57","date_gmt":"2015-10-19T19:03:57","guid":{"rendered":"http:\/\/riograndezac.gob.mx\/informatica\/?p=1636"},"modified":"2015-10-25T05:36:15","modified_gmt":"2015-10-25T05:36:15","slug":"hemos-sido-muy-responsables-en-el-tema-de-la-rehabilitacion-del-colector-general-por-ser-un-tema-de-salud-publica","status":"publish","type":"post","link":"https:\/\/riograndezac.gob.mx\/informatica\/?p=1636","title":{"rendered":"Hemos sido muy responsables en el tema de la rehabilitaci\u00f3n del Colector General, por ser un tema de salud p\u00fablica"},"content":{"rendered":"<p><a href=\"https:\/\/riograndezac.gob.mx\/informatica\/wp-content\/uploads\/2015\/10\/reparacion-colector-3.jpg\"><img loading=\"lazy\" decoding=\"async\" class=\"aligncenter size-full wp-image-1637\" src=\"https:\/\/riograndezac.gob.mx\/informatica\/wp-content\/uploads\/2015\/10\/reparacion-colector-3.jpg\" alt=\"reparacion colector (3)\" width=\"600\" height=\"577\" srcset=\"https:\/\/riograndezac.gob.mx\/informatica\/wp-content\/uploads\/2015\/10\/reparacion-colector-3.jpg 600w, https:\/\/riograndezac.gob.mx\/informatica\/wp-content\/uploads\/2015\/10\/reparacion-colector-3-300x289.jpg 300w, https:\/\/riograndezac.gob.mx\/informatica\/wp-content\/uploads\/2015\/10\/reparacion-colector-3-24x24.jpg 24w, https:\/\/riograndezac.gob.mx\/informatica\/wp-content\/uploads\/2015\/10\/reparacion-colector-3-36x36.jpg 36w, https:\/\/riograndezac.gob.mx\/informatica\/wp-content\/uploads\/2015\/10\/reparacion-colector-3-48x46.jpg 48w\" sizes=\"auto, (max-width: 600px) 100vw, 600px\" \/><\/a><\/p>\n<p>&nbsp;<\/p>\n<p>\u201cHemos sido muy responsables en el tema de la rehabilitaci\u00f3n del Colector General, por ser un tema de salud p\u00fablica, ya reparamos poco m\u00e1s de medio kil\u00f3metro, y meteremos para el 2016 un proyecto para la reconstrucci\u00f3n de 2.5 kil\u00f3metros m\u00e1s\u201d, inform\u00f3 el alcalde de R\u00edo Grande Constantino Casta\u00f1eda Mu\u00f1oz.<\/p>\n<p>&nbsp;<\/p>\n<p>El primer mandatario municipal record\u00f3 que \u201cel colector principal de la cabecera municipal, pasa por las comunidades de Loreto, L\u00e1zaro C\u00e1rdenas (Las Palomas), y es un colector realmente antiguo donde est\u00e1 construido desde sus or\u00edgenes de concreto\u201d.<\/p>\n<p>&nbsp;<\/p>\n<p>As\u00ed mismo dijo que \u201ces un colector que recibe todas las aguas negras de la cabecera municipal, de las comunidades de Loreto, Las Palomas, La Luz, Ignacio Allende, Vicente Guerrero, Ignacio L\u00f3pez Ray\u00f3n y posteriormente, recibir\u00e1 las aguas negras de Tierra Blanca y Los Conde; con el paso de los a\u00f1os, las mismas aguas, han da\u00f1ado los tubos de concreto del colector, que se ha venido reparando desde el inicio de la administraci\u00f3n, junto con el Sistema Municipal de Agua Potable y Alcantarillado (SIMAPARG), con tubo ya de alta densidad especial para el drenaje\u201d.<\/p>\n<p>&nbsp;<\/p>\n<p>\u201cAhorita tenemos 75 metros lineales de tubo colapsado, que es en donde se est\u00e1 trabajando, a la altura del cruce de la comunidad de Loreto con el Arroyo del Sauz, pero se han reparado ya en otros tres puntos distintos, dando un total de m\u00e1s de 500 metros reparados, y nos falta s\u00f3lo punto, que es el m\u00e1s complicado, a la altura del Arroyo del Sauz\u201d, indic\u00f3.<\/p>\n<p>&nbsp;<\/p>\n<p>\u201cSe sigue reparando, en d\u00edas pasados colocamos 9 tramos; y cada que llueva el agua pluvial corre por el drenaje, lo cual nos provoca problemas, puesto que este tipo de tubo corre como conductor de agua, no trabaja a presi\u00f3n; entonces cuando hay lluvia se descarga en drenaje, y no\u00a0 soporta tanta presi\u00f3n, sobre todo en la parte que va de las Palomas a la Planta Tratadora\u201d, destac\u00f3.<\/p>\n<p>&nbsp;<\/p>\n<p>\u201cTenemos puntos donde est\u00e1n identificado como de 60 metros lineales m\u00e1s que en cualquier momento, pudiera colapsarse; pero todo lo estamos haciendo conforme se va teniendo recurso en el municipio, no hay un programa espec\u00edfico federal o estatal, sino que es obra meramente municipal\u201d, dijo.<\/p>\n<p>&nbsp;<\/p>\n<p>\u201cCabe se\u00f1alar que con el tema del d\u00f3lar, todo nos subi\u00f3; un tramo de tubo que nos costaba 6 o 7 mil pesos, ahorita nos cuesta de 9 a 10 mil pesos: sin embargo, como gobierno municipal, hemos sido muy responsables, con el tema del cuidado del agua potable, puesto que no hemos dejado de trabajar en el tema de la rehabilitaci\u00f3n del colector, y muestra de ello es que no tenemos multas ni de la Comisi\u00f3n Nacional de Agua o de la Secretar\u00eda de Agua y Medio Ambiente\u201d, refiri\u00f3 Casta\u00f1eda Mu\u00f1oz.<\/p>\n<p>&nbsp;<\/p>\n<p>Por parte de Jaime Jim\u00e9nez Almanza, jefe Operativo de SIMAPARG, se\u00f1al\u00f3 que \u201cpor indicaciones del presidente del Consejo de Agua potable, el alcalde Constantino Casta\u00f1eda, actualmente,\u00a0 estamos en la reparaci\u00f3n de la l\u00ednea de drenaje del colector general, que es un colector obsoleto, que su vida \u00fatil ya caduco, por lo que tenemos la consecuencia de los colapsos de manera continua en distintos puntos como en el margen del r\u00edo, a la altura de la entrada de Loreto, lo que nos afecta severamente\u201d.<\/p>\n<p>&nbsp;<\/p>\n<p>Expuso que \u201cde la mano con Obras P\u00fablicas, a cargo de Felipe Garc\u00eda y del mismo SIMAPARG a cargo de Roberto Mart\u00ednez, estamos rehabilitando desde el 2014, el a\u00f1os pasado fueron 200 metros lineales en Loreto,\u00a0 este a\u00f1o, fueron 280 metros en el R\u00edo, atr\u00e1s de los \u00c1lamos los cuales ya concluimos y estamos reparando otros 75 metros en Loreto de nueva cuenta en otro punto, donde hace cruce con el Arroyo del Sauz, pero que para el viernes 23, estar\u00edamos concluyendo con esta obra de reparaci\u00f3n\u201d.<\/p>\n<p>&nbsp;<\/p>\n<p>Finalmente, el alcalde Constantino Casta\u00f1eda Mu\u00f1oz, hizo el llamado sobre todo al sector materialista, puesto que cuando se acercan al R\u00edo para sacar tierra arena, grava, arena, y otros materiales, no suban los camiones a la parte donde est\u00e1n los tubos, y los pueden colapsar, como ya nos ha sucedido y donde ya hemos reparado; pedirles que nos ayuden a cuidar.<\/p>\n","protected":false},"excerpt":{"rendered":"<p>Hemos sido muy responsables en el tema de la rehabilitaci\u00f3n del Colector General, por ser un tema de salud p\u00fablica, ya reparamos poco m\u00e1s de medio kil\u00f3metro, y meteremos para el 2016 un proyecto para la reconstrucci\u00f3n de 2.5 kil\u00f3metros m\u00e1s<\/p>\n","protected":false},"author":1,"featured_media":1637,"comment_status":"closed","ping_status":"closed","sticky":false,"template":"","format":"standard","meta":{"_monsterinsights_skip_tracking":false,"_monsterinsights_sitenote_active":false,"_monsterinsights_sitenote_note":"","_monsterinsights_sitenote_category":0,"footnotes":""},"categories":[8],"tags":[12,18],"class_list":["post-1636","post","type-post","status-publish","format-standard","has-post-thumbnail","hentry","category-gobierno-municipal-rio-grande-zacatecas","tag-comunicacion-social","tag-gobierno-municipal-rio-grande"],"jetpack_featured_media_url":"https:\/\/riograndezac.gob.mx\/informatica\/wp-content\/uploads\/2015\/10\/reparacion-colector-3.jpg","_links":{"self":[{"href":"https:\/\/riograndezac.gob.mx\/informatica\/index.php?rest_route=\/wp\/v2\/posts\/1636","targetHints":{"allow":["GET"]}}],"collection":[{"href":"https:\/\/riograndezac.gob.mx\/informatica\/index.php?rest_route=\/wp\/v2\/posts"}],"about":[{"href":"https:\/\/riograndezac.gob.mx\/informatica\/index.php?rest_route=\/wp\/v2\/types\/post"}],"author":[{"embeddable":true,"href":"https:\/\/riograndezac.gob.mx\/informatica\/index.php?rest_route=\/wp\/v2\/users\/1"}],"replies":[{"embeddable":true,"href":"https:\/\/riograndezac.gob.mx\/informatica\/index.php?rest_route=%2Fwp%2Fv2%2Fcomments&post=1636"}],"version-history":[{"count":1,"href":"https:\/\/riograndezac.gob.mx\/informatica\/index.php?rest_route=\/wp\/v2\/posts\/1636\/revisions"}],"predecessor-version":[{"id":1638,"href":"https:\/\/riograndezac.gob.mx\/informatica\/index.php?rest_route=\/wp\/v2\/posts\/1636\/revisions\/1638"}],"wp:featuredmedia":[{"embeddable":true,"href":"https:\/\/riograndezac.gob.mx\/informatica\/index.php?rest_route=\/wp\/v2\/media\/1637"}],"wp:attachment":[{"href":"https:\/\/riograndezac.gob.mx\/informatica\/index.php?rest_route=%2Fwp%2Fv2%2Fmedia&parent=1636"}],"wp:term":[{"taxonomy":"category","embeddable":true,"href":"https:\/\/riograndezac.gob.mx\/informatica\/index.php?rest_route=%2Fwp%2Fv2%2Fcategories&post=1636"},{"taxonomy":"post_tag","embeddable":true,"href":"https:\/\/riograndezac.gob.mx\/informatica\/index.php?rest_route=%2Fwp%2Fv2%2Ftags&post=1636"}],"curies":[{"name":"wp","href":"https:\/\/api.w.org\/{rel}","templated":true}]}}