{"id":1639,"date":"2015-10-19T19:07:28","date_gmt":"2015-10-19T19:07:28","guid":{"rendered":"http:\/\/riograndezac.gob.mx\/informatica\/?p=1639"},"modified":"2015-10-25T05:37:05","modified_gmt":"2015-10-25T05:37:05","slug":"todas-las-obras-que-ha-iniciado-la-administracion-todas-en-lo-absoluto-estan-concluidas-ya-sea-en-su-primera-en-su-segunda-o-en-la-etapa-que-corresponde","status":"publish","type":"post","link":"https:\/\/riograndezac.gob.mx\/informatica\/?p=1639","title":{"rendered":"Todas las obras que ha iniciado la Administraci\u00f3n, todas en lo absoluto, est\u00e1n concluidas, ya sea en su primera, en su segunda o en la etapa que corresponde"},"content":{"rendered":"<p><a href=\"https:\/\/riograndezac.gob.mx\/informatica\/wp-content\/uploads\/2015\/10\/felipe-garcia-mares.png\"><img loading=\"lazy\" decoding=\"async\" class=\"aligncenter size-full wp-image-1640\" src=\"https:\/\/riograndezac.gob.mx\/informatica\/wp-content\/uploads\/2015\/10\/felipe-garcia-mares.png\" alt=\"felipe garcia mares\" width=\"585\" height=\"591\" srcset=\"https:\/\/riograndezac.gob.mx\/informatica\/wp-content\/uploads\/2015\/10\/felipe-garcia-mares.png 585w, https:\/\/riograndezac.gob.mx\/informatica\/wp-content\/uploads\/2015\/10\/felipe-garcia-mares-297x300.png 297w, https:\/\/riograndezac.gob.mx\/informatica\/wp-content\/uploads\/2015\/10\/felipe-garcia-mares-90x90.png 90w, https:\/\/riograndezac.gob.mx\/informatica\/wp-content\/uploads\/2015\/10\/felipe-garcia-mares-75x75.png 75w, https:\/\/riograndezac.gob.mx\/informatica\/wp-content\/uploads\/2015\/10\/felipe-garcia-mares-24x24.png 24w, https:\/\/riograndezac.gob.mx\/informatica\/wp-content\/uploads\/2015\/10\/felipe-garcia-mares-36x36.png 36w, https:\/\/riograndezac.gob.mx\/informatica\/wp-content\/uploads\/2015\/10\/felipe-garcia-mares-48x48.png 48w\" sizes=\"auto, (max-width: 585px) 100vw, 585px\" \/><\/a><\/p>\n<p>\u201cTodas las obras que ha iniciado la Administraci\u00f3n, todas en lo absoluto, est\u00e1n concluidas, ya sea en su primera, en su segunda o en la etapa que corresponde; est\u00e1n concluidas 70, en proceso 15 y 70 m\u00e1s por iniciar en este mismo mes; son obras programadas, ninguna de ocurrencia ni del \u201cah\u00ed se va\u201d, inform\u00f3 el director de Obras y Servicios P\u00fablicos de R\u00edo Grande, Asiel Felipe Garc\u00eda Mares.<\/p>\n<p>&nbsp;<\/p>\n<p>El funcionario se\u00f1al\u00f3 que \u201ctenemos obras que van en varias etapas como es la de la calle Aldama, en donde su primera etapa, est\u00e1 concluida al cien por ciento; la segunda etapa, que ser\u00eda con la que ya se concluir\u00eda la obra, necesitamos 1 mill\u00f3n 600 mil pesos, para poderla terminar; estamos haciendo la gesti\u00f3n, estamos viendo la posibilidad de que fuera con recursos propios del municipio, pero si estamos viendo la manera de terminar, porque el presidente Constantino Casta\u00f1eda Mu\u00f1oz, nos pidi\u00f3 que concluy\u00e9ramos antes de acabe el periodo de la Administraci\u00f3n\u201d.<\/p>\n<p>&nbsp;<\/p>\n<p>\u201cLa calle Aldama, estaba considerada en dos etapas, la primera era la rehabilitaci\u00f3n de las l\u00edneas de agua, de drenaje, el piso, las banquetas, los ductos para albergar transformadores, ductos para sistemas de cable de televisi\u00f3n, tel\u00e9fonos; para la segunda etapa, est\u00e1 considerada la pintura en las fachadas, la rehabilitaci\u00f3n de la parte del callej\u00f3n Hidalgo, los cables subterr\u00e1neos de luz, para que en un tiempo no muy lejano se puedan retirar los postes\u201d, a\u00f1adi\u00f3.<\/p>\n<p>&nbsp;<\/p>\n<p>Enfatiz\u00f3 Garc\u00eda Mares que \u201cclaro est\u00e1 que es una obra piloto en R\u00edo Grande, para que una vez que est\u00e9 concluida, se pueda realizar en todo el centro de la cabecera municipal, sobre todo en la calle Constituci\u00f3n\u201d.<\/p>\n<p>&nbsp;<\/p>\n<p>Por otro lado, Garc\u00eda Mares inform\u00f3 que \u201ctraemos actualmente, la construcci\u00f3n pavimento en calles, del programa H\u00e1bitat, de donde ya concluyeron al cien por ciento las primeras 7 obras de este programa, y est\u00e1n por iniciar otras 10, las cuales est\u00e1n en el proceso de licitaci\u00f3n\u201d.<\/p>\n<p>&nbsp;<\/p>\n<p>A\u00f1adi\u00f3 que \u201ctenemos por iniciar 27 obras del Fondo III, las cuales est\u00e1n en proceso de licitaci\u00f3n; tenemos 70 obras concluidas; otras 15 que est\u00e1n en proceso y otras 40 obras de distintos programas por iniciar y que tendremos antes de concluir el a\u00f1o\u201d.<\/p>\n<p>&nbsp;<\/p>\n<p>\u201cTodas las obras, todo lo que se genera tanto en la Direcci\u00f3n de Obras y Servicios P\u00fablicos, como en la propia Administraci\u00f3n, est\u00e1n enmarcadas con el Plan Municipal de Desarrollo, alineado al mismo tiempo con el Plan Estatal y el\u00a0 Federal\u201d, extern\u00f3 Garc\u00eda Mares.<\/p>\n<p>&nbsp;<\/p>\n<p>\u201cToda la obra, se programa, se planea en la Unidad de Planeaci\u00f3n de Desarrollo Econ\u00f3mico y Social, luego, nosotros como direcci\u00f3n de obras, lo ejecutamos; todo de acuerdo a los ejes rectores que tenemos en el Plan de Desarrollo Municipal\u201d, detall\u00f3.<\/p>\n<p>&nbsp;<\/p>\n<p>\u201cLas obras que se ejecutan con el recurso extraordinario que gestiona el presidente municipal Constantino Casta\u00f1eda Mu\u00f1oz, van de acuerdo a los ejes rectores, no nos hemos salido del Plan Municipal de Desarrollo, pues no se permite; hay una planeaci\u00f3n para seguir un orden y no ir inventando obras, se sigue una l\u00ednea; no son obras de la ocurrencia del presidente o del director de obras, son obras que se necesitan, no son obras al \u201cah\u00ed se va\u201d, finaliz\u00f3.<\/p>\n<p>&nbsp;<\/p>\n","protected":false},"excerpt":{"rendered":"<p>Por otro lado, Garc\u00eda Mares inform\u00f3 que \u201ctraemos actualmente, la construcci\u00f3n pavimento en calles, del programa H\u00e1bitat, de donde ya concluyeron al cien por ciento las primeras 7 obras de este programa, y est\u00e1n por iniciar otras 10, las cuales est\u00e1n en el proceso de licitaci\u00f3n\u201d.<\/p>\n","protected":false},"author":1,"featured_media":1640,"comment_status":"closed","ping_status":"closed","sticky":false,"template":"","format":"standard","meta":{"_monsterinsights_skip_tracking":false,"_monsterinsights_sitenote_active":false,"_monsterinsights_sitenote_note":"","_monsterinsights_sitenote_category":0,"footnotes":""},"categories":[8],"tags":[12,18],"class_list":["post-1639","post","type-post","status-publish","format-standard","has-post-thumbnail","hentry","category-gobierno-municipal-rio-grande-zacatecas","tag-comunicacion-social","tag-gobierno-municipal-rio-grande"],"jetpack_featured_media_url":"https:\/\/riograndezac.gob.mx\/informatica\/wp-content\/uploads\/2015\/10\/felipe-garcia-mares.png","_links":{"self":[{"href":"https:\/\/riograndezac.gob.mx\/informatica\/index.php?rest_route=\/wp\/v2\/posts\/1639","targetHints":{"allow":["GET"]}}],"collection":[{"href":"https:\/\/riograndezac.gob.mx\/informatica\/index.php?rest_route=\/wp\/v2\/posts"}],"about":[{"href":"https:\/\/riograndezac.gob.mx\/informatica\/index.php?rest_route=\/wp\/v2\/types\/post"}],"author":[{"embeddable":true,"href":"https:\/\/riograndezac.gob.mx\/informatica\/index.php?rest_route=\/wp\/v2\/users\/1"}],"replies":[{"embeddable":true,"href":"https:\/\/riograndezac.gob.mx\/informatica\/index.php?rest_route=%2Fwp%2Fv2%2Fcomments&post=1639"}],"version-history":[{"count":1,"href":"https:\/\/riograndezac.gob.mx\/informatica\/index.php?rest_route=\/wp\/v2\/posts\/1639\/revisions"}],"predecessor-version":[{"id":1642,"href":"https:\/\/riograndezac.gob.mx\/informatica\/index.php?rest_route=\/wp\/v2\/posts\/1639\/revisions\/1642"}],"wp:featuredmedia":[{"embeddable":true,"href":"https:\/\/riograndezac.gob.mx\/informatica\/index.php?rest_route=\/wp\/v2\/media\/1640"}],"wp:attachment":[{"href":"https:\/\/riograndezac.gob.mx\/informatica\/index.php?rest_route=%2Fwp%2Fv2%2Fmedia&parent=1639"}],"wp:term":[{"taxonomy":"category","embeddable":true,"href":"https:\/\/riograndezac.gob.mx\/informatica\/index.php?rest_route=%2Fwp%2Fv2%2Fcategories&post=1639"},{"taxonomy":"post_tag","embeddable":true,"href":"https:\/\/riograndezac.gob.mx\/informatica\/index.php?rest_route=%2Fwp%2Fv2%2Ftags&post=1639"}],"curies":[{"name":"wp","href":"https:\/\/api.w.org\/{rel}","templated":true}]}}