{"id":1652,"date":"2015-10-20T15:24:42","date_gmt":"2015-10-20T15:24:42","guid":{"rendered":"http:\/\/riograndezac.gob.mx\/informatica\/?p=1652"},"modified":"2015-10-20T15:24:42","modified_gmt":"2015-10-20T15:24:42","slug":"gracias-a-la-gestion-y-respaldo-del-presidente-municipal-constantino-castaneda-munoz-trabajaremos-de-manera-intensa-en-la-concientizacion-de-la-lucha-contra-el-cancer-de-mama","status":"publish","type":"post","link":"https:\/\/riograndezac.gob.mx\/informatica\/?p=1652","title":{"rendered":"Gracias a la gesti\u00f3n y respaldo del presidente municipal Constantino Casta\u00f1eda Mu\u00f1oz, trabajaremos de manera intensa en la concientizaci\u00f3n de la lucha contra el c\u00e1ncer de mama"},"content":{"rendered":"<p><a href=\"https:\/\/riograndezac.gob.mx\/informatica\/wp-content\/uploads\/2015\/10\/cancer-de-mama-1.png\"><img loading=\"lazy\" decoding=\"async\" class=\"aligncenter size-full wp-image-1653\" src=\"https:\/\/riograndezac.gob.mx\/informatica\/wp-content\/uploads\/2015\/10\/cancer-de-mama-1.png\" alt=\"cancer de mama (1)\" width=\"700\" height=\"505\" srcset=\"https:\/\/riograndezac.gob.mx\/informatica\/wp-content\/uploads\/2015\/10\/cancer-de-mama-1.png 700w, https:\/\/riograndezac.gob.mx\/informatica\/wp-content\/uploads\/2015\/10\/cancer-de-mama-1-300x216.png 300w, https:\/\/riograndezac.gob.mx\/informatica\/wp-content\/uploads\/2015\/10\/cancer-de-mama-1-24x17.png 24w, https:\/\/riograndezac.gob.mx\/informatica\/wp-content\/uploads\/2015\/10\/cancer-de-mama-1-36x26.png 36w, https:\/\/riograndezac.gob.mx\/informatica\/wp-content\/uploads\/2015\/10\/cancer-de-mama-1-48x35.png 48w\" sizes=\"auto, (max-width: 700px) 100vw, 700px\" \/><\/a><\/p>\n<p>\u201cGracias a la gesti\u00f3n y respaldo del presidente municipal Constantino Casta\u00f1eda Mu\u00f1oz, trabajaremos de manera intensa en la concientizaci\u00f3n de la lucha contra el c\u00e1ncer de mama, por lo que estaremos visitando distintas comunidades con una brigada de atenci\u00f3n de la Secretar\u00eda de las Mujeres\u201d, inform\u00f3 Anah\u00ed Cerrillo Aguilar, titular del Instituto Municipal de la Mujer en R\u00edo Grande.<\/p>\n<p>&nbsp;<\/p>\n<p>Durante el acto c\u00edvico de este lunes, la funcionaria se\u00f1al\u00f3 que \u201cvisitaremos diferentes comunidades en compa\u00f1\u00eda de la brigada de atenci\u00f3n de la Secretar\u00eda de las Mujeres, con el objetivo de detectar casos de violencia hacia la mujer de la mano con la concientizaci\u00f3n sobre el mes de la lucha contra el c\u00e1ncer de mama\u201d.<\/p>\n<p>&nbsp;<\/p>\n<p>\u201cIniciaremos en la comunidad de Boquilla de Arriba, el d\u00eda 20 a las 11 de la ma\u00f1ana en Tetillas, 21 en Pastelera a las 11 de la ma\u00f1ana, el d\u00eda 26 a las 12 del medio d\u00eda visitaremos Noria del Boyero, el 27 a las 11 de la ma\u00f1ana en San Lorenzo y el d\u00eda 28 a la misma hora recibiremos a las mujeres de Lerdo de Tejada en la comunidad de Anastasio V. Hinojosa, cabe mencionar la buena coordinaci\u00f3n que tenemos con las autoridades de las comunidades, con sus delegadas y delegados quienes ha mostrado inter\u00e9s sobre el tema\u201d, expuso en su mensaje.<\/p>\n<p>&nbsp;<\/p>\n<p>Refiri\u00f3 que \u201cel acceso a la salud parte de los derechos humanos de todas las mujeres, debemos exigirlos y ejercerlos, dado que por los estereotipos que tenemos por la cultura de nuestro pa\u00eds, a\u00fan hay muchas mujeres que no acuden a recibir atenci\u00f3n m\u00e9dica por la resistencia de sus parejas que debido al sometimiento son v\u00edctimas en cierta forma de violencia, pues para la realizaci\u00f3n de estos estudios es necesaria la exploraci\u00f3n en partes \u00edntimas\u201d.<\/p>\n<p>&nbsp;<\/p>\n<p>\u201cEstos casos son frecuentes, hay mujeres que no son revisadas en una mastograf\u00eda debido a que deber\u00e1n mostrar los senos a personal m\u00e9dico, si hacer un llamado a los habitantes e informarles que las personas que hacen estos estudios son totalmente profesionales y son los encargados de estas \u00e1reas, cuentan con la profesi\u00f3n para llevar a cabo esta actividad, as\u00ed que no hay porque restringir a las mujeres el acceso a la salud\u201d, se\u00f1al\u00f3.<\/p>\n<p>&nbsp;<\/p>\n<p>\u201cOtro tema importante es el de la autoexploraci\u00f3n, cuando una mujer detecta en uno de sus senos una bola existe la posibilidad de que sea un tumor cancer\u00edgeno que tiene arraigado alrededor de 7 a\u00f1os dentro del organismo, es por eso la importancia de acudir a realizarse la mastograf\u00eda antes y despu\u00e9s de los 40 a\u00f1os de edad y consecuentemente la revisi\u00f3n cada a\u00f1o y as\u00ed prevenir alg\u00fan padecimiento que ya el medico habr\u00e1 de valorar siempre y cuando la detecci\u00f3n sea temprana, a veces cuando es muy avanzado ya no hay mucho que hacer\u201d, manifest\u00f3.<\/p>\n<p>\u201cCuando se detecta el c\u00e1ncer en etapa temprana hay altas probabilidades de exterminarlo, lamentablemente en nuestro pa\u00eds las mujeres que acuden cuando ya es muy tarde, as\u00ed que el llamado por parte de la Presidencia Municipal a trav\u00e9s del Instituto de la Mujer a unirse a esta campa\u00f1a que es a nivel internacional a la concientizaci\u00f3n sobre la lucha contra el c\u00e1ncer de mama, para que acudan las mujeres a realizarse estos ex\u00e1menes\u201d, a\u00f1adi\u00f3 Cerrillo Aguilar.<\/p>\n<p>&nbsp;<\/p>\n<p>Finalmente, la funcionaria, exhort\u00f3 a las mujeres para \u201cque practiquen la autoexploraci\u00f3n, pero que no dejen de lado acudir a las instituciones de salud que estos servicios no tienen costo alguno, hemos trabajado en coordinaci\u00f3n para darle una mejor atenci\u00f3n a nuestras mujeres\u201d.<\/p>\n","protected":false},"excerpt":{"rendered":"<p>Iniciaremos en la comunidad de Boquilla de Arriba, el d\u00eda 20 a las 11 de la ma\u00f1ana en Tetillas, 21 en Pastelera a las 11 de la ma\u00f1ana, el d\u00eda 26 a las 12 del medio d\u00eda visitaremos Noria del Boyero, el 27 a las 11 de la ma\u00f1ana en San Lorenzo y el d\u00eda 28 &#8230;<\/p>\n","protected":false},"author":1,"featured_media":1653,"comment_status":"closed","ping_status":"closed","sticky":false,"template":"","format":"standard","meta":{"_monsterinsights_skip_tracking":false,"_monsterinsights_sitenote_active":false,"_monsterinsights_sitenote_note":"","_monsterinsights_sitenote_category":0,"footnotes":""},"categories":[4],"tags":[12,18],"class_list":["post-1652","post","type-post","status-publish","format-standard","has-post-thumbnail","hentry","category-boletines","tag-comunicacion-social","tag-gobierno-municipal-rio-grande"],"jetpack_featured_media_url":"https:\/\/riograndezac.gob.mx\/informatica\/wp-content\/uploads\/2015\/10\/cancer-de-mama-1.png","_links":{"self":[{"href":"https:\/\/riograndezac.gob.mx\/informatica\/index.php?rest_route=\/wp\/v2\/posts\/1652","targetHints":{"allow":["GET"]}}],"collection":[{"href":"https:\/\/riograndezac.gob.mx\/informatica\/index.php?rest_route=\/wp\/v2\/posts"}],"about":[{"href":"https:\/\/riograndezac.gob.mx\/informatica\/index.php?rest_route=\/wp\/v2\/types\/post"}],"author":[{"embeddable":true,"href":"https:\/\/riograndezac.gob.mx\/informatica\/index.php?rest_route=\/wp\/v2\/users\/1"}],"replies":[{"embeddable":true,"href":"https:\/\/riograndezac.gob.mx\/informatica\/index.php?rest_route=%2Fwp%2Fv2%2Fcomments&post=1652"}],"version-history":[{"count":1,"href":"https:\/\/riograndezac.gob.mx\/informatica\/index.php?rest_route=\/wp\/v2\/posts\/1652\/revisions"}],"predecessor-version":[{"id":1654,"href":"https:\/\/riograndezac.gob.mx\/informatica\/index.php?rest_route=\/wp\/v2\/posts\/1652\/revisions\/1654"}],"wp:featuredmedia":[{"embeddable":true,"href":"https:\/\/riograndezac.gob.mx\/informatica\/index.php?rest_route=\/wp\/v2\/media\/1653"}],"wp:attachment":[{"href":"https:\/\/riograndezac.gob.mx\/informatica\/index.php?rest_route=%2Fwp%2Fv2%2Fmedia&parent=1652"}],"wp:term":[{"taxonomy":"category","embeddable":true,"href":"https:\/\/riograndezac.gob.mx\/informatica\/index.php?rest_route=%2Fwp%2Fv2%2Fcategories&post=1652"},{"taxonomy":"post_tag","embeddable":true,"href":"https:\/\/riograndezac.gob.mx\/informatica\/index.php?rest_route=%2Fwp%2Fv2%2Ftags&post=1652"}],"curies":[{"name":"wp","href":"https:\/\/api.w.org\/{rel}","templated":true}]}}