{"id":1684,"date":"2015-10-23T19:56:04","date_gmt":"2015-10-23T19:56:04","guid":{"rendered":"http:\/\/riograndezac.gob.mx\/informatica\/?p=1684"},"modified":"2015-10-23T19:56:04","modified_gmt":"2015-10-23T19:56:04","slug":"gran-final-del-torneo-municipal-de-futbol-rapido-varonil-de-primera-y-segunda-fuerza","status":"publish","type":"post","link":"https:\/\/riograndezac.gob.mx\/informatica\/?p=1684","title":{"rendered":"gran final del Torneo municipal de Futbol R\u00e1pido Varonil de primera y segunda fuerza"},"content":{"rendered":"<p><a href=\"https:\/\/riograndezac.gob.mx\/informatica\/wp-content\/uploads\/2015\/10\/Futbol1.png\"><img loading=\"lazy\" decoding=\"async\" class=\"aligncenter size-full wp-image-1685\" src=\"https:\/\/riograndezac.gob.mx\/informatica\/wp-content\/uploads\/2015\/10\/Futbol1.png\" alt=\"Futbol1\" width=\"700\" height=\"466\" srcset=\"https:\/\/riograndezac.gob.mx\/informatica\/wp-content\/uploads\/2015\/10\/Futbol1.png 700w, https:\/\/riograndezac.gob.mx\/informatica\/wp-content\/uploads\/2015\/10\/Futbol1-300x200.png 300w, https:\/\/riograndezac.gob.mx\/informatica\/wp-content\/uploads\/2015\/10\/Futbol1-24x16.png 24w, https:\/\/riograndezac.gob.mx\/informatica\/wp-content\/uploads\/2015\/10\/Futbol1-36x24.png 36w, https:\/\/riograndezac.gob.mx\/informatica\/wp-content\/uploads\/2015\/10\/Futbol1-48x32.png 48w\" sizes=\"auto, (max-width: 700px) 100vw, 700px\" \/><\/a><\/p>\n<p>El gobierno municipal de R\u00edo Grande presidido por Constantino Casta\u00f1eda Mu\u00f1oz a trav\u00e9s del Instituto del Deporte, encabezado por H\u00e9ctor Martin S\u00e1nchez Calder\u00f3n, invitan a la gran final del Torneo municipal de Futbol R\u00e1pido Varonil de primera y segunda fuerza, en el Centro Deportivo Ol\u00edmpico.<\/p>\n<p>&nbsp;<\/p>\n<p>S\u00e1nchez Calder\u00f3n, se\u00f1al\u00f3 que la final ser\u00e1 en punto de las 8 de la noche en el Centro Deportivo Ol\u00edmpico de la colonia Azteca, por lo que se espera la participaci\u00f3n de toda la poblaci\u00f3n que gusta del bal\u00f3n pie.<\/p>\n<p>&nbsp;<\/p>\n<p>Inform\u00f3 que la final ser\u00e1 entre los equipos de segunda fuerza, \u201cLos Pollos\u201d, contra \u201cLa pura lavada FC\u201d, y de primera fuerza, \u201cAcademia\u201d contra \u201cPCL\u201d.<\/p>\n<p>&nbsp;<\/p>\n<p>S\u00e1nchez Calder\u00f3n, a\u00f1adi\u00f3 que con este tipo de actividades, reconocemos el talento de los j\u00f3venes deportistas que participan en los torneos, adem\u00e1s de que ya tienen 2 a\u00f1os que se realizan este tipo de torneos de futbol r\u00e1pido, cada vez vemos m\u00e1s participaci\u00f3n por parte de los equipos de las colonias y barrios, tanto en la Unidad Deportiva, como en el Centro Deportivo Ol\u00edmpico.<\/p>\n<p>&nbsp;<\/p>\n<p>\u201cEsto nos compromete a impulsar el deporte, pues por indicaci\u00f3n del presidente Constantino Casta\u00f1eda Mu\u00f1oz por lo que en breve iniciaremos con la formaci\u00f3n de una selecci\u00f3n de futbol r\u00e1pido, a ra\u00edz del excelente nivel f\u00edsico y deportivo de nuestros futbolistas, con el objetivo de ir a participar a torneos intermunicipales en el estado\u201d, destac\u00f3.<\/p>\n<p>&nbsp;<\/p>\n<p>Durante este evento, el encargado de entregar los reconocimientos y premiar a los equipos ganadores ser\u00e1 S\u00e1nchez Calder\u00f3n, en representaci\u00f3n del alcalde Constantino Casta\u00f1eda Mu\u00f1oz, por lo que reiter\u00f3 la invitaci\u00f3n a la poblaci\u00f3n para que acuda y disfrute de esta noche deportiva en el Centro Deportivo Ol\u00edmpico.<\/p>\n<p>&nbsp;<\/p>\n","protected":false},"excerpt":{"rendered":"<p>Inform\u00f3 que la final ser\u00e1 entre los equipos de segunda fuerza, \u201cLos Pollos\u201d, contra \u201cLa pura lavada FC\u201d, y de primera fuerza, \u201cAcademia\u201d contra \u201cPCL\u201d.<\/p>\n","protected":false},"author":1,"featured_media":1685,"comment_status":"closed","ping_status":"closed","sticky":false,"template":"","format":"standard","meta":{"_monsterinsights_skip_tracking":false,"_monsterinsights_sitenote_active":false,"_monsterinsights_sitenote_note":"","_monsterinsights_sitenote_category":0,"footnotes":""},"categories":[4],"tags":[12,18],"class_list":["post-1684","post","type-post","status-publish","format-standard","has-post-thumbnail","hentry","category-boletines","tag-comunicacion-social","tag-gobierno-municipal-rio-grande"],"jetpack_featured_media_url":"https:\/\/riograndezac.gob.mx\/informatica\/wp-content\/uploads\/2015\/10\/Futbol1.png","_links":{"self":[{"href":"https:\/\/riograndezac.gob.mx\/informatica\/index.php?rest_route=\/wp\/v2\/posts\/1684","targetHints":{"allow":["GET"]}}],"collection":[{"href":"https:\/\/riograndezac.gob.mx\/informatica\/index.php?rest_route=\/wp\/v2\/posts"}],"about":[{"href":"https:\/\/riograndezac.gob.mx\/informatica\/index.php?rest_route=\/wp\/v2\/types\/post"}],"author":[{"embeddable":true,"href":"https:\/\/riograndezac.gob.mx\/informatica\/index.php?rest_route=\/wp\/v2\/users\/1"}],"replies":[{"embeddable":true,"href":"https:\/\/riograndezac.gob.mx\/informatica\/index.php?rest_route=%2Fwp%2Fv2%2Fcomments&post=1684"}],"version-history":[{"count":1,"href":"https:\/\/riograndezac.gob.mx\/informatica\/index.php?rest_route=\/wp\/v2\/posts\/1684\/revisions"}],"predecessor-version":[{"id":1686,"href":"https:\/\/riograndezac.gob.mx\/informatica\/index.php?rest_route=\/wp\/v2\/posts\/1684\/revisions\/1686"}],"wp:featuredmedia":[{"embeddable":true,"href":"https:\/\/riograndezac.gob.mx\/informatica\/index.php?rest_route=\/wp\/v2\/media\/1685"}],"wp:attachment":[{"href":"https:\/\/riograndezac.gob.mx\/informatica\/index.php?rest_route=%2Fwp%2Fv2%2Fmedia&parent=1684"}],"wp:term":[{"taxonomy":"category","embeddable":true,"href":"https:\/\/riograndezac.gob.mx\/informatica\/index.php?rest_route=%2Fwp%2Fv2%2Fcategories&post=1684"},{"taxonomy":"post_tag","embeddable":true,"href":"https:\/\/riograndezac.gob.mx\/informatica\/index.php?rest_route=%2Fwp%2Fv2%2Ftags&post=1684"}],"curies":[{"name":"wp","href":"https:\/\/api.w.org\/{rel}","templated":true}]}}