{"id":1704,"date":"2015-10-24T18:45:03","date_gmt":"2015-10-24T18:45:03","guid":{"rendered":"http:\/\/riograndezac.gob.mx\/informatica\/?p=1704"},"modified":"2015-11-12T14:28:19","modified_gmt":"2015-11-12T14:28:19","slug":"1704","status":"publish","type":"post","link":"https:\/\/riograndezac.gob.mx\/informatica\/?p=1704","title":{"rendered":"En alerta permanente el Gobierno Municipal encabezado por Constantino Casta\u00f1eda Mu\u00f1oz, por la presencia del Hurac\u00e1n \u201cPatricia\u201d, con el objetivo primordial de salvaguardar la vida de las y los riograndenses."},"content":{"rendered":"<p><a href=\"https:\/\/riograndezac.gob.mx\/informatica\/wp-content\/uploads\/2015\/10\/Reunion3.png\"><img loading=\"lazy\" decoding=\"async\" class=\"aligncenter size-full wp-image-1705\" src=\"https:\/\/riograndezac.gob.mx\/informatica\/wp-content\/uploads\/2015\/10\/Reunion3.png\" alt=\"Reunion3\" width=\"700\" height=\"266\" srcset=\"https:\/\/riograndezac.gob.mx\/informatica\/wp-content\/uploads\/2015\/10\/Reunion3.png 700w, https:\/\/riograndezac.gob.mx\/informatica\/wp-content\/uploads\/2015\/10\/Reunion3-300x114.png 300w, https:\/\/riograndezac.gob.mx\/informatica\/wp-content\/uploads\/2015\/10\/Reunion3-24x9.png 24w, https:\/\/riograndezac.gob.mx\/informatica\/wp-content\/uploads\/2015\/10\/Reunion3-36x14.png 36w, https:\/\/riograndezac.gob.mx\/informatica\/wp-content\/uploads\/2015\/10\/Reunion3-48x18.png 48w\" sizes=\"auto, (max-width: 700px) 100vw, 700px\" \/><\/a><\/p>\n<p>&nbsp;<\/p>\n<p>En alerta permanente el Gobierno Municipal encabezado por Constantino Casta\u00f1eda Mu\u00f1oz, por la presencia del Hurac\u00e1n \u201cPatricia\u201d, con el objetivo primordial de salvaguardar la vida de las y los riograndenses.<\/p>\n<p>&nbsp;<\/p>\n<p>Este viernes, se instal\u00f3 la comisi\u00f3n permanente para la prevenci\u00f3n de contingencia por el hurac\u00e1n Patricia que est\u00e1 catalogado como el m\u00e1s peligroso que se haya registrado en el mundo, por lo que el gobierno del municipio, inform\u00f3 a trav\u00e9s del Secretario del Ayuntamiento, Felipe de Jes\u00fas Badillo Ram\u00edrez, que se est\u00e1n tomando todas las medidas preventivas necesarias.<\/p>\n<p>&nbsp;<\/p>\n<p>En esta reuni\u00f3n, estuvo el titular de Protecci\u00f3n Civil y Bomberos, H\u00e9ctor Joaqu\u00edn Calder\u00f3n Aguilar, Mart\u00edn Reyes Moctezuma, teniente de infanter\u00eda de la onceava zona militar, el encargado de seguridad p\u00fablica, Edson Ortega Rodr\u00edguez; por parte de la Jurisdicci\u00f3n Sanitaria n\u00famero 4, Jos\u00e9 Manuel Saucedo, Julio C\u00e9sar Mares del DIF municipal, el subdirector de Obras P\u00fablicas, Jos\u00e9 Lu\u00eds \u00c1vila, adem\u00e1s de que se cuenta con el respaldo en este operativo de seguridad, de tr\u00e1nsito a cargo de Juan de Dios Garc\u00eda Valenzuela y el SIMAPARG, a cargo de Roberto Mart\u00ednez.<\/p>\n<p>&nbsp;<\/p>\n<p>De manera operativa, Calder\u00f3n Aguilar, manifest\u00f3 que \u201cel hurac\u00e1n es muy peligroso, los informes que tenemos es que cruzar\u00e1 el estado de Zacatecas; entrar\u00e1 por Juchipila, hasta llegar a R\u00edo Grande centro y Juan Aldama Norte, estamos previendo toda la situaci\u00f3n, no queremos alarmar a la gente, pero si queremos estar previniendo sobre todo a la cuenca baja que es la colonia la Trinidad y Los \u00c1lamos, por lo que estaremos informando sobre la situaci\u00f3n\u201d.<\/p>\n<p>&nbsp;<\/p>\n<p>Se inform\u00f3 que en el caso de la presa del Cazadero, se est\u00e1 desfogando 12 metros c\u00fabicos por segundo, para sacar el agua que m\u00e1s se pueda, con el fin de tener un colch\u00f3n, puesto que el d\u00eda de ma\u00f1ana bajar\u00e1 mucha agua de la parte alta.<\/p>\n<p>&nbsp;<\/p>\n<p>Adem\u00e1s manifestaron que se estar\u00e1 alerta a las precipitaciones que se esperan, que son 100 mil\u00edmetros, que es mucho, ojal\u00e1 que el fen\u00f3meno no se estaciona, porque es donde se empiezan a causar muchos estragos; nos dicen que es un fen\u00f3meno de un d\u00eda, ojal\u00e1 que sea as\u00ed.<\/p>\n<p>&nbsp;<\/p>\n<p>Hacemos un llamado a los que es la colonia Francisco Garc\u00eda Salinas, Emiliano Zapata, San Felipe, en los lugares donde hay cruces de arroyos, que bajan en medio de las casas, para evitar una contingencia mayor, para que est\u00e9n atentos a las indicaciones de Protecci\u00f3n civil, CONAGUA y del propio gobierno municipal.<\/p>\n<p>&nbsp;<\/p>\n<p>&nbsp;<\/p>\n<p>&nbsp;<\/p>\n<p>&nbsp;<\/p>\n<p>&nbsp;<\/p>\n<p>&nbsp;<\/p>\n<p>En representaci\u00f3n del alcalde Constantino Casta\u00f1eda Mu\u00f1oz, se inform\u00f3 que se tienen habilitados ya albergues como en Casa Hogar Santa Elena, la escuela primaria Benito Ju\u00e1rez, entre otros, para en caso de ser necesario.<\/p>\n<p>&nbsp;<\/p>\n<p>Pusieron a disposici\u00f3n los tel\u00e9fonos 9839900, 9838190 y 9820186, para en caso de emergencia, as\u00ed como el 066 y 116, haciendo \u00e9nfasis en que en ocasiones, dependiendo de la compa\u00f1\u00eda telef\u00f3nica, se dificulta la comunicaci\u00f3n.<\/p>\n<p>&nbsp;<\/p>\n<p>El primer mandatario Casta\u00f1eda Mu\u00f1oz, manifest\u00f3 que desde el inicio de la Administraci\u00f3n, al haberse presentado tambi\u00e9n la contingencia del 2013, se comenzaron los trabajos de desazolve del R\u00edo Aguanaval, la Ca\u00f1ada, as\u00ed como otras acciones que son de gran importancia para que en esta ocasi\u00f3n se puedan evitar inundaciones.<\/p>\n<p>&nbsp;<\/p>\n<p>Pidi\u00f3 a la poblaci\u00f3n, estar atentos a los medios de comunicaci\u00f3n y redes sociales, para evitar p\u00e9rdidas humanas, as\u00ed como en caso de ser necesaria alguna evacuaci\u00f3n, se realice sin caer en el caos.<\/p>\n","protected":false},"excerpt":{"rendered":"<p>Se inform\u00f3 que en el caso de la presa del Cazadero, se est\u00e1 desfogando 12 metros c\u00fabicos por segundo, para sacar el agua que m\u00e1s se pueda, con el fin de tener un colch\u00f3n, puesto que el d\u00eda de ma\u00f1ana bajar\u00e1 mucha agua de la parte alta.<\/p>\n","protected":false},"author":1,"featured_media":1705,"comment_status":"closed","ping_status":"closed","sticky":false,"template":"","format":"standard","meta":{"_monsterinsights_skip_tracking":false,"_monsterinsights_sitenote_active":false,"_monsterinsights_sitenote_note":"","_monsterinsights_sitenote_category":0,"footnotes":""},"categories":[8],"tags":[12],"class_list":["post-1704","post","type-post","status-publish","format-standard","has-post-thumbnail","hentry","category-gobierno-municipal-rio-grande-zacatecas","tag-comunicacion-social"],"jetpack_featured_media_url":"https:\/\/riograndezac.gob.mx\/informatica\/wp-content\/uploads\/2015\/10\/Reunion3.png","_links":{"self":[{"href":"https:\/\/riograndezac.gob.mx\/informatica\/index.php?rest_route=\/wp\/v2\/posts\/1704","targetHints":{"allow":["GET"]}}],"collection":[{"href":"https:\/\/riograndezac.gob.mx\/informatica\/index.php?rest_route=\/wp\/v2\/posts"}],"about":[{"href":"https:\/\/riograndezac.gob.mx\/informatica\/index.php?rest_route=\/wp\/v2\/types\/post"}],"author":[{"embeddable":true,"href":"https:\/\/riograndezac.gob.mx\/informatica\/index.php?rest_route=\/wp\/v2\/users\/1"}],"replies":[{"embeddable":true,"href":"https:\/\/riograndezac.gob.mx\/informatica\/index.php?rest_route=%2Fwp%2Fv2%2Fcomments&post=1704"}],"version-history":[{"count":2,"href":"https:\/\/riograndezac.gob.mx\/informatica\/index.php?rest_route=\/wp\/v2\/posts\/1704\/revisions"}],"predecessor-version":[{"id":1708,"href":"https:\/\/riograndezac.gob.mx\/informatica\/index.php?rest_route=\/wp\/v2\/posts\/1704\/revisions\/1708"}],"wp:featuredmedia":[{"embeddable":true,"href":"https:\/\/riograndezac.gob.mx\/informatica\/index.php?rest_route=\/wp\/v2\/media\/1705"}],"wp:attachment":[{"href":"https:\/\/riograndezac.gob.mx\/informatica\/index.php?rest_route=%2Fwp%2Fv2%2Fmedia&parent=1704"}],"wp:term":[{"taxonomy":"category","embeddable":true,"href":"https:\/\/riograndezac.gob.mx\/informatica\/index.php?rest_route=%2Fwp%2Fv2%2Fcategories&post=1704"},{"taxonomy":"post_tag","embeddable":true,"href":"https:\/\/riograndezac.gob.mx\/informatica\/index.php?rest_route=%2Fwp%2Fv2%2Ftags&post=1704"}],"curies":[{"name":"wp","href":"https:\/\/api.w.org\/{rel}","templated":true}]}}