{"id":1714,"date":"2015-10-24T18:55:15","date_gmt":"2015-10-24T18:55:15","guid":{"rendered":"http:\/\/riograndezac.gob.mx\/informatica\/?p=1714"},"modified":"2015-10-24T18:55:15","modified_gmt":"2015-10-24T18:55:15","slug":"respalda-el-gobierno-municipal-encabezado-por-constantino-castaneda-munoz-a-la-fundacion-operacion-milagro","status":"publish","type":"post","link":"https:\/\/riograndezac.gob.mx\/informatica\/?p=1714","title":{"rendered":"Respalda el Gobierno Municipal encabezado por Constantino Casta\u00f1eda Mu\u00f1oz, a la Fundaci\u00f3n Operaci\u00f3n Milagro"},"content":{"rendered":"<p><a href=\"https:\/\/riograndezac.gob.mx\/informatica\/wp-content\/uploads\/2015\/10\/operacion-milagro-1.jpg\"><img loading=\"lazy\" decoding=\"async\" class=\"aligncenter size-full wp-image-1716\" src=\"https:\/\/riograndezac.gob.mx\/informatica\/wp-content\/uploads\/2015\/10\/operacion-milagro-1.jpg\" alt=\"operacion milagro (1)\" width=\"700\" height=\"466\" srcset=\"https:\/\/riograndezac.gob.mx\/informatica\/wp-content\/uploads\/2015\/10\/operacion-milagro-1.jpg 700w, https:\/\/riograndezac.gob.mx\/informatica\/wp-content\/uploads\/2015\/10\/operacion-milagro-1-300x200.jpg 300w, https:\/\/riograndezac.gob.mx\/informatica\/wp-content\/uploads\/2015\/10\/operacion-milagro-1-24x16.jpg 24w, https:\/\/riograndezac.gob.mx\/informatica\/wp-content\/uploads\/2015\/10\/operacion-milagro-1-36x24.jpg 36w, https:\/\/riograndezac.gob.mx\/informatica\/wp-content\/uploads\/2015\/10\/operacion-milagro-1-48x32.jpg 48w\" sizes=\"auto, (max-width: 700px) 100vw, 700px\" \/><\/a><\/p>\n<p>Respalda el Gobierno Municipal encabezado por Constantino Casta\u00f1eda Mu\u00f1oz, a la Fundaci\u00f3n Operaci\u00f3n Milagro, para realizar una jornada el pr\u00f3ximo 26 de octubre en las instalaciones del Sal\u00f3n Cristal, a partir de las 8:00 de la ma\u00f1ana hasta terminar la consulta con el \u00faltimo paciente.<\/p>\n<p>&nbsp;<\/p>\n<p>Ramiro Arredondo, enlace municipal con la fundaci\u00f3n, se\u00f1al\u00f3 que \u201cconforme lleguen al sal\u00f3n ser\u00e1n atendidos, ya que esperamos la concurrencia de pacientes de los hermanos municipios vecinos de Sombrerete, Sa\u00edn Alto, Ca\u00f1itas de Felipe Pescador, Nieves, Miguel Auza, Juan Aldama y R\u00edo Grande\u201d.<\/p>\n<p>&nbsp;<\/p>\n<p>\u201cEn estos primeros 9 a\u00f1os de estar al frente de esta noble causa, hemos prestado nuestro servicio humanitario a la sociedad, seguimos con el objetivo de luchar por un territorio libre de cataratas, y agradecidos infinitamente con nuestras autoridades en momento con el presidente municipal Constantino Casta\u00f1eda Mu\u00f1oz por todas las facilidades brindadas a la fundaci\u00f3n, as\u00ed lo dio a conocer Ramiro Arredondo.<\/p>\n<p>&nbsp;<\/p>\n<p>\u201cEste programa consiste en brindar atenci\u00f3n a personas que padecen de problemas de la vista como cataratas, pterigon, retina, estrabismo, y glaucoma, miop\u00eda y astigmatismo, estrabismo y carnosidad, entre otras m\u00e1s que quiz\u00e1 no sabe el paciente que tiene el problema o la infecci\u00f3n, para ello nos hemos dado a la tarea de continuar con una brigada m\u00e1s de atenci\u00f3n este pr\u00f3ximo lunes 26 de octubre\u201d, refiri\u00f3<\/p>\n<p>&nbsp;<\/p>\n<p>Arredondo Gonz\u00e1lez, dijo que \u201ccontaremos con la visita de m\u00e9dicos especializados en el tema de oftalmolog\u00eda, que brindaran consultas completamente gratis para todas las personas ni\u00f1os y adultos que padezcan de alg\u00fan problema, adem\u00e1s que contaremos tambi\u00e9n con optometristas certificados quienes se encargaran de dar el servicio de graduaci\u00f3n de lentes a muy bajo costo, depende del diagn\u00f3stico entregado por los m\u00e9dicos pues ya se pone a consideraci\u00f3n si el paciente es o no candidato a una cirug\u00eda\u201d.<\/p>\n","protected":false},"excerpt":{"rendered":"<p>Ramiro Arredondo, enlace municipal con la fundaci\u00f3n, se\u00f1al\u00f3 que \u201cconforme lleguen al sal\u00f3n ser\u00e1n atendidos, ya que esperamos la concurrencia de pacientes de los hermanos municipios vecinos de Sombrerete, Sa\u00edn Alto, Ca\u00f1itas de Felipe Pescador, Nieves, Miguel Auza, Juan Aldama y R\u00edo Grande\u201d.<\/p>\n","protected":false},"author":1,"featured_media":1716,"comment_status":"closed","ping_status":"closed","sticky":false,"template":"","format":"standard","meta":{"_monsterinsights_skip_tracking":false,"_monsterinsights_sitenote_active":false,"_monsterinsights_sitenote_note":"","_monsterinsights_sitenote_category":0,"footnotes":""},"categories":[5],"tags":[12],"class_list":["post-1714","post","type-post","status-publish","format-standard","has-post-thumbnail","hentry","category-destacados","tag-comunicacion-social"],"jetpack_featured_media_url":"https:\/\/riograndezac.gob.mx\/informatica\/wp-content\/uploads\/2015\/10\/operacion-milagro-1.jpg","_links":{"self":[{"href":"https:\/\/riograndezac.gob.mx\/informatica\/index.php?rest_route=\/wp\/v2\/posts\/1714","targetHints":{"allow":["GET"]}}],"collection":[{"href":"https:\/\/riograndezac.gob.mx\/informatica\/index.php?rest_route=\/wp\/v2\/posts"}],"about":[{"href":"https:\/\/riograndezac.gob.mx\/informatica\/index.php?rest_route=\/wp\/v2\/types\/post"}],"author":[{"embeddable":true,"href":"https:\/\/riograndezac.gob.mx\/informatica\/index.php?rest_route=\/wp\/v2\/users\/1"}],"replies":[{"embeddable":true,"href":"https:\/\/riograndezac.gob.mx\/informatica\/index.php?rest_route=%2Fwp%2Fv2%2Fcomments&post=1714"}],"version-history":[{"count":1,"href":"https:\/\/riograndezac.gob.mx\/informatica\/index.php?rest_route=\/wp\/v2\/posts\/1714\/revisions"}],"predecessor-version":[{"id":1717,"href":"https:\/\/riograndezac.gob.mx\/informatica\/index.php?rest_route=\/wp\/v2\/posts\/1714\/revisions\/1717"}],"wp:featuredmedia":[{"embeddable":true,"href":"https:\/\/riograndezac.gob.mx\/informatica\/index.php?rest_route=\/wp\/v2\/media\/1716"}],"wp:attachment":[{"href":"https:\/\/riograndezac.gob.mx\/informatica\/index.php?rest_route=%2Fwp%2Fv2%2Fmedia&parent=1714"}],"wp:term":[{"taxonomy":"category","embeddable":true,"href":"https:\/\/riograndezac.gob.mx\/informatica\/index.php?rest_route=%2Fwp%2Fv2%2Fcategories&post=1714"},{"taxonomy":"post_tag","embeddable":true,"href":"https:\/\/riograndezac.gob.mx\/informatica\/index.php?rest_route=%2Fwp%2Fv2%2Ftags&post=1714"}],"curies":[{"name":"wp","href":"https:\/\/api.w.org\/{rel}","templated":true}]}}