{"id":1752,"date":"2015-10-25T05:23:10","date_gmt":"2015-10-25T05:23:10","guid":{"rendered":"http:\/\/riograndezac.gob.mx\/informatica\/?p=1752"},"modified":"2015-12-10T05:16:29","modified_gmt":"2015-12-10T05:16:29","slug":"el-jardin-de-ninos-rosario-castellanos-celebro-el-dia-de-las-naciones-unidas","status":"publish","type":"post","link":"https:\/\/riograndezac.gob.mx\/informatica\/?p=1752","title":{"rendered":"El Jard\u00edn de Ni\u00f1os, Rosario Castellanos, celebr\u00f3 el D\u00eda de las Naciones Unidas"},"content":{"rendered":"<p><a href=\"https:\/\/riograndezac.gob.mx\/informatica\/wp-content\/uploads\/2015\/10\/NACIONES-UNIDAS-3-1024x683.jpg\"><img loading=\"lazy\" decoding=\"async\" class=\"aligncenter size-full wp-image-1753\" src=\"https:\/\/riograndezac.gob.mx\/informatica\/wp-content\/uploads\/2015\/10\/NACIONES-UNIDAS-3-1024x683.jpg\" alt=\"NACIONES UNIDAS (3) (1024x683)\" width=\"700\" height=\"406\" srcset=\"https:\/\/riograndezac.gob.mx\/informatica\/wp-content\/uploads\/2015\/10\/NACIONES-UNIDAS-3-1024x683.jpg 700w, https:\/\/riograndezac.gob.mx\/informatica\/wp-content\/uploads\/2015\/10\/NACIONES-UNIDAS-3-1024x683-300x174.jpg 300w, https:\/\/riograndezac.gob.mx\/informatica\/wp-content\/uploads\/2015\/10\/NACIONES-UNIDAS-3-1024x683-24x14.jpg 24w, https:\/\/riograndezac.gob.mx\/informatica\/wp-content\/uploads\/2015\/10\/NACIONES-UNIDAS-3-1024x683-36x21.jpg 36w, https:\/\/riograndezac.gob.mx\/informatica\/wp-content\/uploads\/2015\/10\/NACIONES-UNIDAS-3-1024x683-48x28.jpg 48w\" sizes=\"auto, (max-width: 700px) 100vw, 700px\" \/><\/a><\/p>\n<p>El Jard\u00edn de Ni\u00f1os, Rosario Castellanos, celebr\u00f3 el D\u00eda de las Naciones Unidas, con el objetivo de inculcar en la comunidad estudiantil adem\u00e1s de los valores c\u00edvicos, la necesidad de que los pa\u00edses vivan en paz.<\/p>\n<p>&nbsp;<\/p>\n<p>En este emotivo acto, estuvo la directora del preescolar Mar\u00eda del Rosario Ordaz Ayala, as\u00ed como la supervisora de la zona n\u00famero 11, Lourdes Alvarado Mart\u00ednez, quienes dieron a conocer a la comunidad estudiantil que \u201cel d\u00eda de la ONU marca el aniversario de la entrada en vigor en 1945 de la Carta de las Naciones Unidas, con la ratificaci\u00f3n de este documento fundacional de la mayor\u00eda de sus signatarios, incluidos los cinco miembros permanentes del Consejo de Seguridad, las Naciones Unidas entr\u00f3 oficialmente en vigor\u201d.<\/p>\n<p>&nbsp;<\/p>\n<p>Con las y los ni\u00f1os vestidos con los trajes t\u00edpicos de los distintos pa\u00edses, se llev\u00f3 a cabo un desfile de banderas, as\u00ed como la declamaci\u00f3n de una poes\u00eda llamada \u201cNo a la guerra\u201d, a cargo de Karol Guadalupe Gonz\u00e1lez Esquivel.<\/p>\n<p>&nbsp;<\/p>\n<p>En este acto, se realizaron los Honores a la Bandera, en donde se record\u00f3 que el D\u00eda de las Naciones Unidas est\u00e1 consagrado a hacer conocer las finalidades y realizaciones de las Naciones Unidas a los pueblos del mundo y lograr que apoyen su obra. La conmemoraci\u00f3n del D\u00eda de las Naciones Unidas abre un espacio para deliberaciones y exposiciones sobre los objetivos de la organizaci\u00f3n, as\u00ed como para el debate sobre los grandes problemas que afectan la paz mundial.<\/p>\n<p>&nbsp;<\/p>\n<p>Finalizaron recordando el mensaje del Secretario General Ban Ki-moon con ocasi\u00f3n del D\u00eda de las Naciones Unidas 2015, \u201clas Naciones Unidas trabajan para la gran familia de 7.000 millones de seres humanos y cuidan de la Tierra, que es nuestro \u00fanico hogar\u201d.<\/p>\n","protected":false},"excerpt":{"rendered":"<p>Con las y los ni\u00f1os vestidos con los trajes t\u00edpicos de los distintos pa\u00edses, se llev\u00f3 a cabo un desfile de banderas, as\u00ed como la declamaci\u00f3n de una poes\u00eda llamada \u201cNo a la guerra\u201d, a cargo de Karol Guadalupe Gonz\u00e1lez Esquivel.<\/p>\n","protected":false},"author":1,"featured_media":1753,"comment_status":"closed","ping_status":"closed","sticky":false,"template":"","format":"standard","meta":{"_monsterinsights_skip_tracking":false,"_monsterinsights_sitenote_active":false,"_monsterinsights_sitenote_note":"","_monsterinsights_sitenote_category":0,"footnotes":""},"categories":[5],"tags":[12],"class_list":["post-1752","post","type-post","status-publish","format-standard","has-post-thumbnail","hentry","category-destacados","tag-comunicacion-social"],"jetpack_featured_media_url":"https:\/\/riograndezac.gob.mx\/informatica\/wp-content\/uploads\/2015\/10\/NACIONES-UNIDAS-3-1024x683.jpg","_links":{"self":[{"href":"https:\/\/riograndezac.gob.mx\/informatica\/index.php?rest_route=\/wp\/v2\/posts\/1752","targetHints":{"allow":["GET"]}}],"collection":[{"href":"https:\/\/riograndezac.gob.mx\/informatica\/index.php?rest_route=\/wp\/v2\/posts"}],"about":[{"href":"https:\/\/riograndezac.gob.mx\/informatica\/index.php?rest_route=\/wp\/v2\/types\/post"}],"author":[{"embeddable":true,"href":"https:\/\/riograndezac.gob.mx\/informatica\/index.php?rest_route=\/wp\/v2\/users\/1"}],"replies":[{"embeddable":true,"href":"https:\/\/riograndezac.gob.mx\/informatica\/index.php?rest_route=%2Fwp%2Fv2%2Fcomments&post=1752"}],"version-history":[{"count":1,"href":"https:\/\/riograndezac.gob.mx\/informatica\/index.php?rest_route=\/wp\/v2\/posts\/1752\/revisions"}],"predecessor-version":[{"id":1754,"href":"https:\/\/riograndezac.gob.mx\/informatica\/index.php?rest_route=\/wp\/v2\/posts\/1752\/revisions\/1754"}],"wp:featuredmedia":[{"embeddable":true,"href":"https:\/\/riograndezac.gob.mx\/informatica\/index.php?rest_route=\/wp\/v2\/media\/1753"}],"wp:attachment":[{"href":"https:\/\/riograndezac.gob.mx\/informatica\/index.php?rest_route=%2Fwp%2Fv2%2Fmedia&parent=1752"}],"wp:term":[{"taxonomy":"category","embeddable":true,"href":"https:\/\/riograndezac.gob.mx\/informatica\/index.php?rest_route=%2Fwp%2Fv2%2Fcategories&post=1752"},{"taxonomy":"post_tag","embeddable":true,"href":"https:\/\/riograndezac.gob.mx\/informatica\/index.php?rest_route=%2Fwp%2Fv2%2Ftags&post=1752"}],"curies":[{"name":"wp","href":"https:\/\/api.w.org\/{rel}","templated":true}]}}