{"id":1768,"date":"2015-10-26T17:17:29","date_gmt":"2015-10-26T17:17:29","guid":{"rendered":"http:\/\/riograndezac.gob.mx\/informatica\/?p=1768"},"modified":"2015-10-26T17:17:29","modified_gmt":"2015-10-26T17:17:29","slug":"operativo-panteon","status":"publish","type":"post","link":"https:\/\/riograndezac.gob.mx\/informatica\/?p=1768","title":{"rendered":"Operativo pante\u00f3n"},"content":{"rendered":"<p><a href=\"https:\/\/riograndezac.gob.mx\/informatica\/wp-content\/uploads\/2015\/10\/Operativo-panteon2.png\"><img loading=\"lazy\" decoding=\"async\" class=\"aligncenter size-full wp-image-1769\" src=\"https:\/\/riograndezac.gob.mx\/informatica\/wp-content\/uploads\/2015\/10\/Operativo-panteon2.png\" alt=\"Operativo panteon2\" width=\"700\" height=\"413\" srcset=\"https:\/\/riograndezac.gob.mx\/informatica\/wp-content\/uploads\/2015\/10\/Operativo-panteon2.png 700w, https:\/\/riograndezac.gob.mx\/informatica\/wp-content\/uploads\/2015\/10\/Operativo-panteon2-300x177.png 300w, https:\/\/riograndezac.gob.mx\/informatica\/wp-content\/uploads\/2015\/10\/Operativo-panteon2-24x14.png 24w, https:\/\/riograndezac.gob.mx\/informatica\/wp-content\/uploads\/2015\/10\/Operativo-panteon2-36x21.png 36w, https:\/\/riograndezac.gob.mx\/informatica\/wp-content\/uploads\/2015\/10\/Operativo-panteon2-48x28.png 48w\" sizes=\"auto, (max-width: 700px) 100vw, 700px\" \/><\/a><\/p>\n<p>\u201cLa finalidad de esta reuni\u00f3n es para afinar detalles con respecto al operativo que se habr\u00e1 de efectuar en coordinaci\u00f3n con departamentos de la administraci\u00f3n y las corporaciones de Protecci\u00f3n Civil y Bomberos y Seguridad P\u00fablica principalmente para este pr\u00f3ximo 1 y 2 de noviembre\u201d, inform\u00f3 el secretario General de Gobierno Felipe de Jes\u00fas Badillo Ram\u00edrez.<\/p>\n<p>&nbsp;<\/p>\n<p>En una reuni\u00f3n que convoc\u00f3 el secretario general de Gobierno Felipe de Jes\u00fas Badillo Ram\u00edrez en representaci\u00f3n del presidente municipal Constantino Casta\u00f1eda Mu\u00f1oz, acudieron los encargados de los diferentes departamentos que conforman la administraci\u00f3n como lo es Registro Civil a cargo de Luis Contreras, Obras Publicas al frente de Asiel Felipe Garc\u00eda Mares, las cuadrillas de limpia y el encargado del pante\u00f3n, el titular del \u00e1rea de Comercio No\u00e9 Lazadle Luna, H\u00e9ctor Joaqu\u00edn Calder\u00f3n encargado de Protecci\u00f3n Civil y Bomberos y Seguridad P\u00fablica a cargo de Edson Ortega Rodr\u00edguez.<\/p>\n<p>&nbsp;<\/p>\n<p>Por parte del \u00e1rea de Obras y Servicios P\u00fablicos comentaron que \u201chasta el momento la actividad de limpia en el interior del pante\u00f3n se encuentra con un 80%, hemos sido apoyados por las diferentes instituciones educativas como es el ITSZN, el CBTa 20, el CECyTEZ, personal Prospera, y en pr\u00f3ximos d\u00edas esperamos la visita de la Preparatoria Independencia y otras instituciones, informar que las bardas se encuentran pintadas en su totalidad\u201d.<\/p>\n<p>&nbsp;<\/p>\n<p>\u201cDe igual forma es preciso informar que los ba\u00f1os ya est\u00e1n en funci\u00f3n, el servicio de alumbrado p\u00fablico est\u00e1 listo al igual que, en el servicio de limpia contaremos con camiones y lugares estrat\u00e9gicos para la recolecci\u00f3n de la basura, en el tema del suministro de agua, meramente ya est\u00e1 contemplada la pipa para que abastezca a la poblaci\u00f3n, informar a la ciudadan\u00eda que el servicio para estos d\u00edas de asueto comenzaran desde el s\u00e1bado 31 y terminaran hasta el 2 de noviembre\u201d, indicaron.<\/p>\n<p>&nbsp;<\/p>\n<p>En cuanto al tema que le corresponde al departamento de Comercio, informar que \u201chemos conformado un croquis con los espacios que ser\u00e1n habilitados para los comerciantes, ya hay algunos espacios apartados y de igual forma invitar a quienes deseen un espacio a que pasen a estas oficinas y realizar lo pertinente para contar con su espacio, queremos hacer de esta fiesta tradicional algo bien organizado, as\u00ed que la principal recomendaci\u00f3n y m\u00e1s que nada requisito es pues que respeten las indicaciones que a trav\u00e9s de este departamento se har\u00e1n llegar\u201d, dijo Lazalde Luna.<\/p>\n<p>&nbsp;<\/p>\n<p>\u201cEn coordinaci\u00f3n con el departamento de Protecci\u00f3n Civil y Bomberos realizaremos las verificaciones correspondientes para que cada local cuente con permisos, al igual que exigir dentro de la recomendaci\u00f3n un botiqu\u00edn de primeros auxilios y extintores en caso de que trabajen con instalaciones de gas o el\u00e9ctricas, en la calle Hidalgo, que es por todos bien sabido que aqu\u00ed se colocan vendedores, pues la misma recomendaci\u00f3n ya que en coordinaci\u00f3n con la delegaci\u00f3n de Tr\u00e1nsito y Vialidad vamos a procurar no entorpecer la vialidad y dejar libre el ascenso y descenso del cami\u00f3n suburbano\u201d, se\u00f1alaron.<\/p>\n<p>&nbsp;<\/p>\n<p>\u201cEn cuanto al trabajo de Tr\u00e1nsito tambi\u00e9n ya se analiz\u00f3 la mec\u00e1nica de la circulaci\u00f3n en las calles aleda\u00f1as al pante\u00f3n, por lo que se habr\u00e1n de establecer 6 filtros o reguladores de circulaci\u00f3n que de acuerdo a la afluencia peatonal se habilitaran para agilizar la circulaci\u00f3n vehicular, mencionar que contaremos con estacionamientos exclusivos para el ascenso y descenso de personas con algunas discapacidad y adultos mayores que realmente se les dificulte andar\u201d, mencionaron.<\/p>\n<p>&nbsp;<\/p>\n<p>\u201cPara lo que corresponde al \u00e1rea de Protecci\u00f3n Civil y Bomberos, extender la informaci\u00f3n a la ciudadan\u00eda y que con toda la confianza puedan acercarse, habr\u00e1 elementos a lo largo y ancho del pante\u00f3n, cada uno con botiqu\u00edn y radios de intercomunicaci\u00f3n para reportar cualquier contingencia y actuar a la brevedad, de antemano en coordinaci\u00f3n con Tr\u00e1nsito se ha determinado habilitar una salida del pante\u00f3n exclusiva para ambulancias, patrullas y precisamente para las personas con discapacidad o adultos mayores, contaremos con un m\u00f3dulo de primeros auxilios que nos permitir\u00e1 realizar una revisi\u00f3n preventiva a quien lo necesite as\u00ed como despachadores de agua para el consumo y evitar una deshidrataci\u00f3n\u201d, se\u00f1al\u00f3 Calder\u00f3n Aguilar.<\/p>\n<p>&nbsp;<\/p>\n<p>\u201cComo encargados de la seguridad p\u00fablica es preciso informar que en coordinaci\u00f3n con la delegaci\u00f3n de Tr\u00e1nsito y Vialidad, Protecci\u00f3n Civil, Comercio y Obras P\u00fablicas, habremos de trabajar para salvaguardar la integridad y sobretodo la seguridad de las personas durante su estancia, en coordinaci\u00f3n con la Polic\u00eda Estatal se realizar\u00e1n rondines dentro y fuera del pante\u00f3n, y en atenci\u00f3n a la sugerencia del presidente municipal Constantino Casta\u00f1eda Mu\u00f1oz recomendar por este medio a la ciudadan\u00eda a conservar el orden y evitar el consumo de bebidas embriagantes al interior del pante\u00f3n\u201d, detall\u00f3 Badillo Ram\u00edrez.<\/p>\n<p>&nbsp;<\/p>\n<p>\u201cSeremos tolerantes ante situaciones de esta naturaleza, pero no olvidemos que el pante\u00f3n es un lugar p\u00fablico que merece todo nuestro respeto, as\u00ed que la recomendaci\u00f3n es asistir con el mejor orden posible y si es posible evitar el consumo de bebidas embriagantes al interior, adem\u00e1s de respetar mutuamente a los dem\u00e1s ciudadanos y tener en claro que el \u00fanico objetivo es conservar nuestras tradiciones de ir a visitar a nuestros difuntos\u201d, dijo Badillo Ram\u00edrez.<\/p>\n<p>&nbsp;<\/p>\n<p>Finalmente el secretario del ayuntamiento, mencion\u00f3 que \u201cson las indicaciones del presidente Constantino Casta\u00f1eda Mu\u00f1oz y que al igual que el resto de la ciudadan\u00eda esperamos una gran afluencia para este fin de semana, por lo que recomendamos nuevamente a la poblaci\u00f3n acudir responsablemente, cuidar a los ni\u00f1os y a los ancianos, pero sobre todo a resaltar la buena voluntad de la gente que si quiere un R\u00edo Grande organizado, atender las indicaciones de los elementos de seguridad, tr\u00e1nsito y Protecci\u00f3n Civil para que todo fluya de la mejor manera para luego informar que satisfactoriamente tuvimos saldo blanco\u201d.<\/p>\n<p>&nbsp;<\/p>\n","protected":false},"excerpt":{"rendered":"<p>Por parte del \u00e1rea de Obras y Servicios P\u00fablicos comentaron que \u201chasta el momento la actividad de limpia en el interior del pante\u00f3n se encuentra con un 80%, hemos sido apoyados por las diferentes instituciones educativas como es el ITSZN, el CBTa 20, el CECyTEZ<\/p>\n","protected":false},"author":1,"featured_media":1769,"comment_status":"closed","ping_status":"closed","sticky":false,"template":"","format":"standard","meta":{"_monsterinsights_skip_tracking":false,"_monsterinsights_sitenote_active":false,"_monsterinsights_sitenote_note":"","_monsterinsights_sitenote_category":0,"footnotes":""},"categories":[4],"tags":[12,18],"class_list":["post-1768","post","type-post","status-publish","format-standard","has-post-thumbnail","hentry","category-boletines","tag-comunicacion-social","tag-gobierno-municipal-rio-grande"],"jetpack_featured_media_url":"https:\/\/riograndezac.gob.mx\/informatica\/wp-content\/uploads\/2015\/10\/Operativo-panteon2.png","_links":{"self":[{"href":"https:\/\/riograndezac.gob.mx\/informatica\/index.php?rest_route=\/wp\/v2\/posts\/1768","targetHints":{"allow":["GET"]}}],"collection":[{"href":"https:\/\/riograndezac.gob.mx\/informatica\/index.php?rest_route=\/wp\/v2\/posts"}],"about":[{"href":"https:\/\/riograndezac.gob.mx\/informatica\/index.php?rest_route=\/wp\/v2\/types\/post"}],"author":[{"embeddable":true,"href":"https:\/\/riograndezac.gob.mx\/informatica\/index.php?rest_route=\/wp\/v2\/users\/1"}],"replies":[{"embeddable":true,"href":"https:\/\/riograndezac.gob.mx\/informatica\/index.php?rest_route=%2Fwp%2Fv2%2Fcomments&post=1768"}],"version-history":[{"count":1,"href":"https:\/\/riograndezac.gob.mx\/informatica\/index.php?rest_route=\/wp\/v2\/posts\/1768\/revisions"}],"predecessor-version":[{"id":1770,"href":"https:\/\/riograndezac.gob.mx\/informatica\/index.php?rest_route=\/wp\/v2\/posts\/1768\/revisions\/1770"}],"wp:featuredmedia":[{"embeddable":true,"href":"https:\/\/riograndezac.gob.mx\/informatica\/index.php?rest_route=\/wp\/v2\/media\/1769"}],"wp:attachment":[{"href":"https:\/\/riograndezac.gob.mx\/informatica\/index.php?rest_route=%2Fwp%2Fv2%2Fmedia&parent=1768"}],"wp:term":[{"taxonomy":"category","embeddable":true,"href":"https:\/\/riograndezac.gob.mx\/informatica\/index.php?rest_route=%2Fwp%2Fv2%2Fcategories&post=1768"},{"taxonomy":"post_tag","embeddable":true,"href":"https:\/\/riograndezac.gob.mx\/informatica\/index.php?rest_route=%2Fwp%2Fv2%2Ftags&post=1768"}],"curies":[{"name":"wp","href":"https:\/\/api.w.org\/{rel}","templated":true}]}}