{"id":1771,"date":"2015-10-26T17:23:07","date_gmt":"2015-10-26T17:23:07","guid":{"rendered":"http:\/\/riograndezac.gob.mx\/informatica\/?p=1771"},"modified":"2015-12-10T05:13:48","modified_gmt":"2015-12-10T05:13:48","slug":"domo-de-la-luz","status":"publish","type":"post","link":"https:\/\/riograndezac.gob.mx\/informatica\/?p=1771","title":{"rendered":"Domo de la Luz"},"content":{"rendered":"<p><a href=\"https:\/\/riograndezac.gob.mx\/informatica\/wp-content\/uploads\/2015\/10\/Domo-la-luz.png\"><img loading=\"lazy\" decoding=\"async\" class=\"aligncenter size-full wp-image-1772\" src=\"https:\/\/riograndezac.gob.mx\/informatica\/wp-content\/uploads\/2015\/10\/Domo-la-luz.png\" alt=\"Domo la luz\" width=\"700\" height=\"510\" srcset=\"https:\/\/riograndezac.gob.mx\/informatica\/wp-content\/uploads\/2015\/10\/Domo-la-luz.png 700w, https:\/\/riograndezac.gob.mx\/informatica\/wp-content\/uploads\/2015\/10\/Domo-la-luz-300x219.png 300w, https:\/\/riograndezac.gob.mx\/informatica\/wp-content\/uploads\/2015\/10\/Domo-la-luz-24x17.png 24w, https:\/\/riograndezac.gob.mx\/informatica\/wp-content\/uploads\/2015\/10\/Domo-la-luz-36x26.png 36w, https:\/\/riograndezac.gob.mx\/informatica\/wp-content\/uploads\/2015\/10\/Domo-la-luz-48x35.png 48w\" sizes=\"auto, (max-width: 700px) 100vw, 700px\" \/><\/a><\/p>\n<p>Gracias al respaldo del Gobierno Municipal encabezado por Constantino Casta\u00f1eda Mu\u00f1oz, se aplic\u00f3 una inversi\u00f3n de 665 mil pesos para la construcci\u00f3n del domo en la telesecundaria \u201cJuventud Mexicana\u201d de la comunidad de la Luz.<\/p>\n<p>&nbsp;<\/p>\n<p>Con un emotivo acto inaugural, en el que acudi\u00f3 en representaci\u00f3n del primer mandatario\u00a0 Constantino Casta\u00f1eda Mu\u00f1oz, Carlos Arroyo Hern\u00e1ndez, director de Desarrollo Econ\u00f3mico y Social, refiri\u00f3 que \u201ces muestra del esfuerzo que se realiza por parte del Gobierno Municipal, con el respaldo del Ayuntamiento, y de las autoridades estatales y federales, es una gran herencia que se deja a esta instituci\u00f3n primaria, tanto para los peque\u00f1os que est\u00e1n actualmente, as\u00ed como a las generaciones venideras, que pueden ser incluso, sus mismos hijos, adem\u00e1s de que este tipo de obras son ya una necesidad que se debe cumplir en el sector educativo\u201d.<\/p>\n<p>&nbsp;<\/p>\n<p>En este evento de inform\u00f3 que \u201cson 110 alumnos en esta instituci\u00f3n educativa de La Luz, los que se ven beneficiados directamente con la construcci\u00f3n del domo de 585 metros cuadrados, adem\u00e1s de que los maestros podr\u00e1n realizar m\u00faltiples actividades extraescolares con la sombra de este domo, puesto que el cubrirse del sol, no es un lujo sino una necesidad, sabemos que ser\u00e1 de mucha utilidad\u201d<\/p>\n<p>&nbsp;<\/p>\n<p>Durante la inauguraci\u00f3n, estuvo el coordinador de obra Joel Garc\u00eda, la contralora municipal Mar\u00eda Teresa Rodr\u00edguez Landeros; en representaci\u00f3n de la Secretar\u00eda de la funci\u00f3n p\u00fablica, Lu\u00eds Arroyo Cu\u00e9llar, de SEDESOL estuvo presente Rogelio Ortiz Torres, y el delegado de la comunidad de La Luz Sergio Ra\u00fal Delgado.<\/p>\n<p>&nbsp;<\/p>\n<p>Durante la ceremonia la presidenta de la mesa directiva de los padres de familia Hortensia Bautista refiri\u00f3 su agradecimiento por la obra que se entreg\u00f3 a la comunidad de La Luz, \u201cnos sentimos muy contentos porque el presidente Constantino, nos ha tomado en cuenta, al incluir a nuestra comunidad en un programa donde los padres de familia mostramos el mismo inter\u00e9s hacia la educaci\u00f3n, no importa el sacrificio y el trabajo que se requiera, el presidente municipal debe de saber que cuenta con nuestro respaldo; gracias por preocuparse por la educaci\u00f3n de nuestros hijos, sabemos que a\u00fan hay m\u00e1s necesidades, es por ello que en unidad trabajaremos para que nos beneficiemos todos\u201d.<\/p>\n<p>&nbsp;<\/p>\n<p>En la intervenci\u00f3n de la directora de la instituci\u00f3n Mar\u00eda Irene Vega Rom\u00e1n se\u00f1al\u00f3 que \u201cqueremos agradecer a nombre del personal administrativo, docente y padres de familia de la escuela Juventud Mexicana, por el gran inter\u00e9s para que la educaci\u00f3n cuente con la infraestructura necesaria, ahora con este domo se podr\u00e1n incrementar las actividades de desarrollo art\u00edsticas, deportivas y culturales, servir\u00e1 para reunir a los padres de familia y m\u00e1s actividades\u201d.<\/p>\n<p>&nbsp;<\/p>\n<p>&nbsp;<\/p>\n<p>&nbsp;<\/p>\n<p>&nbsp;<\/p>\n<p>Finalmente la directora exhort\u00f3 a la ciudadan\u00eda a que \u201ces momento de trabajar en conjunto con nuestras autoridades municipales y educativas, pues de la mano es como podemos lograr tener las instalaciones adecuadas y recursos necesarios que permitir\u00e1n elevar los conocimientos adquiridos pero sobre todo la calidad educativa que hoy en d\u00eda se requiere\u201d.<\/p>\n<p>&nbsp;<\/p>\n","protected":false},"excerpt":{"rendered":"<p>Gracias al respaldo del Gobierno Municipal encabezado por Constantino Casta\u00f1eda Mu\u00f1oz, se aplic\u00f3 una inversi\u00f3n de 665 mil pesos para la construcci\u00f3n del domo en la telesecundaria \u201cJuventud Mexicana\u201d de la comunidad de la Luz.<\/p>\n","protected":false},"author":1,"featured_media":1772,"comment_status":"closed","ping_status":"closed","sticky":false,"template":"","format":"standard","meta":{"_monsterinsights_skip_tracking":false,"_monsterinsights_sitenote_active":false,"_monsterinsights_sitenote_note":"","_monsterinsights_sitenote_category":0,"footnotes":""},"categories":[8],"tags":[12,18],"class_list":["post-1771","post","type-post","status-publish","format-standard","has-post-thumbnail","hentry","category-gobierno-municipal-rio-grande-zacatecas","tag-comunicacion-social","tag-gobierno-municipal-rio-grande"],"jetpack_featured_media_url":"https:\/\/riograndezac.gob.mx\/informatica\/wp-content\/uploads\/2015\/10\/Domo-la-luz.png","_links":{"self":[{"href":"https:\/\/riograndezac.gob.mx\/informatica\/index.php?rest_route=\/wp\/v2\/posts\/1771","targetHints":{"allow":["GET"]}}],"collection":[{"href":"https:\/\/riograndezac.gob.mx\/informatica\/index.php?rest_route=\/wp\/v2\/posts"}],"about":[{"href":"https:\/\/riograndezac.gob.mx\/informatica\/index.php?rest_route=\/wp\/v2\/types\/post"}],"author":[{"embeddable":true,"href":"https:\/\/riograndezac.gob.mx\/informatica\/index.php?rest_route=\/wp\/v2\/users\/1"}],"replies":[{"embeddable":true,"href":"https:\/\/riograndezac.gob.mx\/informatica\/index.php?rest_route=%2Fwp%2Fv2%2Fcomments&post=1771"}],"version-history":[{"count":1,"href":"https:\/\/riograndezac.gob.mx\/informatica\/index.php?rest_route=\/wp\/v2\/posts\/1771\/revisions"}],"predecessor-version":[{"id":1773,"href":"https:\/\/riograndezac.gob.mx\/informatica\/index.php?rest_route=\/wp\/v2\/posts\/1771\/revisions\/1773"}],"wp:featuredmedia":[{"embeddable":true,"href":"https:\/\/riograndezac.gob.mx\/informatica\/index.php?rest_route=\/wp\/v2\/media\/1772"}],"wp:attachment":[{"href":"https:\/\/riograndezac.gob.mx\/informatica\/index.php?rest_route=%2Fwp%2Fv2%2Fmedia&parent=1771"}],"wp:term":[{"taxonomy":"category","embeddable":true,"href":"https:\/\/riograndezac.gob.mx\/informatica\/index.php?rest_route=%2Fwp%2Fv2%2Fcategories&post=1771"},{"taxonomy":"post_tag","embeddable":true,"href":"https:\/\/riograndezac.gob.mx\/informatica\/index.php?rest_route=%2Fwp%2Fv2%2Ftags&post=1771"}],"curies":[{"name":"wp","href":"https:\/\/api.w.org\/{rel}","templated":true}]}}