{"id":1777,"date":"2015-10-27T16:45:55","date_gmt":"2015-10-27T16:45:55","guid":{"rendered":"http:\/\/riograndezac.gob.mx\/informatica\/?p=1777"},"modified":"2015-12-10T05:12:38","modified_gmt":"2015-12-10T05:12:38","slug":"rehabilitacion-integral-de-la-casa-de-la-cultura-luis-cerrillo-cazares","status":"publish","type":"post","link":"https:\/\/riograndezac.gob.mx\/informatica\/?p=1777","title":{"rendered":"Rehabilitaci\u00f3n integral de la casa de la cultura Luis Cerrillo C\u00e1zares"},"content":{"rendered":"<p><a href=\"https:\/\/riograndezac.gob.mx\/informatica\/wp-content\/uploads\/2015\/10\/Rehabilitaci\u00f3n-casa-de-la-cultura2.png\"><img loading=\"lazy\" decoding=\"async\" class=\"aligncenter size-full wp-image-1778\" src=\"https:\/\/riograndezac.gob.mx\/informatica\/wp-content\/uploads\/2015\/10\/Rehabilitaci\u00f3n-casa-de-la-cultura2.png\" alt=\"Rehabilitaci\u00f3n casa de la cultura2\" width=\"700\" height=\"384\" srcset=\"https:\/\/riograndezac.gob.mx\/informatica\/wp-content\/uploads\/2015\/10\/Rehabilitaci\u00f3n-casa-de-la-cultura2.png 700w, https:\/\/riograndezac.gob.mx\/informatica\/wp-content\/uploads\/2015\/10\/Rehabilitaci\u00f3n-casa-de-la-cultura2-300x165.png 300w, https:\/\/riograndezac.gob.mx\/informatica\/wp-content\/uploads\/2015\/10\/Rehabilitaci\u00f3n-casa-de-la-cultura2-24x13.png 24w, https:\/\/riograndezac.gob.mx\/informatica\/wp-content\/uploads\/2015\/10\/Rehabilitaci\u00f3n-casa-de-la-cultura2-36x20.png 36w, https:\/\/riograndezac.gob.mx\/informatica\/wp-content\/uploads\/2015\/10\/Rehabilitaci\u00f3n-casa-de-la-cultura2-48x26.png 48w\" sizes=\"auto, (max-width: 700px) 100vw, 700px\" \/><\/a><\/p>\n<p>El gobierno municipal de R\u00edo Grande encabezado por Constantino Casta\u00f1eda Mu\u00f1oz a trav\u00e9s de la direcci\u00f3n de Obras y Servicios P\u00fablicos, realizan una rehabilitaci\u00f3n integral de la casa de la cultura Luis Cerrillo C\u00e1zares, con el objetivo de preservar el lugar que alberga a grandes artistas de manera multidisciplinaria.<\/p>\n<p>&nbsp;<\/p>\n<p>&nbsp;<\/p>\n<p>\u201cEsta rehabilitaci\u00f3n es en el techo del sal\u00f3n de usos m\u00faltiples, ubicado\u00a0 al interior del patio de la casa de la cultura, la aplicaci\u00f3n de pintura en los muros, la rehabilitaci\u00f3n ba\u00f1os y fachada, pues a lo largo de muchos a\u00f1os, este recinto emblem\u00e1tico para nuestro municipio ha quedado de lado, ahora he girado las instrucciones pertinentes a la direcci\u00f3n de Obras y Servicios P\u00fablicos\u00a0 para que realicen los trabajos\u201d, inform\u00f3 el primer mandatario.<\/p>\n<p>&nbsp;<\/p>\n<p>Casta\u00f1eda Mu\u00f1oz, enfatiz\u00f3 que \u201ceste espacio ha visto pasar much\u00edsimas exposiciones, obras de arte, teatro, m\u00fasica, pinturas, artesan\u00edas, conferencias, conciertos y de m\u00e1s actividades del genero cultura, recordar que este edificio alberga departamentos que son de importancia para la sociedad como lo es la Biblioteca P\u00fablica, el Cronista del municipio, propiamente el departamento de Cultura, los Institutos de la Mujer y de la juventud, el espacio para las clases de pintura y artesan\u00edas y clases de m\u00fasica\u201d.<\/p>\n<p>&nbsp;<\/p>\n<p>\u201cEsta es la forma en la que correspondemos las demandas de la poblaci\u00f3n, hay que reconocer que en los \u00faltimos 2 a\u00f1os, la cultura en nuestro municipio ha jugado un papel muy interesante al ver que somos de los municipios que se involucran en los festivales internacionales de folclor, de teatro de calle y de la semana cultural que organiza el gobierno del estado, en las actividades anuales de la feria de carnaval con la ponencia de conferencistas, poetas, c\u00edrculos de lectura y las actividades de caf\u00e9 literario\u201d, extern\u00f3.<\/p>\n<p>&nbsp;<\/p>\n<p>\u201cSomos un municipio que poco a poco ha incursionado en temas culturales, es por ello la importancia de rehabilitar de manera integral las instalaciones de este centro cultural, pues a lo largo de casi 50 a\u00f1os o m\u00e1s que no recib\u00eda mantenimiento, del mismo modo hacer extensa la invitaci\u00f3n a la poblaci\u00f3n a que se integren en las diferentes actividades que el departamento de cultura realiza\u201d, finaliz\u00f3 el alcalde.<\/p>\n","protected":false},"excerpt":{"rendered":"<p>\u201cEsta rehabilitaci\u00f3n es en el techo del sal\u00f3n de usos m\u00faltiples, ubicado  al interior del patio de la casa de la cultura, la aplicaci\u00f3n de pintura en los muros, la rehabilitaci\u00f3n ba\u00f1os y fachada<\/p>\n","protected":false},"author":1,"featured_media":1778,"comment_status":"closed","ping_status":"closed","sticky":false,"template":"","format":"standard","meta":{"_monsterinsights_skip_tracking":false,"_monsterinsights_sitenote_active":false,"_monsterinsights_sitenote_note":"","_monsterinsights_sitenote_category":0,"footnotes":""},"categories":[4],"tags":[12,18],"class_list":["post-1777","post","type-post","status-publish","format-standard","has-post-thumbnail","hentry","category-boletines","tag-comunicacion-social","tag-gobierno-municipal-rio-grande"],"jetpack_featured_media_url":"https:\/\/riograndezac.gob.mx\/informatica\/wp-content\/uploads\/2015\/10\/Rehabilitaci\u00f3n-casa-de-la-cultura2.png","_links":{"self":[{"href":"https:\/\/riograndezac.gob.mx\/informatica\/index.php?rest_route=\/wp\/v2\/posts\/1777","targetHints":{"allow":["GET"]}}],"collection":[{"href":"https:\/\/riograndezac.gob.mx\/informatica\/index.php?rest_route=\/wp\/v2\/posts"}],"about":[{"href":"https:\/\/riograndezac.gob.mx\/informatica\/index.php?rest_route=\/wp\/v2\/types\/post"}],"author":[{"embeddable":true,"href":"https:\/\/riograndezac.gob.mx\/informatica\/index.php?rest_route=\/wp\/v2\/users\/1"}],"replies":[{"embeddable":true,"href":"https:\/\/riograndezac.gob.mx\/informatica\/index.php?rest_route=%2Fwp%2Fv2%2Fcomments&post=1777"}],"version-history":[{"count":1,"href":"https:\/\/riograndezac.gob.mx\/informatica\/index.php?rest_route=\/wp\/v2\/posts\/1777\/revisions"}],"predecessor-version":[{"id":1779,"href":"https:\/\/riograndezac.gob.mx\/informatica\/index.php?rest_route=\/wp\/v2\/posts\/1777\/revisions\/1779"}],"wp:featuredmedia":[{"embeddable":true,"href":"https:\/\/riograndezac.gob.mx\/informatica\/index.php?rest_route=\/wp\/v2\/media\/1778"}],"wp:attachment":[{"href":"https:\/\/riograndezac.gob.mx\/informatica\/index.php?rest_route=%2Fwp%2Fv2%2Fmedia&parent=1777"}],"wp:term":[{"taxonomy":"category","embeddable":true,"href":"https:\/\/riograndezac.gob.mx\/informatica\/index.php?rest_route=%2Fwp%2Fv2%2Fcategories&post=1777"},{"taxonomy":"post_tag","embeddable":true,"href":"https:\/\/riograndezac.gob.mx\/informatica\/index.php?rest_route=%2Fwp%2Fv2%2Ftags&post=1777"}],"curies":[{"name":"wp","href":"https:\/\/api.w.org\/{rel}","templated":true}]}}