{"id":1780,"date":"2015-10-27T16:49:36","date_gmt":"2015-10-27T16:49:36","guid":{"rendered":"http:\/\/riograndezac.gob.mx\/informatica\/?p=1780"},"modified":"2015-10-27T16:49:36","modified_gmt":"2015-10-27T16:49:36","slug":"danza-folklorica-tenamaxtle","status":"publish","type":"post","link":"https:\/\/riograndezac.gob.mx\/informatica\/?p=1780","title":{"rendered":"danza folkl\u00f3rica \u201cTenamaxtle\u201d"},"content":{"rendered":"<p><a href=\"https:\/\/riograndezac.gob.mx\/informatica\/wp-content\/uploads\/2015\/10\/danzas-2.jpg\"><img loading=\"lazy\" decoding=\"async\" class=\"aligncenter size-full wp-image-1781\" src=\"https:\/\/riograndezac.gob.mx\/informatica\/wp-content\/uploads\/2015\/10\/danzas-2.jpg\" alt=\"danzas (2)\" width=\"700\" height=\"402\" srcset=\"https:\/\/riograndezac.gob.mx\/informatica\/wp-content\/uploads\/2015\/10\/danzas-2.jpg 700w, https:\/\/riograndezac.gob.mx\/informatica\/wp-content\/uploads\/2015\/10\/danzas-2-300x172.jpg 300w, https:\/\/riograndezac.gob.mx\/informatica\/wp-content\/uploads\/2015\/10\/danzas-2-24x14.jpg 24w, https:\/\/riograndezac.gob.mx\/informatica\/wp-content\/uploads\/2015\/10\/danzas-2-36x21.jpg 36w, https:\/\/riograndezac.gob.mx\/informatica\/wp-content\/uploads\/2015\/10\/danzas-2-48x28.jpg 48w\" sizes=\"auto, (max-width: 700px) 100vw, 700px\" \/><\/a><\/p>\n<p>El gobierno municipal de R\u00edo Grande encabezado por Constantino Casta\u00f1eda Mu\u00f1oz a trav\u00e9s del Instituto Municipal de Cultura al frente de Jos\u00e9 Merced Zapata Zavala atendieron en tiempo y forma la invitaci\u00f3n a la celebraci\u00f3n del XXXII aniversario del conjunto de danza folkl\u00f3rica \u201cTenamaxtle\u201d de la Universidad Aut\u00f3noma de Zacatecas \u201cFrancisco Garc\u00eda Salinas\u201d, adem\u00e1s de llevar la cultura de R\u00edo Grande a Miguel Auza y Villanueva.<\/p>\n<p>&nbsp;<\/p>\n<p>Gracias al respaldo del presidente Constantino Casta\u00f1eda, fue posible asistir con los grupos de danza De Pardos de la Pastelera, y la danza de Caballitos de la misma comunidad, pues en los \u00faltimos a\u00f1os el tema de la cultura ha tomado relevancia sobre todo porque vivimos en un municipio lleno de costumbres y tradiciones.<\/p>\n<p>&nbsp;<\/p>\n<p>\u201cContamos con la fortuna de asistir a la capital del estado, precisamente en el emblem\u00e1tico Teatro Fernando Calder\u00f3n en el marco del encuentro de danza universitaria Tenamaxtle 2015, a lo cual nos fue muy grato representar el Patrimonio Cultural de nuestro municipio con estos grupos de danza\u201d, dijo el titular de Cultura.<\/p>\n<p>&nbsp;<\/p>\n<p>\u201cLa instrucci\u00f3n del presidente Constantino Casta\u00f1eda Mu\u00f1oz ha sido difundir la cultura con la que cuenta nuestro municipio, pues el hecho de contar con una danza aut\u00f3ctona y sobre todo autentica en su totalidad fundada en R\u00edo Grande es motivo para ser precursores de la cultura\u201d, se\u00f1al\u00f3 Zapata Zavala.<\/p>\n<p>&nbsp;<\/p>\n<p>\u201cPor otra parte nos sentimos doblemente congratulados, pues nuestros artistas y talentos de pintura y artesanos riograndenses participaron en una exposici\u00f3n con pinturas en diferentes t\u00e9cnicas a cargo de M\u00e1ximo Emanuel G\u00f3mez Alan\u00eds y trabajos realizados en tallado y labrado de madera y m\u00e1s recursos propios de la regi\u00f3n por Luis Humberto Alvarado, llevaron sus trabajos a los municipios de Miguel Auza y Villanueva en el marco de las ferias regionales\u201d, mencion\u00f3.<\/p>\n<p>&nbsp;<\/p>\n<p>\u201cEs de esta forma en la que respondemos a la poblaci\u00f3n, y dejar en claro que nuestro municipio tambi\u00e9n cuenta con artistas y talentos, agradecer ante todo el respaldo del presidente Constantino Casta\u00f1eda, para promover e impulsar el talento natural de R\u00edo Grande\u201d, finaliz\u00f3.<\/p>\n","protected":false},"excerpt":{"rendered":"<p>Gracias al respaldo del presidente Constantino Casta\u00f1eda, fue posible asistir con los grupos de danza De Pardos de la Pastelera, y la danza de Caballitos de la misma comunidad, pues en los \u00faltimos a\u00f1os el tema de la cultura ha tomado relevancia sobre todo porque vivimos en un municipio lleno de costumbres y tradiciones.<\/p>\n","protected":false},"author":1,"featured_media":1781,"comment_status":"closed","ping_status":"closed","sticky":false,"template":"","format":"standard","meta":{"_monsterinsights_skip_tracking":false,"_monsterinsights_sitenote_active":false,"_monsterinsights_sitenote_note":"","_monsterinsights_sitenote_category":0,"footnotes":""},"categories":[49],"tags":[12,29,18],"class_list":["post-1780","post","type-post","status-publish","format-standard","has-post-thumbnail","hentry","category-cultura","tag-comunicacion-social","tag-cultura","tag-gobierno-municipal-rio-grande"],"jetpack_featured_media_url":"https:\/\/riograndezac.gob.mx\/informatica\/wp-content\/uploads\/2015\/10\/danzas-2.jpg","_links":{"self":[{"href":"https:\/\/riograndezac.gob.mx\/informatica\/index.php?rest_route=\/wp\/v2\/posts\/1780","targetHints":{"allow":["GET"]}}],"collection":[{"href":"https:\/\/riograndezac.gob.mx\/informatica\/index.php?rest_route=\/wp\/v2\/posts"}],"about":[{"href":"https:\/\/riograndezac.gob.mx\/informatica\/index.php?rest_route=\/wp\/v2\/types\/post"}],"author":[{"embeddable":true,"href":"https:\/\/riograndezac.gob.mx\/informatica\/index.php?rest_route=\/wp\/v2\/users\/1"}],"replies":[{"embeddable":true,"href":"https:\/\/riograndezac.gob.mx\/informatica\/index.php?rest_route=%2Fwp%2Fv2%2Fcomments&post=1780"}],"version-history":[{"count":1,"href":"https:\/\/riograndezac.gob.mx\/informatica\/index.php?rest_route=\/wp\/v2\/posts\/1780\/revisions"}],"predecessor-version":[{"id":1782,"href":"https:\/\/riograndezac.gob.mx\/informatica\/index.php?rest_route=\/wp\/v2\/posts\/1780\/revisions\/1782"}],"wp:featuredmedia":[{"embeddable":true,"href":"https:\/\/riograndezac.gob.mx\/informatica\/index.php?rest_route=\/wp\/v2\/media\/1781"}],"wp:attachment":[{"href":"https:\/\/riograndezac.gob.mx\/informatica\/index.php?rest_route=%2Fwp%2Fv2%2Fmedia&parent=1780"}],"wp:term":[{"taxonomy":"category","embeddable":true,"href":"https:\/\/riograndezac.gob.mx\/informatica\/index.php?rest_route=%2Fwp%2Fv2%2Fcategories&post=1780"},{"taxonomy":"post_tag","embeddable":true,"href":"https:\/\/riograndezac.gob.mx\/informatica\/index.php?rest_route=%2Fwp%2Fv2%2Ftags&post=1780"}],"curies":[{"name":"wp","href":"https:\/\/api.w.org\/{rel}","templated":true}]}}