{"id":1797,"date":"2015-10-29T20:10:00","date_gmt":"2015-10-29T20:10:00","guid":{"rendered":"http:\/\/riograndezac.gob.mx\/informatica\/?p=1797"},"modified":"2015-10-29T20:10:00","modified_gmt":"2015-10-29T20:10:00","slug":"este-viernes-30-la-alcaldia-de-rio-grande-trabajara-con-guardias","status":"publish","type":"post","link":"https:\/\/riograndezac.gob.mx\/informatica\/?p=1797","title":{"rendered":"Este viernes 30 la alcald\u00eda de R\u00edo Grande, trabajar\u00e1 con guardias"},"content":{"rendered":"<p><a href=\"https:\/\/riograndezac.gob.mx\/informatica\/wp-content\/uploads\/2015\/10\/GUARDIAS-PRESIDENCIA.png\"><img loading=\"lazy\" decoding=\"async\" class=\"aligncenter size-full wp-image-1798\" src=\"https:\/\/riograndezac.gob.mx\/informatica\/wp-content\/uploads\/2015\/10\/GUARDIAS-PRESIDENCIA.png\" alt=\"GUARDIAS PRESIDENCIA\" width=\"700\" height=\"509\" srcset=\"https:\/\/riograndezac.gob.mx\/informatica\/wp-content\/uploads\/2015\/10\/GUARDIAS-PRESIDENCIA.png 700w, https:\/\/riograndezac.gob.mx\/informatica\/wp-content\/uploads\/2015\/10\/GUARDIAS-PRESIDENCIA-300x218.png 300w, https:\/\/riograndezac.gob.mx\/informatica\/wp-content\/uploads\/2015\/10\/GUARDIAS-PRESIDENCIA-24x17.png 24w, https:\/\/riograndezac.gob.mx\/informatica\/wp-content\/uploads\/2015\/10\/GUARDIAS-PRESIDENCIA-36x26.png 36w, https:\/\/riograndezac.gob.mx\/informatica\/wp-content\/uploads\/2015\/10\/GUARDIAS-PRESIDENCIA-48x35.png 48w\" sizes=\"auto, (max-width: 700px) 100vw, 700px\" \/><\/a><\/p>\n<p>Este viernes 30 la alcald\u00eda de R\u00edo Grande, trabajar\u00e1 con guardias, por indicaciones del primer mandatario Constantino Casta\u00f1eda Mu\u00f1oz, con motivo del d\u00eda del Servidor P\u00fablico, el cual se celebra de manera nacional el 27 de octubre y se reconoce el trabajo que realizan en para beneficio de la ciudadan\u00eda.<\/p>\n<p>&nbsp;<\/p>\n<p>El Oficial Mayor de la Administraci\u00f3n, Manuel Mendoza Z\u00fa\u00f1iga, inform\u00f3 que al otorgar un d\u00eda al personal de la presidencia, es con la intenci\u00f3n de enaltecer el trabajo y a las personas que prestan sus servicios en la administraci\u00f3n p\u00fablica, no s\u00f3lo de R\u00edo Grande, sino de todo el pa\u00eds.<\/p>\n<p>&nbsp;<\/p>\n<p>Destac\u00f3 que el descanso del d\u00eda, est\u00e1 incluido en el pliego petitorio de los Trabajadores al Servicio del Estado, Municipios y Organismos Paraestatales (SUTSEMOP), sin embargo, no se otorg\u00f3 el pasado 27, puesto que se decidi\u00f3 no interrumpir la semana de trabajo, y el viernes 30, trabajar con guardias, as\u00ed como en los departamentos de campo, como limpia, seguridad p\u00fablica, protecci\u00f3n civil, entre otros.<\/p>\n<p>&nbsp;<\/p>\n<p>Mendoza Z\u00fa\u00f1iga, a\u00f1adi\u00f3 que \u201cpor indicaci\u00f3n del propio presidente Consta, reconocemos con este tipo de acciones que como gobierno, las y los trabajadores, tienen sentido de pertenencia, la eficiencia, la adecuada prestaci\u00f3n del servicio, los valores y la \u00e9tica del servicio en lo p\u00fablico y el buen gobierno, por ello, incluso el d\u00eda es para trabajadores sindicalizados y de confianza, puesto que todos somos servidores p\u00fablicos\u201d.<\/p>\n<p>&nbsp;<\/p>\n<p>El Oficial Mayor, a\u00f1adi\u00f3 que los horarios de guardia, ser\u00e1n de 9 de la ma\u00f1ana a las 2 de la tarde; por lo que indic\u00f3 que la poblaci\u00f3n en general, debe de tomar en cuenta este horario para que realice sus tr\u00e1mites.<\/p>\n<p>&nbsp;<\/p>\n<p>As\u00ed mismo, se\u00f1al\u00f3 que para el lunes 2 de noviembre, la presidencia municipal, permanecer\u00e1 cerrada, puesto que es un d\u00eda inh\u00e1bil, marcado por la Ley Federal del Trabajo, con el tema del d\u00eda de los difuntos.<\/p>\n<p>&nbsp;<\/p>\n<p>Finaliz\u00f3 mencionando, que para estos d\u00edas, se trabajar\u00e1 en campo, como es el caso del Operativo en panteones, incluyendo comercio, seguridad p\u00fablica, protecci\u00f3n civil, obras p\u00fablicas, Simaparg, entre otras dependencias.<\/p>\n<p>&nbsp;<\/p>\n<p>&nbsp;<\/p>\n","protected":false},"excerpt":{"rendered":"<p>El Oficial Mayor, a\u00f1adi\u00f3 que los horarios de guardia, ser\u00e1n de 9 de la ma\u00f1ana a las 2 de la tarde; por lo que indic\u00f3 que la poblaci\u00f3n en general, debe de tomar en cuenta este horario para que realice sus tr\u00e1mites.<\/p>\n","protected":false},"author":1,"featured_media":1798,"comment_status":"closed","ping_status":"closed","sticky":false,"template":"","format":"standard","meta":{"_monsterinsights_skip_tracking":false,"_monsterinsights_sitenote_active":false,"_monsterinsights_sitenote_note":"","_monsterinsights_sitenote_category":0,"footnotes":""},"categories":[4],"tags":[12,18],"class_list":["post-1797","post","type-post","status-publish","format-standard","has-post-thumbnail","hentry","category-boletines","tag-comunicacion-social","tag-gobierno-municipal-rio-grande"],"jetpack_featured_media_url":"https:\/\/riograndezac.gob.mx\/informatica\/wp-content\/uploads\/2015\/10\/GUARDIAS-PRESIDENCIA.png","_links":{"self":[{"href":"https:\/\/riograndezac.gob.mx\/informatica\/index.php?rest_route=\/wp\/v2\/posts\/1797","targetHints":{"allow":["GET"]}}],"collection":[{"href":"https:\/\/riograndezac.gob.mx\/informatica\/index.php?rest_route=\/wp\/v2\/posts"}],"about":[{"href":"https:\/\/riograndezac.gob.mx\/informatica\/index.php?rest_route=\/wp\/v2\/types\/post"}],"author":[{"embeddable":true,"href":"https:\/\/riograndezac.gob.mx\/informatica\/index.php?rest_route=\/wp\/v2\/users\/1"}],"replies":[{"embeddable":true,"href":"https:\/\/riograndezac.gob.mx\/informatica\/index.php?rest_route=%2Fwp%2Fv2%2Fcomments&post=1797"}],"version-history":[{"count":1,"href":"https:\/\/riograndezac.gob.mx\/informatica\/index.php?rest_route=\/wp\/v2\/posts\/1797\/revisions"}],"predecessor-version":[{"id":1799,"href":"https:\/\/riograndezac.gob.mx\/informatica\/index.php?rest_route=\/wp\/v2\/posts\/1797\/revisions\/1799"}],"wp:featuredmedia":[{"embeddable":true,"href":"https:\/\/riograndezac.gob.mx\/informatica\/index.php?rest_route=\/wp\/v2\/media\/1798"}],"wp:attachment":[{"href":"https:\/\/riograndezac.gob.mx\/informatica\/index.php?rest_route=%2Fwp%2Fv2%2Fmedia&parent=1797"}],"wp:term":[{"taxonomy":"category","embeddable":true,"href":"https:\/\/riograndezac.gob.mx\/informatica\/index.php?rest_route=%2Fwp%2Fv2%2Fcategories&post=1797"},{"taxonomy":"post_tag","embeddable":true,"href":"https:\/\/riograndezac.gob.mx\/informatica\/index.php?rest_route=%2Fwp%2Fv2%2Ftags&post=1797"}],"curies":[{"name":"wp","href":"https:\/\/api.w.org\/{rel}","templated":true}]}}