{"id":1800,"date":"2015-10-29T20:12:57","date_gmt":"2015-10-29T20:12:57","guid":{"rendered":"http:\/\/riograndezac.gob.mx\/informatica\/?p=1800"},"modified":"2015-10-29T20:12:57","modified_gmt":"2015-10-29T20:12:57","slug":"todo-listo-para-que-el-proximo-2-de-noviembre-se-lleve-a-cabo-el-tradicional-desfile-del-dia-de-muertos","status":"publish","type":"post","link":"https:\/\/riograndezac.gob.mx\/informatica\/?p=1800","title":{"rendered":"Todo listo para que el pr\u00f3ximo 2 de noviembre, se lleve a cabo el tradicional desfile del \u201cD\u00eda de Muertos&#8221;"},"content":{"rendered":"<figure id=\"attachment_1712\" aria-describedby=\"caption-attachment-1712\" style=\"width: 568px\" class=\"wp-caption aligncenter\"><a href=\"https:\/\/riograndezac.gob.mx\/informatica\/wp-content\/uploads\/2015\/10\/CALAVERAS.png\"><img loading=\"lazy\" decoding=\"async\" class=\"size-full wp-image-1712\" src=\"https:\/\/riograndezac.gob.mx\/informatica\/wp-content\/uploads\/2015\/10\/CALAVERAS.png\" alt=\"Concurso de calaveras\" width=\"568\" height=\"879\" srcset=\"https:\/\/riograndezac.gob.mx\/informatica\/wp-content\/uploads\/2015\/10\/CALAVERAS.png 568w, https:\/\/riograndezac.gob.mx\/informatica\/wp-content\/uploads\/2015\/10\/CALAVERAS-194x300.png 194w, https:\/\/riograndezac.gob.mx\/informatica\/wp-content\/uploads\/2015\/10\/CALAVERAS-16x24.png 16w, https:\/\/riograndezac.gob.mx\/informatica\/wp-content\/uploads\/2015\/10\/CALAVERAS-23x36.png 23w, https:\/\/riograndezac.gob.mx\/informatica\/wp-content\/uploads\/2015\/10\/CALAVERAS-31x48.png 31w\" sizes=\"auto, (max-width: 568px) 100vw, 568px\" \/><\/a><figcaption id=\"caption-attachment-1712\" class=\"wp-caption-text\">Concurso de calaveras<\/figcaption><\/figure>\n<p>Todo listo para que el pr\u00f3ximo 2 de noviembre, se lleve a cabo el tradicional desfile del \u201cD\u00eda de Muertos, organizado por el gobierno municipal de R\u00edo Grande, encabezado por Constantino Casta\u00f1eda Mu\u00f1oz, a trav\u00e9s del Instituto de la Juventud (IMJUVE) y en coordinaci\u00f3n con el INJURIZAC.<\/p>\n<p>&nbsp;<\/p>\n<p>\u00c1ngeles Galaviz Medrano, inform\u00f3 que \u201ccon la finalidad de impulsar la participaci\u00f3n del sector joven de nuestro municipio, as\u00ed como fomentar las actividades culturales y de sano esparcimiento, convocamos a todas las instituciones educativas, barrios, comercios, gimnasios y al p\u00fablico en general a participar en el concurso de carros aleg\u00f3ricos y disfraces individuales, en el marco del tradicional desfile del d\u00eda de muertos\u201d.<\/p>\n<p>&nbsp;<\/p>\n<p>A\u00f1adi\u00f3 que esta actividad, se llevar\u00e1 a cabo en sus dos categor\u00edas, en el tema tradicional, donde se calificar\u00e1 el contenido tradicional, originalidad, creatividad y actuaci\u00f3n; la segunda categor\u00eda en de tema libre, con los aspectos a calificar como el que cause terror, originalidad, creatividad y actuaci\u00f3n, este a\u00f1o, a cada veh\u00edculo que participe con carro aleg\u00f3rico, se le incentivar\u00e1 con combustible, por indicaci\u00f3n del primer mandatario Constantino Casta\u00f1eda.<\/p>\n<p>&nbsp;<\/p>\n<p>La funcionaria, indic\u00f3 que el INJURIZAC, a cargo de Juan \u00c1ngel D\u00e1vila, ha sido estrecho, por lo que tambi\u00e9n est\u00e1n convocando al concurso de disfraces individuales, donde se calificar\u00e1n tambi\u00e9n los puntos relativos a los carros aleg\u00f3ricos, adem\u00e1s de que habr\u00e1 medidas de seguridad obligatorias como la altura m\u00e1xima de carros aleg\u00f3ricos de 4.2 metros, de ancho m\u00e1ximo 3 metros; si usan motosierra, que sea sin la cadena; contar con un extintor de polvo qu\u00edmico seco por carro; contar con un recipiente met\u00e1lico para depositar los residuos del fuego (estopa, di\u00e9sel y gasolina.<\/p>\n<p>&nbsp;<\/p>\n<p>As\u00ed mismo, Galaviz Medrano, inform\u00f3 que lo que queda estrictamente prohibido es ingerir bebidas embriagantes antes ni durante el evento, usar p\u00f3lvora (cohetes, granadas, palomas grandes; usar objetos punzo cortantes, as\u00ed como el arrojar tejidos u \u00f3rganos animales.<\/p>\n<p>&nbsp;<\/p>\n<p>Las premiaciones para los carros aleg\u00f3ricos para ambas categor\u00edas, ser\u00e1 el primer lugar de 5 mil pesos, el segundo de 3 mil y el tercer lugar de 2 mil pesos.; para la mejor caracterizaci\u00f3n en ambas categor\u00edas ser\u00e1 para el primer lugar de mil pesos, el segundo lugar de 750 y el tercer lugar de 500.<\/p>\n<p>&nbsp;<\/p>\n<p>La titular del IMJUVE, se\u00f1al\u00f3 que la informaci\u00f3n y asesor\u00eda de manera general, se estar\u00e1 brindando en las oficinas de esta dependencia municipal, ubicada en el interior del Centro Cultural Lu\u00eds Cerrillo C\u00e1zares.<\/p>\n<p>&nbsp;<\/p>\n","protected":false},"excerpt":{"rendered":"<p>A\u00f1adi\u00f3 que esta actividad, se llevar\u00e1 a cabo en sus dos categor\u00edas, en el tema tradicional, donde se calificar\u00e1 el contenido tradicional, originalidad, creatividad y actuaci\u00f3n; la segunda categor\u00eda en de tema libre &#8230;<\/p>\n","protected":false},"author":1,"featured_media":1712,"comment_status":"closed","ping_status":"closed","sticky":false,"template":"","format":"standard","meta":{"_monsterinsights_skip_tracking":false,"_monsterinsights_sitenote_active":false,"_monsterinsights_sitenote_note":"","_monsterinsights_sitenote_category":0,"footnotes":""},"categories":[5],"tags":[12,18],"class_list":["post-1800","post","type-post","status-publish","format-standard","has-post-thumbnail","hentry","category-destacados","tag-comunicacion-social","tag-gobierno-municipal-rio-grande"],"jetpack_featured_media_url":"https:\/\/riograndezac.gob.mx\/informatica\/wp-content\/uploads\/2015\/10\/CALAVERAS.png","_links":{"self":[{"href":"https:\/\/riograndezac.gob.mx\/informatica\/index.php?rest_route=\/wp\/v2\/posts\/1800","targetHints":{"allow":["GET"]}}],"collection":[{"href":"https:\/\/riograndezac.gob.mx\/informatica\/index.php?rest_route=\/wp\/v2\/posts"}],"about":[{"href":"https:\/\/riograndezac.gob.mx\/informatica\/index.php?rest_route=\/wp\/v2\/types\/post"}],"author":[{"embeddable":true,"href":"https:\/\/riograndezac.gob.mx\/informatica\/index.php?rest_route=\/wp\/v2\/users\/1"}],"replies":[{"embeddable":true,"href":"https:\/\/riograndezac.gob.mx\/informatica\/index.php?rest_route=%2Fwp%2Fv2%2Fcomments&post=1800"}],"version-history":[{"count":1,"href":"https:\/\/riograndezac.gob.mx\/informatica\/index.php?rest_route=\/wp\/v2\/posts\/1800\/revisions"}],"predecessor-version":[{"id":1801,"href":"https:\/\/riograndezac.gob.mx\/informatica\/index.php?rest_route=\/wp\/v2\/posts\/1800\/revisions\/1801"}],"wp:featuredmedia":[{"embeddable":true,"href":"https:\/\/riograndezac.gob.mx\/informatica\/index.php?rest_route=\/wp\/v2\/media\/1712"}],"wp:attachment":[{"href":"https:\/\/riograndezac.gob.mx\/informatica\/index.php?rest_route=%2Fwp%2Fv2%2Fmedia&parent=1800"}],"wp:term":[{"taxonomy":"category","embeddable":true,"href":"https:\/\/riograndezac.gob.mx\/informatica\/index.php?rest_route=%2Fwp%2Fv2%2Fcategories&post=1800"},{"taxonomy":"post_tag","embeddable":true,"href":"https:\/\/riograndezac.gob.mx\/informatica\/index.php?rest_route=%2Fwp%2Fv2%2Ftags&post=1800"}],"curies":[{"name":"wp","href":"https:\/\/api.w.org\/{rel}","templated":true}]}}