{"id":1823,"date":"2015-11-12T14:40:19","date_gmt":"2015-11-12T14:40:19","guid":{"rendered":"http:\/\/riograndezac.gob.mx\/informatica\/?p=1823"},"modified":"2015-11-12T14:40:19","modified_gmt":"2015-11-12T14:40:19","slug":"el-gobierno-municipal-de-rio-grande-encabezada-por-constantino-castaneda-munoz-a-traves-de-la-red-de-bibliotecas-realizara-una-serie-de-actividades-en-el-marco-del-dia-nacional-del-libro","status":"publish","type":"post","link":"https:\/\/riograndezac.gob.mx\/informatica\/?p=1823","title":{"rendered":"El gobierno municipal de R\u00edo Grande encabezada por Constantino Casta\u00f1eda Mu\u00f1oz, a trav\u00e9s de la Red de Bibliotecas, realizar\u00e1 una serie de actividades en el marco del D\u00eda Nacional del Libro."},"content":{"rendered":"<p><a href=\"https:\/\/riograndezac.gob.mx\/informatica\/wp-content\/uploads\/2015\/11\/biblioteca-2.jpg\"><img loading=\"lazy\" decoding=\"async\" class=\"aligncenter size-full wp-image-1824\" src=\"https:\/\/riograndezac.gob.mx\/informatica\/wp-content\/uploads\/2015\/11\/biblioteca-2.jpg\" alt=\"biblioteca (2)\" width=\"700\" height=\"393\" srcset=\"https:\/\/riograndezac.gob.mx\/informatica\/wp-content\/uploads\/2015\/11\/biblioteca-2.jpg 700w, https:\/\/riograndezac.gob.mx\/informatica\/wp-content\/uploads\/2015\/11\/biblioteca-2-300x168.jpg 300w, https:\/\/riograndezac.gob.mx\/informatica\/wp-content\/uploads\/2015\/11\/biblioteca-2-320x180.jpg 320w, https:\/\/riograndezac.gob.mx\/informatica\/wp-content\/uploads\/2015\/11\/biblioteca-2-24x13.jpg 24w, https:\/\/riograndezac.gob.mx\/informatica\/wp-content\/uploads\/2015\/11\/biblioteca-2-36x20.jpg 36w, https:\/\/riograndezac.gob.mx\/informatica\/wp-content\/uploads\/2015\/11\/biblioteca-2-48x27.jpg 48w\" sizes=\"auto, (max-width: 700px) 100vw, 700px\" \/><\/a><\/p>\n<p>&nbsp;<\/p>\n<p>\u201cCada 12 de noviembre se celebra en M\u00e9xico el D\u00eda Nacional del Libro, instituido por decreto presidencial en 1979, en el marco del nacimiento de la poeta mexicana Sor Juana In\u00e9s de la Cruz en 1651 a quien se le conoce como la defensora al derecho de leer\u201d, mencion\u00f3 Yassmin Esquivel.<\/p>\n<p>&nbsp;<\/p>\n<p>\u201cEl libro es considerado como un instrumento de transmisi\u00f3n cultural en la historia de la humanidad, que a\u00fan incluso con las nuevas tecnolog\u00edas no deja de ser una herramienta fundamental\u00a0 para el desarrollo de cualquier persona o sociedad, la lectura no s\u00f3lo proporciona informaci\u00f3n sobre determinados t\u00f3picos, es un instrumento primordial del crecimiento y progreso de las poblaciones pues a trav\u00e9s de ella se educa a los ciudadanos, se crean h\u00e1bitos de reflexi\u00f3n, an\u00e1lisis, esfuerzo, concentraci\u00f3n, se recrea, entretiene y se fomentan valores\u201d, a\u00f1adi\u00f3.<\/p>\n<p>&nbsp;<\/p>\n<p>\u201cEn d\u00edas pasados contamos con la visita de los alumnos del jard\u00edn de ni\u00f1os Manuel Acu\u00f1a de la comunidad de Vicente Guerrero que de acuerdo a su edad les le\u00edmos cuentos, el d\u00eda de hoy esperamos la visita de los alumnos de la escuela primaria Benito Ju\u00e1rez del 5\u00ba grado a quienes involucraremos en actividades como c\u00edrculos de lectura, simult\u00e1neamente personal adscrito a esta biblioteca participar\u00e1 en el caf\u00e9 literario que organiza el CeDE\u201d, extern\u00f3.<\/p>\n<p>&nbsp;<\/p>\n<p>Esquivel Aguilera, dijo que \u201catenderemos tambi\u00e9n la invitaci\u00f3n a la capital del estado a un taller que habr\u00e1 de impartir el personal del Instituto Nacional de Transparencia, Acceso a la Informaci\u00f3n y Protecci\u00f3n de Datos INAI, debido a que la biblioteca p\u00fablica es una dependencia que maneja datos personales de usuarios, lo que implica apegarnos a la ley de transparencia\u201d, acot\u00f3.<\/p>\n<p>&nbsp;<\/p>\n<p>\u201cEs as\u00ed como le damos el seguimiento oportuno y necesario a las indicaciones del presidente Constantino Casta\u00f1eda Mu\u00f1oz, pues hemos tenido buenos resultados en base a las estrategias implementadas por parte de este departamento para rescatar el h\u00e1bito de la lectura en las nuevas generaciones\u201d, finaliz\u00f3.<\/p>\n","protected":false},"excerpt":{"rendered":"<p>\u201cCada 12 de noviembre se celebra en M\u00e9xico el D\u00eda Nacional del Libro, instituido por decreto presidencial en 1979, en el marco del nacimiento de la poeta mexicana Sor Juana In\u00e9s de la Cruz en 1651 a quien se le conoce como la defensora al derecho de leer\u201d, mencion\u00f3 Yassmin Esquivel.<\/p>\n","protected":false},"author":1,"featured_media":1824,"comment_status":"closed","ping_status":"closed","sticky":false,"template":"","format":"standard","meta":{"_monsterinsights_skip_tracking":false,"_monsterinsights_sitenote_active":false,"_monsterinsights_sitenote_note":"","_monsterinsights_sitenote_category":0,"footnotes":""},"categories":[5],"tags":[12,18],"class_list":["post-1823","post","type-post","status-publish","format-standard","has-post-thumbnail","hentry","category-destacados","tag-comunicacion-social","tag-gobierno-municipal-rio-grande"],"jetpack_featured_media_url":"https:\/\/riograndezac.gob.mx\/informatica\/wp-content\/uploads\/2015\/11\/biblioteca-2.jpg","_links":{"self":[{"href":"https:\/\/riograndezac.gob.mx\/informatica\/index.php?rest_route=\/wp\/v2\/posts\/1823","targetHints":{"allow":["GET"]}}],"collection":[{"href":"https:\/\/riograndezac.gob.mx\/informatica\/index.php?rest_route=\/wp\/v2\/posts"}],"about":[{"href":"https:\/\/riograndezac.gob.mx\/informatica\/index.php?rest_route=\/wp\/v2\/types\/post"}],"author":[{"embeddable":true,"href":"https:\/\/riograndezac.gob.mx\/informatica\/index.php?rest_route=\/wp\/v2\/users\/1"}],"replies":[{"embeddable":true,"href":"https:\/\/riograndezac.gob.mx\/informatica\/index.php?rest_route=%2Fwp%2Fv2%2Fcomments&post=1823"}],"version-history":[{"count":1,"href":"https:\/\/riograndezac.gob.mx\/informatica\/index.php?rest_route=\/wp\/v2\/posts\/1823\/revisions"}],"predecessor-version":[{"id":1825,"href":"https:\/\/riograndezac.gob.mx\/informatica\/index.php?rest_route=\/wp\/v2\/posts\/1823\/revisions\/1825"}],"wp:featuredmedia":[{"embeddable":true,"href":"https:\/\/riograndezac.gob.mx\/informatica\/index.php?rest_route=\/wp\/v2\/media\/1824"}],"wp:attachment":[{"href":"https:\/\/riograndezac.gob.mx\/informatica\/index.php?rest_route=%2Fwp%2Fv2%2Fmedia&parent=1823"}],"wp:term":[{"taxonomy":"category","embeddable":true,"href":"https:\/\/riograndezac.gob.mx\/informatica\/index.php?rest_route=%2Fwp%2Fv2%2Fcategories&post=1823"},{"taxonomy":"post_tag","embeddable":true,"href":"https:\/\/riograndezac.gob.mx\/informatica\/index.php?rest_route=%2Fwp%2Fv2%2Ftags&post=1823"}],"curies":[{"name":"wp","href":"https:\/\/api.w.org\/{rel}","templated":true}]}}