{"id":1836,"date":"2015-11-14T19:07:35","date_gmt":"2015-11-14T19:07:35","guid":{"rendered":"http:\/\/riograndezac.gob.mx\/informatica\/?p=1836"},"modified":"2015-11-14T19:07:35","modified_gmt":"2015-11-14T19:07:35","slug":"el-gobierno-municipal-de-rio-grande-presidido-por-constantino-castaneda-munoz-a-traves-del-instituto-municipal-de-la-mujer-a-cargo-de-anahi-cerrillo-aguilar-prepara-las-actividades-en-el-marco-del-di","status":"publish","type":"post","link":"https:\/\/riograndezac.gob.mx\/informatica\/?p=1836","title":{"rendered":"El gobierno municipal de R\u00edo Grande presidido por Constantino Casta\u00f1eda Mu\u00f1oz, a trav\u00e9s del Instituto Municipal de la Mujer a cargo de Anah\u00ed Cerrillo Aguilar prepara las actividades en el marco del d\u00eda naranja."},"content":{"rendered":"<p><a href=\"https:\/\/riograndezac.gob.mx\/informatica\/wp-content\/uploads\/2015\/11\/d\u00eda-naranja.png\"><img loading=\"lazy\" decoding=\"async\" class=\"aligncenter size-full wp-image-1837\" src=\"https:\/\/riograndezac.gob.mx\/informatica\/wp-content\/uploads\/2015\/11\/d\u00eda-naranja.png\" alt=\"d\u00eda naranja\" width=\"566\" height=\"403\" srcset=\"https:\/\/riograndezac.gob.mx\/informatica\/wp-content\/uploads\/2015\/11\/d\u00eda-naranja.png 566w, https:\/\/riograndezac.gob.mx\/informatica\/wp-content\/uploads\/2015\/11\/d\u00eda-naranja-300x214.png 300w, https:\/\/riograndezac.gob.mx\/informatica\/wp-content\/uploads\/2015\/11\/d\u00eda-naranja-24x17.png 24w, https:\/\/riograndezac.gob.mx\/informatica\/wp-content\/uploads\/2015\/11\/d\u00eda-naranja-36x26.png 36w, https:\/\/riograndezac.gob.mx\/informatica\/wp-content\/uploads\/2015\/11\/d\u00eda-naranja-48x34.png 48w\" sizes=\"auto, (max-width: 566px) 100vw, 566px\" \/><\/a><\/p>\n<p>La funcionaria municipal inform\u00f3 que esta serie de actividades, se llevan a cabo en coordinaci\u00f3n con la Secretaria de Salud del Gobierno del Estado en la Jurisdicci\u00f3n 04 con sede en R\u00edo Grande, por medio del \u00e1rea de Prevenci\u00f3n a la Violencia de las Mujeres.<\/p>\n<p>&nbsp;<\/p>\n<p>Record\u00f3 que en el marco del D\u00eda Naranja, 25 de Noviembre \u201cD\u00eda Internacional de la Eliminaci\u00f3n de la Violencia Hacia Las Mujeres\u201d tienen contemplado realizar una serie de actividades, puesto que una de cada tres mujeres ha sufrido violencia f\u00edsica o sexual en su vida, una cifra abrumadora que refleja una pandemia de proporciones mundiales. Sin embargo, a diferencia de una enfermedad, agresores e incluso sociedades enteras eligen cometer actos de violencia, y tambi\u00e9n pueden decidir ponerles fin. La violencia no es inevitable: se puede prevenir\u201d.<\/p>\n<p>&nbsp;<\/p>\n<p>\u201cAunque no es algo tan f\u00e1cil como erradicar un virus. No hay una vacuna, no hay un medicamento, no hay una cura. Tampoco hay un \u00fanico motivo por el que ocurre\u201d\u201d, enfatiz\u00f3 Cerrillo Aguilar.<\/p>\n<p>&nbsp;<\/p>\n<p>\u201cHabremos de iniciar con un ciclo de conferencias en las comunidades a partir del 18 de noviembre en Ignacio L\u00f3pez Ray\u00f3n, (Los Delgado), el 19 en Los M\u00e1rquez, el 23 en la colonia Progreso, el 24 en los Conde, el 26 en La Luz y el 27 en la Florida, con el tema central de \u201cderechos humanos y prevenci\u00f3n de la violencia hacia las mujeres\u201d, dio a conocer.<\/p>\n<p>&nbsp;<\/p>\n<p>As\u00ed mismo, dijo que \u201cllevaremos un ciclo de Cine en Instituciones de Educaci\u00f3n Media Superior y Superior 23 de noviembre en el CECyTEZ el 24 en el CBTa. No. 20, el 26 en la preparatoria Independencia, y el 27 en el I.T.S.Z.N. con diferentes temas\u201d.<\/p>\n<p>&nbsp;<\/p>\n<p>\u201cLa prevenci\u00f3n es el tema de 2015 para el D\u00eda Internacional de la Eliminaci\u00f3n de la Violencia contra la Mujer, que se celebra el 25 de noviembre, la violencia contra la mujer es una violaci\u00f3n de los derechos humanos, es consecuencia de la discriminaci\u00f3n que sufre, tanto en leyes como en la pr\u00e1ctica, y la persistencia de desigualdades por raz\u00f3n de g\u00e9nero, afecta e impide el avance en muchas \u00e1reas, incluidas la erradicaci\u00f3n de la pobreza, la lucha contra el VIH\/SIDA y la paz y la seguridad\u201d, manifest\u00f3.<\/p>\n<p>&nbsp;<\/p>\n<p>\u201cLa violencia contra las mujeres y las ni\u00f1as se puede evitar; la prevenci\u00f3n es posible y esencial, pues \u00e9sta no deja de ser una pandemia global, hasta un 70% de las mujeres sufren violencia en su vida, laboral, sexual, psicol\u00f3gica, de g\u00e9nero, f\u00edsica, as\u00ed que todos somos responsables de prevenir y poner fin a la violencia contra las mujeres y las ni\u00f1as, hay que comenzar por eliminar la cultura de discriminaci\u00f3n que permite que esa violencia contin\u00fae\u201d.<\/p>\n","protected":false},"excerpt":{"rendered":"<p>Record\u00f3 que en el marco del D\u00eda Naranja, 25 de Noviembre \u201cD\u00eda Internacional de la Eliminaci\u00f3n de la Violencia Hacia Las Mujeres\u201d tienen contemplado realizar una serie de actividades<\/p>\n","protected":false},"author":1,"featured_media":1837,"comment_status":"closed","ping_status":"closed","sticky":false,"template":"","format":"standard","meta":{"_monsterinsights_skip_tracking":false,"_monsterinsights_sitenote_active":false,"_monsterinsights_sitenote_note":"","_monsterinsights_sitenote_category":0,"footnotes":""},"categories":[4],"tags":[12,18],"class_list":["post-1836","post","type-post","status-publish","format-standard","has-post-thumbnail","hentry","category-boletines","tag-comunicacion-social","tag-gobierno-municipal-rio-grande"],"jetpack_featured_media_url":"https:\/\/riograndezac.gob.mx\/informatica\/wp-content\/uploads\/2015\/11\/d\u00eda-naranja.png","_links":{"self":[{"href":"https:\/\/riograndezac.gob.mx\/informatica\/index.php?rest_route=\/wp\/v2\/posts\/1836","targetHints":{"allow":["GET"]}}],"collection":[{"href":"https:\/\/riograndezac.gob.mx\/informatica\/index.php?rest_route=\/wp\/v2\/posts"}],"about":[{"href":"https:\/\/riograndezac.gob.mx\/informatica\/index.php?rest_route=\/wp\/v2\/types\/post"}],"author":[{"embeddable":true,"href":"https:\/\/riograndezac.gob.mx\/informatica\/index.php?rest_route=\/wp\/v2\/users\/1"}],"replies":[{"embeddable":true,"href":"https:\/\/riograndezac.gob.mx\/informatica\/index.php?rest_route=%2Fwp%2Fv2%2Fcomments&post=1836"}],"version-history":[{"count":1,"href":"https:\/\/riograndezac.gob.mx\/informatica\/index.php?rest_route=\/wp\/v2\/posts\/1836\/revisions"}],"predecessor-version":[{"id":1838,"href":"https:\/\/riograndezac.gob.mx\/informatica\/index.php?rest_route=\/wp\/v2\/posts\/1836\/revisions\/1838"}],"wp:featuredmedia":[{"embeddable":true,"href":"https:\/\/riograndezac.gob.mx\/informatica\/index.php?rest_route=\/wp\/v2\/media\/1837"}],"wp:attachment":[{"href":"https:\/\/riograndezac.gob.mx\/informatica\/index.php?rest_route=%2Fwp%2Fv2%2Fmedia&parent=1836"}],"wp:term":[{"taxonomy":"category","embeddable":true,"href":"https:\/\/riograndezac.gob.mx\/informatica\/index.php?rest_route=%2Fwp%2Fv2%2Fcategories&post=1836"},{"taxonomy":"post_tag","embeddable":true,"href":"https:\/\/riograndezac.gob.mx\/informatica\/index.php?rest_route=%2Fwp%2Fv2%2Ftags&post=1836"}],"curies":[{"name":"wp","href":"https:\/\/api.w.org\/{rel}","templated":true}]}}