{"id":1839,"date":"2015-11-14T19:12:26","date_gmt":"2015-11-14T19:12:26","guid":{"rendered":"http:\/\/riograndezac.gob.mx\/informatica\/?p=1839"},"modified":"2015-12-10T05:26:58","modified_gmt":"2015-12-10T05:26:58","slug":"alcantarillado-en-la-comunidad-de-las-piedras","status":"publish","type":"post","link":"https:\/\/riograndezac.gob.mx\/informatica\/?p=1839","title":{"rendered":"Alcantarillado en la comunidad de las Piedras"},"content":{"rendered":"<p><a href=\"https:\/\/riograndezac.gob.mx\/informatica\/wp-content\/uploads\/2015\/11\/PRESIDENTE-.jpg\"><img loading=\"lazy\" decoding=\"async\" class=\"aligncenter size-full wp-image-1840\" src=\"https:\/\/riograndezac.gob.mx\/informatica\/wp-content\/uploads\/2015\/11\/PRESIDENTE-.jpg\" alt=\"PRESIDENTE\" width=\"700\" height=\"548\" srcset=\"https:\/\/riograndezac.gob.mx\/informatica\/wp-content\/uploads\/2015\/11\/PRESIDENTE-.jpg 700w, https:\/\/riograndezac.gob.mx\/informatica\/wp-content\/uploads\/2015\/11\/PRESIDENTE--300x235.jpg 300w, https:\/\/riograndezac.gob.mx\/informatica\/wp-content\/uploads\/2015\/11\/PRESIDENTE--24x19.jpg 24w, https:\/\/riograndezac.gob.mx\/informatica\/wp-content\/uploads\/2015\/11\/PRESIDENTE--36x28.jpg 36w, https:\/\/riograndezac.gob.mx\/informatica\/wp-content\/uploads\/2015\/11\/PRESIDENTE--48x38.jpg 48w\" sizes=\"auto, (max-width: 700px) 100vw, 700px\" \/><\/a><\/p>\n<p>\u201cCon una inversi\u00f3n de 240 mil 537 pesos, correspondientes al programa de saldos de programas federales, se dio inicio a la construcci\u00f3n de la ampliaci\u00f3n de alcantarillado con 353 metros lineales sobre la calle principal de la comunidad de Las Piedras\u201d, inform\u00f3 el primer mandatario de R\u00edo Grande Constantino Casta\u00f1eda Mu\u00f1oz.<\/p>\n<p>&nbsp;<\/p>\n<p>El alcalde se\u00f1al\u00f3 que esta obra, se est\u00e1 llevando a cabo por parte de la direcci\u00f3n de obras y servicios p\u00fablicos, y que b\u00e1sicamente consta de la tuber\u00eda de serie 25 de 8 pulgadas de di\u00e1metro con junta herm\u00e9tica sobre la l\u00ednea principal, adem\u00e1s del suministro y colocaci\u00f3n de 12 descargas con tuber\u00eda de 6 pulgadas de di\u00e1metro interconectadas con las tee yee de reducci\u00f3n de 8 a 6.<\/p>\n<p>&nbsp;<\/p>\n<p>\u201cNuestro compromiso con los riograndenses es que los recursos los podamos aprovechar para cubrir las necesidades y carencias que nos demanda la misma ciudadan\u00eda, as\u00ed que en medida de las posibilidades es que entregamos resultados\u201d, manifest\u00f3.<\/p>\n<p>&nbsp;<\/p>\n<p>As\u00ed mismo, se\u00f1al\u00f3 que \u201cluego de muchos a\u00f1os de solicitar una ampliaci\u00f3n en la red de alcantarillado para la comunidad de Las Piedras dimos inicio con la obra que beneficiar\u00e1 a m\u00e1s de medio centenar de habitantes\u201d coment\u00f3 el presidente Constantino Casta\u00f1eda.<\/p>\n<p>&nbsp;<\/p>\n<p>\u201cCon obras como esta, refrendamos nuestro compromiso de atender todas y cada una de las demandas que la poblaci\u00f3n nos hace llegar, aprovechar al m\u00e1ximo el saldo de los programas federales en obras como esta\u201d, refiri\u00f3.<\/p>\n<p>&nbsp;<\/p>\n<p>Casta\u00f1eda Mu\u00f1oz, agreg\u00f3 que \u201chace algunos meses se dio por inaugurada una planta potabilizadora de agua en la misma comunidad, queda claro que nuestro trabajo es general, y no solo para unos cuantos, nosotros no venimos a distinguir ni condici\u00f3n econ\u00f3mica, pol\u00edtica o social, sino al contrario, con acuerdos y la voluntad de trabajar coordinados todo es posible\u201d.<\/p>\n<p>&nbsp;<\/p>\n","protected":false},"excerpt":{"rendered":"<p>\u201cNuestro compromiso con los riograndenses es que los recursos los podamos aprovechar para cubrir las necesidades y carencias que nos demanda la misma ciudadan\u00eda, as\u00ed que en medida de las posibilidades es que entregamos resultados\u201d, manifest\u00f3.<\/p>\n","protected":false},"author":1,"featured_media":1840,"comment_status":"closed","ping_status":"closed","sticky":false,"template":"","format":"standard","meta":{"_monsterinsights_skip_tracking":false,"_monsterinsights_sitenote_active":false,"_monsterinsights_sitenote_note":"","_monsterinsights_sitenote_category":0,"footnotes":""},"categories":[8],"tags":[12,18],"class_list":["post-1839","post","type-post","status-publish","format-standard","has-post-thumbnail","hentry","category-gobierno-municipal-rio-grande-zacatecas","tag-comunicacion-social","tag-gobierno-municipal-rio-grande"],"jetpack_featured_media_url":"https:\/\/riograndezac.gob.mx\/informatica\/wp-content\/uploads\/2015\/11\/PRESIDENTE-.jpg","_links":{"self":[{"href":"https:\/\/riograndezac.gob.mx\/informatica\/index.php?rest_route=\/wp\/v2\/posts\/1839","targetHints":{"allow":["GET"]}}],"collection":[{"href":"https:\/\/riograndezac.gob.mx\/informatica\/index.php?rest_route=\/wp\/v2\/posts"}],"about":[{"href":"https:\/\/riograndezac.gob.mx\/informatica\/index.php?rest_route=\/wp\/v2\/types\/post"}],"author":[{"embeddable":true,"href":"https:\/\/riograndezac.gob.mx\/informatica\/index.php?rest_route=\/wp\/v2\/users\/1"}],"replies":[{"embeddable":true,"href":"https:\/\/riograndezac.gob.mx\/informatica\/index.php?rest_route=%2Fwp%2Fv2%2Fcomments&post=1839"}],"version-history":[{"count":1,"href":"https:\/\/riograndezac.gob.mx\/informatica\/index.php?rest_route=\/wp\/v2\/posts\/1839\/revisions"}],"predecessor-version":[{"id":1841,"href":"https:\/\/riograndezac.gob.mx\/informatica\/index.php?rest_route=\/wp\/v2\/posts\/1839\/revisions\/1841"}],"wp:featuredmedia":[{"embeddable":true,"href":"https:\/\/riograndezac.gob.mx\/informatica\/index.php?rest_route=\/wp\/v2\/media\/1840"}],"wp:attachment":[{"href":"https:\/\/riograndezac.gob.mx\/informatica\/index.php?rest_route=%2Fwp%2Fv2%2Fmedia&parent=1839"}],"wp:term":[{"taxonomy":"category","embeddable":true,"href":"https:\/\/riograndezac.gob.mx\/informatica\/index.php?rest_route=%2Fwp%2Fv2%2Fcategories&post=1839"},{"taxonomy":"post_tag","embeddable":true,"href":"https:\/\/riograndezac.gob.mx\/informatica\/index.php?rest_route=%2Fwp%2Fv2%2Ftags&post=1839"}],"curies":[{"name":"wp","href":"https:\/\/api.w.org\/{rel}","templated":true}]}}