{"id":1851,"date":"2015-11-18T20:32:00","date_gmt":"2015-11-18T20:32:00","guid":{"rendered":"http:\/\/riograndezac.gob.mx\/informatica\/?p=1851"},"modified":"2015-11-18T20:32:00","modified_gmt":"2015-11-18T20:32:00","slug":"continua-la-rehabilitacion-de-la-casa-de-la-cultura","status":"publish","type":"post","link":"https:\/\/riograndezac.gob.mx\/informatica\/?p=1851","title":{"rendered":"Contin\u00faa la rehabilitaci\u00f3n de la Casa de la Cultura"},"content":{"rendered":"<p><a href=\"https:\/\/riograndezac.gob.mx\/informatica\/wp-content\/uploads\/2015\/11\/CASA-DE-LA-CULTURA-2.png\"><img loading=\"lazy\" decoding=\"async\" class=\"aligncenter size-full wp-image-1852\" src=\"https:\/\/riograndezac.gob.mx\/informatica\/wp-content\/uploads\/2015\/11\/CASA-DE-LA-CULTURA-2.png\" alt=\"CASA DE LA CULTURA (2)\" width=\"700\" height=\"417\" srcset=\"https:\/\/riograndezac.gob.mx\/informatica\/wp-content\/uploads\/2015\/11\/CASA-DE-LA-CULTURA-2.png 700w, https:\/\/riograndezac.gob.mx\/informatica\/wp-content\/uploads\/2015\/11\/CASA-DE-LA-CULTURA-2-300x179.png 300w, https:\/\/riograndezac.gob.mx\/informatica\/wp-content\/uploads\/2015\/11\/CASA-DE-LA-CULTURA-2-24x14.png 24w, https:\/\/riograndezac.gob.mx\/informatica\/wp-content\/uploads\/2015\/11\/CASA-DE-LA-CULTURA-2-36x21.png 36w, https:\/\/riograndezac.gob.mx\/informatica\/wp-content\/uploads\/2015\/11\/CASA-DE-LA-CULTURA-2-48x29.png 48w\" sizes=\"auto, (max-width: 700px) 100vw, 700px\" \/><\/a><\/p>\n<p>&nbsp;<\/p>\n<p>Contin\u00faa la rehabilitaci\u00f3n de la Casa de la Cultura \u201cLu\u00eds Cerrillo C\u00e1zares\u201d, obra realizada por el gobierno municipal de R\u00edo Grande encabezado por Constantino Casta\u00f1eda Mu\u00f1oz a trav\u00e9s de la direcci\u00f3n de Obras y Servicios P\u00fablicos.<\/p>\n<p>&nbsp;<\/p>\n<p>Esta obra se realiza con el objetivo de preservar el lugar que alberga a grandes artistas de manera multidisciplinaria, e incluye la rehabilitaci\u00f3n es en el techo del sal\u00f3n de usos m\u00faltiples, ubicado\u00a0 al interior del patio de la casa de la cultura, la aplicaci\u00f3n de pintura en los muros, la rehabilitaci\u00f3n ba\u00f1os y fachada, pues a lo largo de muchos a\u00f1os, este recinto emblem\u00e1tico para nuestro municipio no hab\u00eda recibido mantenimiento integral, destac\u00f3 el titular de Obras y Servicio P\u00fablicos, Asiel Felipe Garc\u00eda Mares.<\/p>\n<p>&nbsp;<\/p>\n<p>El funcionario se\u00f1al\u00f3 que \u201ceste espacio ha visto pasar much\u00edsimas exposiciones, obras de arte, teatro, m\u00fasica, pinturas, artesan\u00edas, conferencias, conciertos y de m\u00e1s actividades del genero cultura, recordar que este edificio alberga departamentos que son de importancia para la sociedad como lo es la Biblioteca P\u00fablica, el Cronista del municipio, propiamente el departamento de Cultura, los Institutos de la Mujer y de la juventud, el espacio para las clases de pintura y artesan\u00edas y clases de m\u00fasica\u201d.<\/p>\n<p>&nbsp;<\/p>\n<p>\u201cYa se est\u00e1 trabajando en el tema de la rehabilitaci\u00f3n del techo, se est\u00e1 colocando una estructura con la que se evitar\u00e1n las \u201cgoteras\u201d, y de esta manera, se podr\u00e1n realizar sin ning\u00fan pendiente distintas exposiciones en esta Casa de la Cultura, nuestro \u00edcono en Rio Grande, no s\u00f3lo para las y los talentosos artistas, sino para nosotros tambi\u00e9n\u201d, finaliz\u00f3.<\/p>\n","protected":false},"excerpt":{"rendered":"<p>Contin\u00faa la rehabilitaci\u00f3n de la Casa de la Cultura \u201cLu\u00eds Cerrillo C\u00e1zares\u201d, obra realizada por el gobierno municipal de R\u00edo Grande encabezado por Constantino Casta\u00f1eda Mu\u00f1oz a trav\u00e9s de la direcci\u00f3n de Obras y Servicios P\u00fablicos.<\/p>\n","protected":false},"author":1,"featured_media":1852,"comment_status":"closed","ping_status":"closed","sticky":false,"template":"","format":"standard","meta":{"_monsterinsights_skip_tracking":false,"_monsterinsights_sitenote_active":false,"_monsterinsights_sitenote_note":"","_monsterinsights_sitenote_category":0,"footnotes":""},"categories":[4],"tags":[18],"class_list":["post-1851","post","type-post","status-publish","format-standard","has-post-thumbnail","hentry","category-boletines","tag-gobierno-municipal-rio-grande"],"jetpack_featured_media_url":"https:\/\/riograndezac.gob.mx\/informatica\/wp-content\/uploads\/2015\/11\/CASA-DE-LA-CULTURA-2.png","_links":{"self":[{"href":"https:\/\/riograndezac.gob.mx\/informatica\/index.php?rest_route=\/wp\/v2\/posts\/1851","targetHints":{"allow":["GET"]}}],"collection":[{"href":"https:\/\/riograndezac.gob.mx\/informatica\/index.php?rest_route=\/wp\/v2\/posts"}],"about":[{"href":"https:\/\/riograndezac.gob.mx\/informatica\/index.php?rest_route=\/wp\/v2\/types\/post"}],"author":[{"embeddable":true,"href":"https:\/\/riograndezac.gob.mx\/informatica\/index.php?rest_route=\/wp\/v2\/users\/1"}],"replies":[{"embeddable":true,"href":"https:\/\/riograndezac.gob.mx\/informatica\/index.php?rest_route=%2Fwp%2Fv2%2Fcomments&post=1851"}],"version-history":[{"count":1,"href":"https:\/\/riograndezac.gob.mx\/informatica\/index.php?rest_route=\/wp\/v2\/posts\/1851\/revisions"}],"predecessor-version":[{"id":1853,"href":"https:\/\/riograndezac.gob.mx\/informatica\/index.php?rest_route=\/wp\/v2\/posts\/1851\/revisions\/1853"}],"wp:featuredmedia":[{"embeddable":true,"href":"https:\/\/riograndezac.gob.mx\/informatica\/index.php?rest_route=\/wp\/v2\/media\/1852"}],"wp:attachment":[{"href":"https:\/\/riograndezac.gob.mx\/informatica\/index.php?rest_route=%2Fwp%2Fv2%2Fmedia&parent=1851"}],"wp:term":[{"taxonomy":"category","embeddable":true,"href":"https:\/\/riograndezac.gob.mx\/informatica\/index.php?rest_route=%2Fwp%2Fv2%2Fcategories&post=1851"},{"taxonomy":"post_tag","embeddable":true,"href":"https:\/\/riograndezac.gob.mx\/informatica\/index.php?rest_route=%2Fwp%2Fv2%2Ftags&post=1851"}],"curies":[{"name":"wp","href":"https:\/\/api.w.org\/{rel}","templated":true}]}}