{"id":1928,"date":"2015-12-01T06:47:38","date_gmt":"2015-12-01T06:47:38","guid":{"rendered":"http:\/\/riograndezac.gob.mx\/informatica\/?p=1928"},"modified":"2015-12-08T06:49:13","modified_gmt":"2015-12-08T06:49:13","slug":"1928","status":"publish","type":"post","link":"https:\/\/riograndezac.gob.mx\/informatica\/?p=1928","title":{"rendered":"Comercio"},"content":{"rendered":"<p><a href=\"https:\/\/riograndezac.gob.mx\/informatica\/wp-content\/uploads\/2015\/12\/COMERCIO-2.jpg\"><img loading=\"lazy\" decoding=\"async\" class=\"aligncenter size-full wp-image-1929\" src=\"https:\/\/riograndezac.gob.mx\/informatica\/wp-content\/uploads\/2015\/12\/COMERCIO-2.jpg\" alt=\"COMERCIO (2)\" width=\"700\" height=\"466\" srcset=\"https:\/\/riograndezac.gob.mx\/informatica\/wp-content\/uploads\/2015\/12\/COMERCIO-2.jpg 700w, https:\/\/riograndezac.gob.mx\/informatica\/wp-content\/uploads\/2015\/12\/COMERCIO-2-300x200.jpg 300w, https:\/\/riograndezac.gob.mx\/informatica\/wp-content\/uploads\/2015\/12\/COMERCIO-2-24x16.jpg 24w, https:\/\/riograndezac.gob.mx\/informatica\/wp-content\/uploads\/2015\/12\/COMERCIO-2-36x24.jpg 36w, https:\/\/riograndezac.gob.mx\/informatica\/wp-content\/uploads\/2015\/12\/COMERCIO-2-48x32.jpg 48w\" sizes=\"auto, (max-width: 700px) 100vw, 700px\" \/><\/a><\/p>\n<p>&nbsp;<\/p>\n<p>\u201cRevisaremos los padrones de comercio, con la intenci\u00f3n de controlar el ambulantaje, haciendo \u00e9nfasis en que con estas acciones tanto se respeta la labor de las y los trabajadores ambulantes, pero tambi\u00e9n de proteger al comercio establecido, por ello el exhorto al sector ambulante a trabajar dentro de la legalidad\u201d, inform\u00f3 el alcalde Constantino Casta\u00f1eda Mu\u00f1oz.<\/p>\n<p>&nbsp;<\/p>\n<p>\u201cAl inicio de la administraci\u00f3n, no negamos las distintas solicitudes que hab\u00eda en cuanto al comercio ambulante, por la situaci\u00f3n del empleo, ahora buscaremos que todo se ordene puesto que ya ofrecimos distintas alternativas de proyectos, programas, enfatizando el tema del empleo en la Ensambladora\u201d, se\u00f1al\u00f3 Casta\u00f1eda Mu\u00f1oz.<\/p>\n<p>&nbsp;<\/p>\n<p>As\u00ed mismo, dijo que \u201centendemos a las y los comerciantes establecidos, quienes pagan renta y otros impuestos, quienes nos han pedido que se regule el comercio ambulante, y creemos que es el tiempo de hacerlo\u201d.<\/p>\n<p>&nbsp;<\/p>\n<p>\u201cDe alguna manera, vamos a equiparar las licencias de alcoholes con el tema del comercio ambulante, ya no vamos a otorgar ning\u00fan permiso m\u00e1s, para regularizar primero el que hay, de manera de invitarlos a que se establezcan por ejemplo en los Mercados Municipales, y que saquen sus permisos correspondientes\u201d, se\u00f1al\u00f3.<\/p>\n<p>&nbsp;<\/p>\n<p>\u201cPara cumplir con este objetivo de regular del comercio ambulante que diario se instala en las principales calles, nos apoyaremos en el Reglamento de Comercio, as\u00ed como los mismos inspectores de comercio dirigidos por No\u00e9 Lazalde Luna, quienes deber\u00e1n acudir con un exhorto a visitar a las y los vendedores, para que obtengan sus permisos respectivos y se establezcan en alguna \u00e1rea en espec\u00edfico\u201d, se\u00f1al\u00f3.<\/p>\n<p>&nbsp;<\/p>\n<p>A\u00f1adi\u00f3 que \u201cIncluso los operativos son para buscar soluciones a un problema se ha venido presentando con los vendedores ambulantes que, en la mayor\u00eda de los casos, ni siquiera son de aqu\u00ed, no los vamos a correr ni nada, pero si les invitaremos para que hagan sus pagos correspondientes\u201d.<\/p>\n<p>&nbsp;<\/p>\n<p>Dijo que \u201cde esta manera, respaldamos tambi\u00e9n las solicitudes del mismo comercio establecido, puesto que entre las situaciones que nos hacen llegar, ellos manifiestan que se han dado roces entre ambos grupo, y no queremos que pase a mayores por nada, ante todo el respeto y la legalidad\u201d.<\/p>\n","protected":false},"excerpt":{"rendered":"<p>Revisaremos los padrones de comercio, con la intenci\u00f3n de controlar el ambulantaje, haciendo \u00e9nfasis en que con estas acciones tanto se respeta la labor de las y los trabajadores ambulantes<\/p>\n","protected":false},"author":1,"featured_media":1929,"comment_status":"closed","ping_status":"closed","sticky":false,"template":"","format":"standard","meta":{"_monsterinsights_skip_tracking":false,"_monsterinsights_sitenote_active":false,"_monsterinsights_sitenote_note":"","_monsterinsights_sitenote_category":0,"footnotes":""},"categories":[4],"tags":[12,18],"class_list":["post-1928","post","type-post","status-publish","format-standard","has-post-thumbnail","hentry","category-boletines","tag-comunicacion-social","tag-gobierno-municipal-rio-grande"],"jetpack_featured_media_url":"https:\/\/riograndezac.gob.mx\/informatica\/wp-content\/uploads\/2015\/12\/COMERCIO-2.jpg","_links":{"self":[{"href":"https:\/\/riograndezac.gob.mx\/informatica\/index.php?rest_route=\/wp\/v2\/posts\/1928","targetHints":{"allow":["GET"]}}],"collection":[{"href":"https:\/\/riograndezac.gob.mx\/informatica\/index.php?rest_route=\/wp\/v2\/posts"}],"about":[{"href":"https:\/\/riograndezac.gob.mx\/informatica\/index.php?rest_route=\/wp\/v2\/types\/post"}],"author":[{"embeddable":true,"href":"https:\/\/riograndezac.gob.mx\/informatica\/index.php?rest_route=\/wp\/v2\/users\/1"}],"replies":[{"embeddable":true,"href":"https:\/\/riograndezac.gob.mx\/informatica\/index.php?rest_route=%2Fwp%2Fv2%2Fcomments&post=1928"}],"version-history":[{"count":3,"href":"https:\/\/riograndezac.gob.mx\/informatica\/index.php?rest_route=\/wp\/v2\/posts\/1928\/revisions"}],"predecessor-version":[{"id":1932,"href":"https:\/\/riograndezac.gob.mx\/informatica\/index.php?rest_route=\/wp\/v2\/posts\/1928\/revisions\/1932"}],"wp:featuredmedia":[{"embeddable":true,"href":"https:\/\/riograndezac.gob.mx\/informatica\/index.php?rest_route=\/wp\/v2\/media\/1929"}],"wp:attachment":[{"href":"https:\/\/riograndezac.gob.mx\/informatica\/index.php?rest_route=%2Fwp%2Fv2%2Fmedia&parent=1928"}],"wp:term":[{"taxonomy":"category","embeddable":true,"href":"https:\/\/riograndezac.gob.mx\/informatica\/index.php?rest_route=%2Fwp%2Fv2%2Fcategories&post=1928"},{"taxonomy":"post_tag","embeddable":true,"href":"https:\/\/riograndezac.gob.mx\/informatica\/index.php?rest_route=%2Fwp%2Fv2%2Ftags&post=1928"}],"curies":[{"name":"wp","href":"https:\/\/api.w.org\/{rel}","templated":true}]}}