{"id":1941,"date":"2015-12-02T07:00:55","date_gmt":"2015-12-02T07:00:55","guid":{"rendered":"http:\/\/riograndezac.gob.mx\/informatica\/?p=1941"},"modified":"2015-12-08T07:03:16","modified_gmt":"2015-12-08T07:03:16","slug":"apoderada-legal","status":"publish","type":"post","link":"https:\/\/riograndezac.gob.mx\/informatica\/?p=1941","title":{"rendered":"Apoderada Legal"},"content":{"rendered":"<p><a href=\"https:\/\/riograndezac.gob.mx\/informatica\/wp-content\/uploads\/2015\/12\/cabildo-1.png\"><img loading=\"lazy\" decoding=\"async\" class=\"aligncenter size-full wp-image-1942\" src=\"https:\/\/riograndezac.gob.mx\/informatica\/wp-content\/uploads\/2015\/12\/cabildo-1.png\" alt=\"cabildo (1)\" width=\"700\" height=\"349\" srcset=\"https:\/\/riograndezac.gob.mx\/informatica\/wp-content\/uploads\/2015\/12\/cabildo-1.png 700w, https:\/\/riograndezac.gob.mx\/informatica\/wp-content\/uploads\/2015\/12\/cabildo-1-300x150.png 300w, https:\/\/riograndezac.gob.mx\/informatica\/wp-content\/uploads\/2015\/12\/cabildo-1-24x12.png 24w, https:\/\/riograndezac.gob.mx\/informatica\/wp-content\/uploads\/2015\/12\/cabildo-1-36x18.png 36w, https:\/\/riograndezac.gob.mx\/informatica\/wp-content\/uploads\/2015\/12\/cabildo-1-48x24.png 48w\" sizes=\"auto, (max-width: 700px) 100vw, 700px\" \/><\/a><\/p>\n<p>&nbsp;<\/p>\n<p>En sesi\u00f3n ordinaria de cabildo, se ratifica a Mar\u00eda Guadalupe Figueroa Delgado como apoderada legal del Ayuntamiento de R\u00edo Grande, para coadyuvar con el trabajo de la representante legal Ana Marianela Hern\u00e1ndez Pe\u00f1a, hasta el 14 de septiembre del 2016.<\/p>\n<p>&nbsp;<\/p>\n<p>La apoderada legal obtuvo por unanimidad del pleno del cabildo la ratificaci\u00f3n del poder para pleitos y cobranzas, que, a su vez, es exigido por el Tribunal de Conciliaci\u00f3n y Arbitraje en el estado, y que velar\u00e1 por los intereses del Municipio.<\/p>\n<p>&nbsp;<\/p>\n<p>Constantino Casta\u00f1eda Mu\u00f1oz, presidente municipal de R\u00edo Grande, reiter\u00f3 su llamado para que Figueroa Delgado, se siga conduciendo con un trabajo honesto, transparente y, sobre todo, \u00e9tico, puesto que la responsabilidad con que se desempe\u00f1en se ver\u00e1 reflejada incluso en las finanzas de la administraci\u00f3n.<\/p>\n<p>&nbsp;<\/p>\n<p>Por su parte, Hern\u00e1ndez Pe\u00f1a agradeci\u00f3 el voto de confianza del pleno del cabildo, puesto que, dijo, \u201cyo he sido la primera interesada en que los abogados adscritos a la Sindicatura realicen su trabajo con plenitud, puesto que es mi responsabilidad el tema de la representaci\u00f3n legal de R\u00edo Grande, para eso estoy aqu\u00ed\u201d.<\/p>\n<p>&nbsp;<\/p>\n<p>Extern\u00f3 que \u201ces imposible que yo pueda hacerlo todo sola, o bien, estar presente en distintas audiencias, por lo que es necesaria la figura de un apoderado legal, y hasta ahorita la abogada, lo ha hecho bien\u201d.<\/p>\n<p>&nbsp;<\/p>\n<p>El pleno del cabildo acord\u00f3 que el poder ser\u00e1 por hasta el \u00faltimo d\u00eda de la administraci\u00f3n, as\u00ed mismo que se continuar\u00e1 rindiendo por parte de la apoderada legal un informe mensual, para que, de esta manera, se eval\u00fae su desempleo en los casos que se llevan en el Departamento Jur\u00eddico, y estar seguros de no dejar pendientes.<\/p>\n<p>&nbsp;<\/p>\n","protected":false},"excerpt":{"rendered":"<p>El pleno del cabildo acord\u00f3 que el poder ser\u00e1 por hasta el \u00faltimo d\u00eda de la administraci\u00f3n, as\u00ed mismo que se continuar\u00e1 rindiendo por parte de la apoderada legal un informe mensual<\/p>\n","protected":false},"author":1,"featured_media":1942,"comment_status":"closed","ping_status":"closed","sticky":false,"template":"","format":"standard","meta":{"_monsterinsights_skip_tracking":false,"_monsterinsights_sitenote_active":false,"_monsterinsights_sitenote_note":"","_monsterinsights_sitenote_category":0,"footnotes":""},"categories":[4],"tags":[12,18],"class_list":["post-1941","post","type-post","status-publish","format-standard","has-post-thumbnail","hentry","category-boletines","tag-comunicacion-social","tag-gobierno-municipal-rio-grande"],"jetpack_featured_media_url":"https:\/\/riograndezac.gob.mx\/informatica\/wp-content\/uploads\/2015\/12\/cabildo-1.png","_links":{"self":[{"href":"https:\/\/riograndezac.gob.mx\/informatica\/index.php?rest_route=\/wp\/v2\/posts\/1941","targetHints":{"allow":["GET"]}}],"collection":[{"href":"https:\/\/riograndezac.gob.mx\/informatica\/index.php?rest_route=\/wp\/v2\/posts"}],"about":[{"href":"https:\/\/riograndezac.gob.mx\/informatica\/index.php?rest_route=\/wp\/v2\/types\/post"}],"author":[{"embeddable":true,"href":"https:\/\/riograndezac.gob.mx\/informatica\/index.php?rest_route=\/wp\/v2\/users\/1"}],"replies":[{"embeddable":true,"href":"https:\/\/riograndezac.gob.mx\/informatica\/index.php?rest_route=%2Fwp%2Fv2%2Fcomments&post=1941"}],"version-history":[{"count":1,"href":"https:\/\/riograndezac.gob.mx\/informatica\/index.php?rest_route=\/wp\/v2\/posts\/1941\/revisions"}],"predecessor-version":[{"id":1943,"href":"https:\/\/riograndezac.gob.mx\/informatica\/index.php?rest_route=\/wp\/v2\/posts\/1941\/revisions\/1943"}],"wp:featuredmedia":[{"embeddable":true,"href":"https:\/\/riograndezac.gob.mx\/informatica\/index.php?rest_route=\/wp\/v2\/media\/1942"}],"wp:attachment":[{"href":"https:\/\/riograndezac.gob.mx\/informatica\/index.php?rest_route=%2Fwp%2Fv2%2Fmedia&parent=1941"}],"wp:term":[{"taxonomy":"category","embeddable":true,"href":"https:\/\/riograndezac.gob.mx\/informatica\/index.php?rest_route=%2Fwp%2Fv2%2Fcategories&post=1941"},{"taxonomy":"post_tag","embeddable":true,"href":"https:\/\/riograndezac.gob.mx\/informatica\/index.php?rest_route=%2Fwp%2Fv2%2Ftags&post=1941"}],"curies":[{"name":"wp","href":"https:\/\/api.w.org\/{rel}","templated":true}]}}