{"id":198,"date":"2015-06-12T14:57:13","date_gmt":"2015-06-12T14:57:13","guid":{"rendered":"http:\/\/riograndezac.gob.mx\/informatica\/?p=198"},"modified":"2015-06-16T15:23:51","modified_gmt":"2015-06-16T15:23:51","slug":"todo-listo-para-que-se-lleve-a-cabo-la-clausura-del-panalazo-y-recoleton-2015-de-casa-hogar-santa-elena-el-proximo-domingo-14-de-junio","status":"publish","type":"post","link":"https:\/\/riograndezac.gob.mx\/informatica\/?p=198","title":{"rendered":"Todo listo para que se lleve a cabo la clausura del Pa\u00f1alazo y Recoleton 2015 de Casa Hogar Santa Elena, el pr\u00f3ximo domingo 14 de junio."},"content":{"rendered":"<p>&nbsp;<\/p>\n<p>&nbsp;<\/p>\n<p>Jes\u00fas Zapata Esquivel, secretario general de la Asociaci\u00f3n, inform\u00f3 que se tiene preparado un evento cultural, para acompa\u00f1ar la clausura, con la participaci\u00f3n de un grupo de alumnos del Centro de Bachillerato Tecnol\u00f3gico Agropecuario n\u00famero 20, a cargo de la profesora F\u00e1tima Quirino, adem\u00e1s de la presentaci\u00f3n de una escena del libro \u201cel Secreto de las Vacas\u201d de Alejandro Salinas.<\/p>\n<p>&nbsp;<\/p>\n<p>As\u00ed mismo, la presentaci\u00f3n de los maestros que estudian el diplomado de danza en R\u00edo Grande, bajo la direcci\u00f3n del profesor Luis Alejandro Ch\u00e1vez.<\/p>\n<p>&nbsp;<\/p>\n<p>Como en otras ocasiones, en este evento, se contar\u00e1 con la participaci\u00f3n de las voces rom\u00e1nticas de artistas locales como V\u00edctor Manuela Berumen Moreno, Mario Alberto Guevara Morales y la dulce voz de las hermanas de la Rosa.<\/p>\n<p>&nbsp;<\/p>\n<p>Se\u00f1al\u00f3 que la actividad comenzar\u00e1 desde las 9 de la ma\u00f1ana, y se contar\u00e1 con el respaldo del gobierno municipal, encabezado por Constantino Casta\u00f1eda Mu\u00f1oz, con la asistencia de la presidenta del sistema Municipal para el Desarrollo Integral de la Familia, Martha Patricia Molina de Casta\u00f1eda, para realizar la clausura de este evento.<\/p>\n<p>&nbsp;<\/p>\n<p>La Plaza Principal ser\u00e1 el escenario para que se lleve a cabo la actividad por lo que enfatiz\u00f3 que \u201cpedimos la generosidad de la gente, y que nos haga llegar su donativo en especie a trav\u00e9s de los pa\u00f1ales, y su cooperaci\u00f3n en el recolecton, que hacemos a\u00f1os con a\u00f1o desde el primero que iniciamos, con las alcanc\u00edas. Ojal\u00e1 que se involucren muchas manos y nos ayuden en esta actividad\u201d.<\/p>\n<p>&nbsp;<\/p>\n<p>De igual manera, se contar\u00e1 con la presencia de las y los integrantes de la asociaci\u00f3n presidida por Monse\u00f1or Enrique S\u00e1nchez Mart\u00ednez, Obispo Auxiliar de Durango.<\/p>\n<p>&nbsp;<\/p>\n<p>As\u00ed mismo, se\u00f1al\u00f3 que se est\u00e1 trabajando con la Fundaci\u00f3n Soriana, a trav\u00e9s del Redondeo 2015, en la empresa comercial de esta red, en donde la poblaci\u00f3n que acude puede donar los centavos que le sobren de su cuenta total, para el edificio tanto en Soriana como en Sombrerete, por lo que hay varias formas de poder apoyar a las y los residentes de Casa Hogar Santa Elena, manifestando que la empresa est\u00e1 colaborando con el tema de la donaci\u00f3n de pa\u00f1ales.<\/p>\n<p>&nbsp;<\/p>\n<p>Finaliz\u00f3 exhortando a la poblaci\u00f3n que as\u00ed lo desee, para que lleve su donaci\u00f3n de pa\u00f1ales a la plaza principal, el pr\u00f3ximo domingo 14 de 9 de la ma\u00f1ana a las 4 de la tarde.<\/p>\n<p>&nbsp;<\/p>\n","protected":false},"excerpt":{"rendered":"<p>Como en otras ocasiones, en este evento, se contar\u00e1 con la participaci\u00f3n de las voces rom\u00e1nticas de artistas locales como V\u00edctor Manuela Berumen Moreno<\/p>\n","protected":false},"author":1,"featured_media":199,"comment_status":"closed","ping_status":"closed","sticky":false,"template":"","format":"standard","meta":{"_monsterinsights_skip_tracking":false,"_monsterinsights_sitenote_active":false,"_monsterinsights_sitenote_note":"","_monsterinsights_sitenote_category":0,"footnotes":""},"categories":[4,5],"tags":[12],"class_list":["post-198","post","type-post","status-publish","format-standard","has-post-thumbnail","hentry","category-boletines","category-destacados","tag-comunicacion-social"],"jetpack_featured_media_url":"https:\/\/riograndezac.gob.mx\/informatica\/wp-content\/uploads\/2015\/06\/pa\u00f1alazo.jpg","_links":{"self":[{"href":"https:\/\/riograndezac.gob.mx\/informatica\/index.php?rest_route=\/wp\/v2\/posts\/198","targetHints":{"allow":["GET"]}}],"collection":[{"href":"https:\/\/riograndezac.gob.mx\/informatica\/index.php?rest_route=\/wp\/v2\/posts"}],"about":[{"href":"https:\/\/riograndezac.gob.mx\/informatica\/index.php?rest_route=\/wp\/v2\/types\/post"}],"author":[{"embeddable":true,"href":"https:\/\/riograndezac.gob.mx\/informatica\/index.php?rest_route=\/wp\/v2\/users\/1"}],"replies":[{"embeddable":true,"href":"https:\/\/riograndezac.gob.mx\/informatica\/index.php?rest_route=%2Fwp%2Fv2%2Fcomments&post=198"}],"version-history":[{"count":1,"href":"https:\/\/riograndezac.gob.mx\/informatica\/index.php?rest_route=\/wp\/v2\/posts\/198\/revisions"}],"predecessor-version":[{"id":200,"href":"https:\/\/riograndezac.gob.mx\/informatica\/index.php?rest_route=\/wp\/v2\/posts\/198\/revisions\/200"}],"wp:featuredmedia":[{"embeddable":true,"href":"https:\/\/riograndezac.gob.mx\/informatica\/index.php?rest_route=\/wp\/v2\/media\/199"}],"wp:attachment":[{"href":"https:\/\/riograndezac.gob.mx\/informatica\/index.php?rest_route=%2Fwp%2Fv2%2Fmedia&parent=198"}],"wp:term":[{"taxonomy":"category","embeddable":true,"href":"https:\/\/riograndezac.gob.mx\/informatica\/index.php?rest_route=%2Fwp%2Fv2%2Fcategories&post=198"},{"taxonomy":"post_tag","embeddable":true,"href":"https:\/\/riograndezac.gob.mx\/informatica\/index.php?rest_route=%2Fwp%2Fv2%2Ftags&post=198"}],"curies":[{"name":"wp","href":"https:\/\/api.w.org\/{rel}","templated":true}]}}