{"id":2021,"date":"2015-12-15T09:14:12","date_gmt":"2015-12-15T15:14:12","guid":{"rendered":"http:\/\/riograndezac.gob.mx\/informatica\/?p=2021"},"modified":"2015-12-15T09:14:12","modified_gmt":"2015-12-15T15:14:12","slug":"antorcha-guadalupana-2015","status":"publish","type":"post","link":"https:\/\/riograndezac.gob.mx\/informatica\/?p=2021","title":{"rendered":"Antorcha Guadalupana 2015"},"content":{"rendered":"<p><a href=\"https:\/\/riograndezac.gob.mx\/informatica\/wp-content\/uploads\/2015\/12\/cronica-1.jpg\" rel=\"attachment wp-att-2022\"><img loading=\"lazy\" decoding=\"async\" class=\"aligncenter size-full wp-image-2022\" src=\"https:\/\/riograndezac.gob.mx\/informatica\/wp-content\/uploads\/2015\/12\/cronica-1.jpg\" alt=\"cronica (1)\" width=\"700\" height=\"466\" srcset=\"https:\/\/riograndezac.gob.mx\/informatica\/wp-content\/uploads\/2015\/12\/cronica-1.jpg 700w, https:\/\/riograndezac.gob.mx\/informatica\/wp-content\/uploads\/2015\/12\/cronica-1-300x200.jpg 300w, https:\/\/riograndezac.gob.mx\/informatica\/wp-content\/uploads\/2015\/12\/cronica-1-24x16.jpg 24w, https:\/\/riograndezac.gob.mx\/informatica\/wp-content\/uploads\/2015\/12\/cronica-1-36x24.jpg 36w, https:\/\/riograndezac.gob.mx\/informatica\/wp-content\/uploads\/2015\/12\/cronica-1-48x32.jpg 48w\" sizes=\"auto, (max-width: 700px) 100vw, 700px\" \/><\/a><\/p>\n<p>&nbsp;<\/p>\n<p>Como parte de las actividades de tradici\u00f3n que se realizan en R\u00edo Grande, se llev\u00f3 la Carrera de Antorcha Guadalupana 2015, resguardada por el Gobierno Municipal encabezado por Constantino Casta\u00f1eda\u00a0 Mu\u00f1oz, a trav\u00e9s de las distintas corporaciones de seguridad como protecci\u00f3n civil y bomberos; en esta ocasi\u00f3n de Torre\u00f3n, Coahuila a R\u00edo Grande.<\/p>\n<p>&nbsp;<\/p>\n<p>De esta manera, Carlos Delgado Gallardo, tesorero de la agrupaci\u00f3n, agradeci\u00f3 el apoyo que tanto el primer mandatario Constantino Casta\u00f1eda, as\u00ed como la Unidad de Protecci\u00f3n Civil, entre otros grupos, les otorgaron para realizar esta carrera n\u00famero 36.<\/p>\n<p>&nbsp;<\/p>\n<p>Los casi 50 j\u00f3venes que corrieron al Santuario de Guadalupe de la colonia Tepeyac, con la intenci\u00f3n de que se conozca su acto de fe y tradici\u00f3n,\u00a0 narraron a trav\u00e9s de Juan Pablo M\u00e1rquez D\u00edaz, como realizan esta carrera, con la intenci\u00f3n de motivar a la poblaci\u00f3n en esta \u00e9poca en donde se necesita la paz:<\/p>\n<p>&nbsp;<\/p>\n<p>\u201cComo ya es tradici\u00f3n el grupo juvenil cat\u00f3lico de la Asociaci\u00f3n Cat\u00f3lica de la Juventud Mexicana (A.C.J.M), en este periodo, presididos por Alejandro Aldaba, llev\u00f3 a cabo la carrera de Antorcha Guadalupana en honor\u00a0 a la Virgen de Guadalupe.<\/p>\n<p>&nbsp;<\/p>\n<p>En esta ocasi\u00f3n se realiz\u00f3 de la ciudad de Torre\u00f3n Coahuila teniendo como punto intermedio\u00a0 el municipio de Cuencam\u00e9 Durango para finalizar en la ciudad de R\u00edo Grande, Zacatecas.<\/p>\n<p>&nbsp;<\/p>\n<p>Para realizar esta carrera se tuvo una preparaci\u00f3n tanto f\u00edsica, econ\u00f3mica y espiritual ya que son parte importante para poder vivir esta carrera ya que no solo se trata de realizar un esfuerzo f\u00edsico o de cubrir los gastos que se originan para realizar el recorrido, sino de fortalecer la luz de nuestra fe en nuestro diario caminar.<\/p>\n<p>&nbsp;<\/p>\n<p>La Carrera de Antorcha Guadalupana comienza con la misa de env\u00edo para recibir la bendici\u00f3n y encomendar nuestro peregrinar a la Sant\u00edsima virgen de Guadalupe, dicha celebraci\u00f3n fue el d\u00eda jueves 10 de diciembre en la parroquia de Santa Elena de la Cruz en punto de las 6:00 pm.<\/p>\n<p>&nbsp;<\/p>\n<p>La salida a la ciudad de Torre\u00f3n, Coahuila fue el viernes 11 a las 5:15 am y\u00a0 llenos de alegr\u00eda y entusiasmo por comenzar con nuestra carrera y dar testimonio de nuestra fe desde el primer momento en que nos subimos a las camionetas sin importar el frio que se sinti\u00f3 en el trayecto, el no llevar mucha comodidad\u00a0 y no poder descansar bien no fue impedimento para almorzar, convivir y compartir vivencias con los compa\u00f1eros que participaron por primera vez en esta carrera, al llegar al cerro de las Noas donde se encuentra la majestuosa figura del Cristo Redentor m\u00e1s conocido como el Cristo de las Noas fue motivo de alegr\u00eda y claro todo mundo a tomar fotos, antes de entrar a misa nos dieron un recorrido y explicaci\u00f3n de las capillas de Bel\u00e9n, El Calvario, El Santo Sepulcro y la Ascensi\u00f3n que son una r\u00e9plica de Tierra Santa.<\/p>\n<p>&nbsp;<\/p>\n<p>Despu\u00e9s del recorrido entramos a misa y fue especial porque no solo fue la bendici\u00f3n de la antorcha sino que el Padre nos motiv\u00f3 para que seamos portadores de fe y que siempre estemos con Cristo en nuestro caminar. Al terminar la misa\u00a0 entregamos los uniformes\u00a0 con una peque\u00f1a din\u00e1mica la cual consiste en comprometernos a trabajar por Dios y por la Patria y que el uniforme se vea solo como algo material.<\/p>\n<p>&nbsp;<\/p>\n<p>Y por fin lleg\u00f3 el momento de correr,\u00a0 la alegr\u00eda aument\u00f3, las porras no se hicieron esperar, nos apoyamos entre todos para que nadie se nos quedara y en cada relevo cada relevo se relejo la luz de la fe que tenemos en Cristo.<\/p>\n<p>&nbsp;<\/p>\n<p>La llegada a Cuencam\u00e9 fue muy emotiva porque al entrar al templo la danza que estaba en ese momento nos hicieron valla por lo que fue una experiencia diferente, ese tipo de detalles hacen que se le olvide a uno el cansancio\u00a0 y es un impulso para seguir corriendo, ya en el templo el padre nos recibi\u00f3 con palabras de aliento y nos sigui\u00f3 motivando para que seamos portadores de fe y se agradece que el padre nos haya recibido de esta manera, al terminar el padre nos retiramos para ir a cenar y a descansar, de esta forma terminamos nuestro primer d\u00eda de carrera.<\/p>\n<p>&nbsp;<\/p>\n<p>El s\u00e1bado 12 nos levantamos a las 5:00 am para estar en las ma\u00f1anitas\u00a0 a las 6:00 am y continuamos\u00a0 con misa, al finalizar el padre nos dio la bendici\u00f3n para que empez\u00e1ramos a correr nuestro segundo d\u00eda\u00a0 y como es l\u00f3gico ya salimos m\u00e1s cansados\u00a0 pero no fue impedimento y todos seguimos corriendo con la misma alegr\u00eda y la misma fe.<\/p>\n<p>&nbsp;<\/p>\n<p>En la hora de la comida nos entregaron cartas que nos mandaron nuestros familiares lo cual nos anima porque sentimos el apoyo incondicional de nuestros seres queridos y es como que si ellos vinieran corriendo junto con nosotros y de esta forma se nos facilita terminar con la \u00faltima jornada.<\/p>\n<p>&nbsp;<\/p>\n<p>Al llegar a R\u00edo Grande simplemente es algo que no se puede describir porque el ver a la gente que nos est\u00e1n esperando y que nos echan porras hacen que se nos olvide que venimos cansados y corre uno con gran alegr\u00eda y es un sensaci\u00f3n que no se compara que no se puede describir y m\u00e1s cuando entre la gente vemos a nuestros familiares o amigos dan ganas de llorar y la mayor\u00eda lo hacemos es algo que no se puede detener, pero lo m\u00e1s bonito es cuando entramos al santuario y vemos la imagen de la Virgen de Guadalupe que nos est\u00e1 esperando es de lo m\u00e1s hermoso que me ha pasado,\u00a0 al terminar la misa y cantar el himno es cerrar con broche de oro un a\u00f1o de trabajo y es lo que nos sigue fortaleciendo para seguir trabajando por Dios y por la Patria. \u00a1\u00a1\u00a1Viva la Virgen de Guadalupe!!!, \u00a1\u00a1\u00a1Viva Cristo Rey!!!\u201d, finalizaron.<\/p>\n<p>&nbsp;<\/p>\n","protected":false},"excerpt":{"rendered":"<p>Como parte de las actividades de tradici\u00f3n que se realizan en R\u00edo Grande, se llev\u00f3 la Carrera de Antorcha Guadalupana 2015, resguardada por el Gobierno Municipal encabezado por Constantino Casta\u00f1eda  Mu\u00f1oz<\/p>\n","protected":false},"author":1,"featured_media":2022,"comment_status":"closed","ping_status":"closed","sticky":false,"template":"","format":"standard","meta":{"_monsterinsights_skip_tracking":false,"_monsterinsights_sitenote_active":false,"_monsterinsights_sitenote_note":"","_monsterinsights_sitenote_category":0,"footnotes":""},"categories":[5],"tags":[12,18],"class_list":["post-2021","post","type-post","status-publish","format-standard","has-post-thumbnail","hentry","category-destacados","tag-comunicacion-social","tag-gobierno-municipal-rio-grande"],"jetpack_featured_media_url":"https:\/\/riograndezac.gob.mx\/informatica\/wp-content\/uploads\/2015\/12\/cronica-1.jpg","_links":{"self":[{"href":"https:\/\/riograndezac.gob.mx\/informatica\/index.php?rest_route=\/wp\/v2\/posts\/2021","targetHints":{"allow":["GET"]}}],"collection":[{"href":"https:\/\/riograndezac.gob.mx\/informatica\/index.php?rest_route=\/wp\/v2\/posts"}],"about":[{"href":"https:\/\/riograndezac.gob.mx\/informatica\/index.php?rest_route=\/wp\/v2\/types\/post"}],"author":[{"embeddable":true,"href":"https:\/\/riograndezac.gob.mx\/informatica\/index.php?rest_route=\/wp\/v2\/users\/1"}],"replies":[{"embeddable":true,"href":"https:\/\/riograndezac.gob.mx\/informatica\/index.php?rest_route=%2Fwp%2Fv2%2Fcomments&post=2021"}],"version-history":[{"count":1,"href":"https:\/\/riograndezac.gob.mx\/informatica\/index.php?rest_route=\/wp\/v2\/posts\/2021\/revisions"}],"predecessor-version":[{"id":2023,"href":"https:\/\/riograndezac.gob.mx\/informatica\/index.php?rest_route=\/wp\/v2\/posts\/2021\/revisions\/2023"}],"wp:featuredmedia":[{"embeddable":true,"href":"https:\/\/riograndezac.gob.mx\/informatica\/index.php?rest_route=\/wp\/v2\/media\/2022"}],"wp:attachment":[{"href":"https:\/\/riograndezac.gob.mx\/informatica\/index.php?rest_route=%2Fwp%2Fv2%2Fmedia&parent=2021"}],"wp:term":[{"taxonomy":"category","embeddable":true,"href":"https:\/\/riograndezac.gob.mx\/informatica\/index.php?rest_route=%2Fwp%2Fv2%2Fcategories&post=2021"},{"taxonomy":"post_tag","embeddable":true,"href":"https:\/\/riograndezac.gob.mx\/informatica\/index.php?rest_route=%2Fwp%2Fv2%2Ftags&post=2021"}],"curies":[{"name":"wp","href":"https:\/\/api.w.org\/{rel}","templated":true}]}}