{"id":2025,"date":"2015-12-15T19:27:08","date_gmt":"2015-12-16T01:27:08","guid":{"rendered":"http:\/\/riograndezac.gob.mx\/informatica\/?p=2025"},"modified":"2015-12-15T19:27:08","modified_gmt":"2015-12-16T01:27:08","slug":"emotiva-velada-de-coronacion-en-emiliano-zapata","status":"publish","type":"post","link":"https:\/\/riograndezac.gob.mx\/informatica\/?p=2025","title":{"rendered":"Emotiva velada de coronaci\u00f3n en Emiliano Zapata"},"content":{"rendered":"<p><a href=\"https:\/\/riograndezac.gob.mx\/informatica\/wp-content\/uploads\/2015\/12\/MORONES-1.jpg\" rel=\"attachment wp-att-2026\"><img loading=\"lazy\" decoding=\"async\" class=\"aligncenter size-full wp-image-2026\" src=\"https:\/\/riograndezac.gob.mx\/informatica\/wp-content\/uploads\/2015\/12\/MORONES-1.jpg\" alt=\"MORONES (1)\" width=\"700\" height=\"466\" srcset=\"https:\/\/riograndezac.gob.mx\/informatica\/wp-content\/uploads\/2015\/12\/MORONES-1.jpg 700w, https:\/\/riograndezac.gob.mx\/informatica\/wp-content\/uploads\/2015\/12\/MORONES-1-300x200.jpg 300w, https:\/\/riograndezac.gob.mx\/informatica\/wp-content\/uploads\/2015\/12\/MORONES-1-24x16.jpg 24w, https:\/\/riograndezac.gob.mx\/informatica\/wp-content\/uploads\/2015\/12\/MORONES-1-36x24.jpg 36w, https:\/\/riograndezac.gob.mx\/informatica\/wp-content\/uploads\/2015\/12\/MORONES-1-48x32.jpg 48w\" sizes=\"auto, (max-width: 700px) 100vw, 700px\" \/><\/a><\/p>\n<p>&nbsp;<\/p>\n<p>Emotiva velada de coronaci\u00f3n en Emiliano Zapata antes Morones, se llev\u00f3 a cabo en el marco del 86 aniversario de la dotaci\u00f3n de tierras de esta comunidad, una de las m\u00e1s alejadas a la cabecera municipal, a la que cientos de familias se dieron cita para la coronaci\u00f3n de su graciosa majestad Alicia I.<\/p>\n<p>&nbsp;<\/p>\n<p>En representaci\u00f3n del alcalde Constantino Casta\u00f1eda Mu\u00f1oz acudi\u00f3 el encargado de la Oficial\u00eda Mayor Manuel Mendoza Z\u00fa\u00f1iga quien acompa\u00f1ado del delegado de la comunidad Basilio Herrera Adame y el representante de los ejidatarios Filiberto Hern\u00e1ndez Hern\u00e1ndez, coronaron a la corte real conformada para este 2016, Su Graciosa Majestad Alicia I, con su alteza real Mar\u00eda de Jes\u00fas, la princesa primera Sugei.<\/p>\n<p>&nbsp;<\/p>\n<p>Con esta actividad se dio inicio a las actividades en el marco del 86 aniversario, que estar\u00e1 de fiesta este pr\u00f3ximo 17 de diciembre, empezando con la visita al pante\u00f3n, pues aqu\u00ed se acostumbra llevar ofrendas florales a los l\u00edderes agraristas que los representaron para lograr el patrimonio con el que hoy cuentan, en seguida el desfile pro las principales calles de la comunidad para dar paso a la comida y finalmente al coleadero y baile.<\/p>\n<p>&nbsp;<\/p>\n<p>Durante la noche de velada, el sal\u00f3n ejidal de la comunidad sirvi\u00f3 de escenario para ver la coronaci\u00f3n de Alicia I, pues por primera vez en la historia y de acuerdo con el avance importante que ha tenido la tecnolog\u00eda, el computo se hizo v\u00eda internet mediante las redes sociales como Facebook principalmente entre la juventud de la misma comunidad como de las comunidades circunvecinas como San Felipe, Ca\u00f1as y Nicol\u00e1s Bravo correspondientes al vecino municipio de Sa\u00edn Alto.<\/p>\n<p>&nbsp;<\/p>\n<p>Para quienes a\u00fan no contaron con la posibilidad de emitir su voto a las candidatas v\u00eda Facebook mediante los famosos likes, se realiz\u00f3 el c\u00f3mputo tradicional acompa\u00f1ado de diversas actividades mediante las cuales las candidatas deber\u00edan ganarse el voto de simpat\u00eda para hacerse merecedoras de representar a su comunidad dignamente durante un a\u00f1o.<\/p>\n<p>&nbsp;<\/p>\n<p>Como parte del programa, se dio inicio con la bienvenida de embajadoras de la belleza de diferentes comunidades y reinas anteriores de la comunidad como Alejandra reina en el 2011, San Juana 2013, de Ca\u00f1as Julissa 2015 y Rosalba 2014 de San Felipe, en seguida la participaci\u00f3n del grupo de danza de la Escuela Secundaria General Ignacio Manuel Altamirano de R\u00edo Grande quienes deleitaron a los presentes con estampas folkl\u00f3ricas de polkas del sur de Coahuila, el sabor y tradici\u00f3n de la costa al representar bailables de Sinaloa y finalmente con una espectacular representaci\u00f3n de las polkas y redovas de Chihuahua.<\/p>\n<p>&nbsp;<\/p>\n","protected":false},"excerpt":{"rendered":"<p>Emotiva velada de coronaci\u00f3n en Emiliano Zapata antes Morones, se llev\u00f3 a cabo en el marco del 86 aniversario de la dotaci\u00f3n de tierras de esta comunidad, una de las m\u00e1s alejadas a la cabecera municipal<\/p>\n","protected":false},"author":1,"featured_media":2026,"comment_status":"closed","ping_status":"closed","sticky":false,"template":"","format":"standard","meta":{"_monsterinsights_skip_tracking":false,"_monsterinsights_sitenote_active":false,"_monsterinsights_sitenote_note":"","_monsterinsights_sitenote_category":0,"footnotes":""},"categories":[4],"tags":[12,18],"class_list":["post-2025","post","type-post","status-publish","format-standard","has-post-thumbnail","hentry","category-boletines","tag-comunicacion-social","tag-gobierno-municipal-rio-grande"],"jetpack_featured_media_url":"https:\/\/riograndezac.gob.mx\/informatica\/wp-content\/uploads\/2015\/12\/MORONES-1.jpg","_links":{"self":[{"href":"https:\/\/riograndezac.gob.mx\/informatica\/index.php?rest_route=\/wp\/v2\/posts\/2025","targetHints":{"allow":["GET"]}}],"collection":[{"href":"https:\/\/riograndezac.gob.mx\/informatica\/index.php?rest_route=\/wp\/v2\/posts"}],"about":[{"href":"https:\/\/riograndezac.gob.mx\/informatica\/index.php?rest_route=\/wp\/v2\/types\/post"}],"author":[{"embeddable":true,"href":"https:\/\/riograndezac.gob.mx\/informatica\/index.php?rest_route=\/wp\/v2\/users\/1"}],"replies":[{"embeddable":true,"href":"https:\/\/riograndezac.gob.mx\/informatica\/index.php?rest_route=%2Fwp%2Fv2%2Fcomments&post=2025"}],"version-history":[{"count":1,"href":"https:\/\/riograndezac.gob.mx\/informatica\/index.php?rest_route=\/wp\/v2\/posts\/2025\/revisions"}],"predecessor-version":[{"id":2027,"href":"https:\/\/riograndezac.gob.mx\/informatica\/index.php?rest_route=\/wp\/v2\/posts\/2025\/revisions\/2027"}],"wp:featuredmedia":[{"embeddable":true,"href":"https:\/\/riograndezac.gob.mx\/informatica\/index.php?rest_route=\/wp\/v2\/media\/2026"}],"wp:attachment":[{"href":"https:\/\/riograndezac.gob.mx\/informatica\/index.php?rest_route=%2Fwp%2Fv2%2Fmedia&parent=2025"}],"wp:term":[{"taxonomy":"category","embeddable":true,"href":"https:\/\/riograndezac.gob.mx\/informatica\/index.php?rest_route=%2Fwp%2Fv2%2Fcategories&post=2025"},{"taxonomy":"post_tag","embeddable":true,"href":"https:\/\/riograndezac.gob.mx\/informatica\/index.php?rest_route=%2Fwp%2Fv2%2Ftags&post=2025"}],"curies":[{"name":"wp","href":"https:\/\/api.w.org\/{rel}","templated":true}]}}