{"id":204,"date":"2015-06-12T15:05:57","date_gmt":"2015-06-12T15:05:57","guid":{"rendered":"http:\/\/riograndezac.gob.mx\/informatica\/?p=204"},"modified":"2015-06-12T15:06:13","modified_gmt":"2015-06-12T15:06:13","slug":"204","status":"publish","type":"post","link":"https:\/\/riograndezac.gob.mx\/informatica\/?p=204","title":{"rendered":"Inform\u00f3 el Titular del Registro Civil en R\u00edo Grande, Lu\u00eds Manuel Contreras Garc\u00eda, que se aplic\u00f3 un aumento de 2 pesos para los tr\u00e1mites administrativos a nivel nacional"},"content":{"rendered":"<p>Inform\u00f3 el Titular del Registro Civil en R\u00edo Grande, Lu\u00eds Manuel Contreras Garc\u00eda, que se aplic\u00f3 un aumento de 2 pesos para los tr\u00e1mites administrativos a nivel nacional, por lo que hizo el llamado a la poblaci\u00f3n para que lo tome en cuenta al momento de acudir a la Oficial\u00eda en el municipio.<\/p>\n<p>&nbsp;<\/p>\n<p>\u201cEl aumento a las actas certificadas expedidas a cargo del Registro Civil se ha hecho de manera simult\u00e1nea en el resto del pa\u00eds, ya que hemos estado en coordinaci\u00f3n con los tres niveles de gobierno en el que se dio la determinaci\u00f3n que a partir del pasado mes de abril el incremento fuera el m\u00ednimo s\u00f3lo 2 pesos para cualquier tr\u00e1mite administrativo\u201d, se\u00f1al\u00f3 el Oficial Mayor.<\/p>\n<p>&nbsp;<\/p>\n<p>\u201cHemos visto buena aceptaci\u00f3n por parte de la ciudadan\u00eda que ya ha estado acudiendo, adem\u00e1s de reconocer la buena afluencia con la que visitan esta oficina, resaltando que no es el objetivo generar inconformidad ante la poblaci\u00f3n sino que al contrario, en raz\u00f3n al aumento del salario m\u00ednimo en la naci\u00f3n, se determin\u00f3 que en cada uno de los rincones del pa\u00eds y en especial en las oficial\u00edas de Registro Civil se aumentara de manera m\u00ednima a la expedici\u00f3n de actas certificadas\u201d acot\u00f3 Luis Contreras.<\/p>\n<p>&nbsp;<\/p>\n<p>\u201cTan s\u00f3lo en una semana hemos expedido un total de 344 de actas certificadas, ya sea de nacimiento, defunci\u00f3n, de matrimonio y de divorcios, de antemano hacer la aclaraci\u00f3n que al momento del registro de un menor la primera acta es totalmente gratuita, en esta \u00faltima semana tuvimos el registro de 22 nacimientos\u201d, refiri\u00f3 el Oficial del Registro Civil.<\/p>\n<p>&nbsp;<\/p>\n<p>\u201cPor otra parte queremos informar a la ciudadan\u00eda que de acuerdo a lo establecido en el Decreto Presidencial que se public\u00f3 en el pasado a\u00f1o 2014, en el que se reform\u00f3 la Ley General de los Derechos de las Ni\u00f1as, Ni\u00f1os y Adolescentes, el Art\u00edculo 45, establece que la edad m\u00ednima para contraer matrimonio es de 18 a\u00f1os,\u00a0 lo que quiere decir que aun as\u00ed los padres de familia o tutores est\u00e9n de acuerdo en el enlace matrimonial pero si los contrayentes son menores a la edad establecida, el contrato conyugal no se podr\u00e1 llevar a cabo\u201d, enfatiz\u00f3 Contreras Garc\u00eda.<\/p>\n<p>&nbsp;<\/p>\n<p>A\u00f1adi\u00f3 que \u201cal ser esta situaci\u00f3n nueva, ha surgido la molestia entre algunos padres de familia que acuden a recibir informaci\u00f3n para el matrimonio de los adolescentes, sin embargo, es una disposici\u00f3n nacional, que nosotros consideramos positiva y \u00fanicamente la aplicamos como corresponde\u201d.<\/p>\n","protected":false},"excerpt":{"rendered":"<p>Tan s\u00f3lo en una semana hemos expedido un total de 344 de actas certificadas, ya sea de nacimiento, defunci\u00f3n, de matrimonio y de divorcios<\/p>\n","protected":false},"author":1,"featured_media":205,"comment_status":"closed","ping_status":"closed","sticky":false,"template":"","format":"standard","meta":{"_monsterinsights_skip_tracking":false,"_monsterinsights_sitenote_active":false,"_monsterinsights_sitenote_note":"","_monsterinsights_sitenote_category":0,"footnotes":""},"categories":[4],"tags":[12],"class_list":["post-204","post","type-post","status-publish","format-standard","has-post-thumbnail","hentry","category-boletines","tag-comunicacion-social"],"jetpack_featured_media_url":"https:\/\/riograndezac.gob.mx\/informatica\/wp-content\/uploads\/2015\/06\/Registro.jpg","_links":{"self":[{"href":"https:\/\/riograndezac.gob.mx\/informatica\/index.php?rest_route=\/wp\/v2\/posts\/204","targetHints":{"allow":["GET"]}}],"collection":[{"href":"https:\/\/riograndezac.gob.mx\/informatica\/index.php?rest_route=\/wp\/v2\/posts"}],"about":[{"href":"https:\/\/riograndezac.gob.mx\/informatica\/index.php?rest_route=\/wp\/v2\/types\/post"}],"author":[{"embeddable":true,"href":"https:\/\/riograndezac.gob.mx\/informatica\/index.php?rest_route=\/wp\/v2\/users\/1"}],"replies":[{"embeddable":true,"href":"https:\/\/riograndezac.gob.mx\/informatica\/index.php?rest_route=%2Fwp%2Fv2%2Fcomments&post=204"}],"version-history":[{"count":2,"href":"https:\/\/riograndezac.gob.mx\/informatica\/index.php?rest_route=\/wp\/v2\/posts\/204\/revisions"}],"predecessor-version":[{"id":207,"href":"https:\/\/riograndezac.gob.mx\/informatica\/index.php?rest_route=\/wp\/v2\/posts\/204\/revisions\/207"}],"wp:featuredmedia":[{"embeddable":true,"href":"https:\/\/riograndezac.gob.mx\/informatica\/index.php?rest_route=\/wp\/v2\/media\/205"}],"wp:attachment":[{"href":"https:\/\/riograndezac.gob.mx\/informatica\/index.php?rest_route=%2Fwp%2Fv2%2Fmedia&parent=204"}],"wp:term":[{"taxonomy":"category","embeddable":true,"href":"https:\/\/riograndezac.gob.mx\/informatica\/index.php?rest_route=%2Fwp%2Fv2%2Fcategories&post=204"},{"taxonomy":"post_tag","embeddable":true,"href":"https:\/\/riograndezac.gob.mx\/informatica\/index.php?rest_route=%2Fwp%2Fv2%2Ftags&post=204"}],"curies":[{"name":"wp","href":"https:\/\/api.w.org\/{rel}","templated":true}]}}