{"id":2040,"date":"2015-12-16T21:53:14","date_gmt":"2015-12-17T03:53:14","guid":{"rendered":"http:\/\/riograndezac.gob.mx\/informatica\/?p=2040"},"modified":"2015-12-16T21:53:14","modified_gmt":"2015-12-17T03:53:14","slug":"mercado-rio-grande","status":"publish","type":"post","link":"https:\/\/riograndezac.gob.mx\/informatica\/?p=2040","title":{"rendered":"Mercado R\u00edo Grande"},"content":{"rendered":"<p><a href=\"https:\/\/riograndezac.gob.mx\/informatica\/wp-content\/uploads\/2015\/12\/MERCADO-RIO-GRANDE-1.png\" rel=\"attachment wp-att-2041\"><img loading=\"lazy\" decoding=\"async\" class=\"aligncenter size-full wp-image-2041\" src=\"https:\/\/riograndezac.gob.mx\/informatica\/wp-content\/uploads\/2015\/12\/MERCADO-RIO-GRANDE-1.png\" alt=\"MERCADO RIO GRANDE (1)\" width=\"700\" height=\"460\" srcset=\"https:\/\/riograndezac.gob.mx\/informatica\/wp-content\/uploads\/2015\/12\/MERCADO-RIO-GRANDE-1.png 700w, https:\/\/riograndezac.gob.mx\/informatica\/wp-content\/uploads\/2015\/12\/MERCADO-RIO-GRANDE-1-300x197.png 300w, https:\/\/riograndezac.gob.mx\/informatica\/wp-content\/uploads\/2015\/12\/MERCADO-RIO-GRANDE-1-24x16.png 24w, https:\/\/riograndezac.gob.mx\/informatica\/wp-content\/uploads\/2015\/12\/MERCADO-RIO-GRANDE-1-36x24.png 36w, https:\/\/riograndezac.gob.mx\/informatica\/wp-content\/uploads\/2015\/12\/MERCADO-RIO-GRANDE-1-48x32.png 48w\" sizes=\"auto, (max-width: 700px) 100vw, 700px\" \/><\/a><\/p>\n<p>\u201cComo parte de las acciones que realiza el Gobierno Municipal, a trav\u00e9s de la direcci\u00f3n de Obras y Servicios P\u00fabicos, se dio inicio con la rehabilitaci\u00f3n de pintura, al exterior del mercado R\u00edo Grande\u201d, inform\u00f3 el presidente municipal Constantino Casta\u00f1eda Mu\u00f1oz.<\/p>\n<p>&nbsp;<\/p>\n<p>\u201cDe esta forma atendemos el tema del mantenimiento de los edificios p\u00fablicos, a trav\u00e9s de la direcci\u00f3n de obras y servicios p\u00fablicos, por lo que es necesario resaltar que este edifico cuenta con m\u00e1s de medio siglo de vida, lo que representa que la infraestructura metaliza y en muros, se encontraba deteriorada en menor medida, as\u00ed que nos dimos a la tarea de darle un mantenimiento preventivo y as\u00ed ayudar a los comerciantes que se encuentran aqu\u00ed dentro\u201d, extern\u00f3.<\/p>\n<p>&nbsp;<\/p>\n<p>\u201cEste edificio alberga las oficinas del programa Prospera, 65 y m\u00e1s; el Instituto Nacional Electoral INE, y una peque\u00f1a parte del Archivo Hist\u00f3rico y Museo \u201cErnesto de la Rosa Qui\u00f1ones\u201d, adem\u00e1s de que cuenta en su interior con algunos espacios locales comerciales de comida, fruter\u00edas, carnicer\u00edas y otros giros\u201d, describi\u00f3 Casta\u00f1eda Mu\u00f1oz.<\/p>\n<p>&nbsp;<\/p>\n<p>\u201cEs por esto que se determin\u00f3 encomendar a la cuadrilla de pintores y a los soldadores pertenecientes a la direcci\u00f3n de Obras y servicios P\u00fablicos a realizar las tareas correspondientes para garantizar un mejor trabajo pero sobre todo una mejor imagen, pues este sector es de los m\u00e1s importantes dentro de la econom\u00eda de nuestro municipio\u201d, resalt\u00f3 el primer mandatario.<\/p>\n<p>&nbsp;<\/p>\n<p>A\u00f1adi\u00f3 el alcalde que \u201ces necesario refrendarles nuestro compromiso y nuestro respaldo a todos y cada uno de los comerciantes, gente trabajadora que d\u00eda a d\u00eda salen a luchar por llevar sustento a sus hogares, decirles que no est\u00e1n solos y que esta administraci\u00f3n est\u00e1 detr\u00e1s de todos ellos, que se acerquen a la direcci\u00f3n de desarrollo econ\u00f3mico y pregunten sobre los apoyos a emprendedores\u201d, finaliz\u00f3.<\/p>\n","protected":false},"excerpt":{"rendered":"<p>\u201cComo parte de las acciones que realiza el Gobierno Municipal, a trav\u00e9s de la direcci\u00f3n de Obras y Servicios P\u00fabicos, se dio inicio con la rehabilitaci\u00f3n de pintura, al exterior del mercado R\u00edo Grande\u201d, inform\u00f3 el presidente municipal Constantino Casta\u00f1eda Mu\u00f1oz.<\/p>\n","protected":false},"author":1,"featured_media":2041,"comment_status":"closed","ping_status":"closed","sticky":false,"template":"","format":"standard","meta":{"_monsterinsights_skip_tracking":false,"_monsterinsights_sitenote_active":false,"_monsterinsights_sitenote_note":"","_monsterinsights_sitenote_category":0,"footnotes":""},"categories":[4],"tags":[12,18],"class_list":["post-2040","post","type-post","status-publish","format-standard","has-post-thumbnail","hentry","category-boletines","tag-comunicacion-social","tag-gobierno-municipal-rio-grande"],"jetpack_featured_media_url":"https:\/\/riograndezac.gob.mx\/informatica\/wp-content\/uploads\/2015\/12\/MERCADO-RIO-GRANDE-1.png","_links":{"self":[{"href":"https:\/\/riograndezac.gob.mx\/informatica\/index.php?rest_route=\/wp\/v2\/posts\/2040","targetHints":{"allow":["GET"]}}],"collection":[{"href":"https:\/\/riograndezac.gob.mx\/informatica\/index.php?rest_route=\/wp\/v2\/posts"}],"about":[{"href":"https:\/\/riograndezac.gob.mx\/informatica\/index.php?rest_route=\/wp\/v2\/types\/post"}],"author":[{"embeddable":true,"href":"https:\/\/riograndezac.gob.mx\/informatica\/index.php?rest_route=\/wp\/v2\/users\/1"}],"replies":[{"embeddable":true,"href":"https:\/\/riograndezac.gob.mx\/informatica\/index.php?rest_route=%2Fwp%2Fv2%2Fcomments&post=2040"}],"version-history":[{"count":1,"href":"https:\/\/riograndezac.gob.mx\/informatica\/index.php?rest_route=\/wp\/v2\/posts\/2040\/revisions"}],"predecessor-version":[{"id":2042,"href":"https:\/\/riograndezac.gob.mx\/informatica\/index.php?rest_route=\/wp\/v2\/posts\/2040\/revisions\/2042"}],"wp:featuredmedia":[{"embeddable":true,"href":"https:\/\/riograndezac.gob.mx\/informatica\/index.php?rest_route=\/wp\/v2\/media\/2041"}],"wp:attachment":[{"href":"https:\/\/riograndezac.gob.mx\/informatica\/index.php?rest_route=%2Fwp%2Fv2%2Fmedia&parent=2040"}],"wp:term":[{"taxonomy":"category","embeddable":true,"href":"https:\/\/riograndezac.gob.mx\/informatica\/index.php?rest_route=%2Fwp%2Fv2%2Fcategories&post=2040"},{"taxonomy":"post_tag","embeddable":true,"href":"https:\/\/riograndezac.gob.mx\/informatica\/index.php?rest_route=%2Fwp%2Fv2%2Ftags&post=2040"}],"curies":[{"name":"wp","href":"https:\/\/api.w.org\/{rel}","templated":true}]}}