{"id":2049,"date":"2015-12-19T11:42:15","date_gmt":"2015-12-19T17:42:15","guid":{"rendered":"http:\/\/riograndezac.gob.mx\/informatica\/?p=2049"},"modified":"2015-12-19T11:42:15","modified_gmt":"2015-12-19T17:42:15","slug":"guardias","status":"publish","type":"post","link":"https:\/\/riograndezac.gob.mx\/informatica\/?p=2049","title":{"rendered":"Guardias"},"content":{"rendered":"<p><a href=\"https:\/\/riograndezac.gob.mx\/informatica\/wp-content\/uploads\/2015\/12\/presidencia-1.png\" rel=\"attachment wp-att-2050\"><img loading=\"lazy\" decoding=\"async\" class=\"aligncenter size-full wp-image-2050\" src=\"https:\/\/riograndezac.gob.mx\/informatica\/wp-content\/uploads\/2015\/12\/presidencia-1.png\" alt=\"presidencia (1)\" width=\"800\" height=\"529\" srcset=\"https:\/\/riograndezac.gob.mx\/informatica\/wp-content\/uploads\/2015\/12\/presidencia-1.png 800w, https:\/\/riograndezac.gob.mx\/informatica\/wp-content\/uploads\/2015\/12\/presidencia-1-300x198.png 300w, https:\/\/riograndezac.gob.mx\/informatica\/wp-content\/uploads\/2015\/12\/presidencia-1-768x508.png 768w, https:\/\/riograndezac.gob.mx\/informatica\/wp-content\/uploads\/2015\/12\/presidencia-1-24x16.png 24w, https:\/\/riograndezac.gob.mx\/informatica\/wp-content\/uploads\/2015\/12\/presidencia-1-36x24.png 36w, https:\/\/riograndezac.gob.mx\/informatica\/wp-content\/uploads\/2015\/12\/presidencia-1-48x32.png 48w\" sizes=\"auto, (max-width: 800px) 100vw, 800px\" \/><\/a><\/p>\n<p>Con motivo de las vacaciones del periodo navide\u00f1o, la Alcald\u00eda de R\u00edo Grande, trabajar\u00e1 con guardias para poder atender a la poblaci\u00f3n que aprovecha la temporada para realizar distintos tr\u00e1mites, de lunes a viernes con horario normal de 8:00 de la ma\u00f1ana a las 2:00 de la tarde.<\/p>\n<p>&nbsp;<\/p>\n<p>Manuel Mendoza Z\u00fa\u00f1iga, Oficial Mayor, dijo que de acuerdo a la encomienda del primer mandatario, Constantino Casta\u00f1eda Mu\u00f1oz, \u201cestamos respetando las vacaciones correspondientes a esta \u00e9poca del a\u00f1o del personal de la presidencia municipal\u201d.<\/p>\n<p>&nbsp;<\/p>\n<p>Sin embargo, coment\u00f3 que \u201ces tambi\u00e9n de vital importancia dar el servicio a la poblaci\u00f3n, sobre todo porque en esta temporada vacacional, acuden muchos paisanos a tramitar documentos, como sus actas de nacimiento y a pagar predial, por mencionar algunos, y ser\u00eda una irresponsabilidad de nuestra parte que estuviera cerrada la presidencia\u201d.<\/p>\n<p>&nbsp;<\/p>\n<p>Dijo que cada departamento, mont\u00f3 sus guardias, sin importar si el personal forme parte del Sindicato \u00danico de Trabajadores al Servicio del Estado, Municipios y Organismos Paraestatales (SUTSEMOP), as\u00ed como a los de confianza, puesto que hay algunas dependencias municipales en donde s\u00f3lo hay de uno o de otro, cada titular de \u00e1rea, de acuerdo a sus necesidades se program\u00f3.<\/p>\n<p>&nbsp;<\/p>\n<p>El oficial mayor, Mendoza Z\u00fa\u00f1iga, a\u00f1adi\u00f3 que todos los departamentos trabajar\u00e1n de lunes a viernes, con un horario de 9 de la ma\u00f1ana a las 2 de la tarde, con excepci\u00f3n del d\u00eda 25 de diciembre y del 1 de enero, que son d\u00edas de descanso obligatorio.<\/p>\n<p>&nbsp;<\/p>\n<p>Agreg\u00f3 que el servicio de limpia, por parte del Departamento de Obras y Servicios P\u00fablicos, se tendr\u00e1 activo durante todo el d\u00eda, as\u00ed como el Rastro municipal, seguridad p\u00fablica, protecci\u00f3n civil y Bomberos, por mencionar algunos..<\/p>\n","protected":false},"excerpt":{"rendered":"<p>Con motivo de las vacaciones del periodo navide\u00f1o, la Alcald\u00eda de R\u00edo Grande, trabajar\u00e1 con guardias para poder atender a la poblaci\u00f3n que aprovecha la temporada para realizar distintos tr\u00e1mites, de lunes a viernes con horario normal de 8:00 de la ma\u00f1ana a las 2:00 de la tarde.<\/p>\n","protected":false},"author":1,"featured_media":2050,"comment_status":"closed","ping_status":"closed","sticky":false,"template":"","format":"standard","meta":{"_monsterinsights_skip_tracking":false,"_monsterinsights_sitenote_active":false,"_monsterinsights_sitenote_note":"","_monsterinsights_sitenote_category":0,"footnotes":""},"categories":[4],"tags":[12,18],"class_list":["post-2049","post","type-post","status-publish","format-standard","has-post-thumbnail","hentry","category-boletines","tag-comunicacion-social","tag-gobierno-municipal-rio-grande"],"jetpack_featured_media_url":"https:\/\/riograndezac.gob.mx\/informatica\/wp-content\/uploads\/2015\/12\/presidencia-1.png","_links":{"self":[{"href":"https:\/\/riograndezac.gob.mx\/informatica\/index.php?rest_route=\/wp\/v2\/posts\/2049","targetHints":{"allow":["GET"]}}],"collection":[{"href":"https:\/\/riograndezac.gob.mx\/informatica\/index.php?rest_route=\/wp\/v2\/posts"}],"about":[{"href":"https:\/\/riograndezac.gob.mx\/informatica\/index.php?rest_route=\/wp\/v2\/types\/post"}],"author":[{"embeddable":true,"href":"https:\/\/riograndezac.gob.mx\/informatica\/index.php?rest_route=\/wp\/v2\/users\/1"}],"replies":[{"embeddable":true,"href":"https:\/\/riograndezac.gob.mx\/informatica\/index.php?rest_route=%2Fwp%2Fv2%2Fcomments&post=2049"}],"version-history":[{"count":1,"href":"https:\/\/riograndezac.gob.mx\/informatica\/index.php?rest_route=\/wp\/v2\/posts\/2049\/revisions"}],"predecessor-version":[{"id":2051,"href":"https:\/\/riograndezac.gob.mx\/informatica\/index.php?rest_route=\/wp\/v2\/posts\/2049\/revisions\/2051"}],"wp:featuredmedia":[{"embeddable":true,"href":"https:\/\/riograndezac.gob.mx\/informatica\/index.php?rest_route=\/wp\/v2\/media\/2050"}],"wp:attachment":[{"href":"https:\/\/riograndezac.gob.mx\/informatica\/index.php?rest_route=%2Fwp%2Fv2%2Fmedia&parent=2049"}],"wp:term":[{"taxonomy":"category","embeddable":true,"href":"https:\/\/riograndezac.gob.mx\/informatica\/index.php?rest_route=%2Fwp%2Fv2%2Fcategories&post=2049"},{"taxonomy":"post_tag","embeddable":true,"href":"https:\/\/riograndezac.gob.mx\/informatica\/index.php?rest_route=%2Fwp%2Fv2%2Ftags&post=2049"}],"curies":[{"name":"wp","href":"https:\/\/api.w.org\/{rel}","templated":true}]}}