{"id":2058,"date":"2015-12-19T11:57:55","date_gmt":"2015-12-19T17:57:55","guid":{"rendered":"http:\/\/riograndezac.gob.mx\/informatica\/?p=2058"},"modified":"2015-12-19T11:57:55","modified_gmt":"2015-12-19T17:57:55","slug":"bibliotecas-2","status":"publish","type":"post","link":"https:\/\/riograndezac.gob.mx\/informatica\/?p=2058","title":{"rendered":"Bibliotecas"},"content":{"rendered":"<p><a href=\"https:\/\/riograndezac.gob.mx\/informatica\/wp-content\/uploads\/2015\/12\/biblioteca-2.png\" rel=\"attachment wp-att-2059\"><img loading=\"lazy\" decoding=\"async\" class=\"aligncenter size-full wp-image-2059\" src=\"https:\/\/riograndezac.gob.mx\/informatica\/wp-content\/uploads\/2015\/12\/biblioteca-2.png\" alt=\"biblioteca (2)\" width=\"800\" height=\"508\" srcset=\"https:\/\/riograndezac.gob.mx\/informatica\/wp-content\/uploads\/2015\/12\/biblioteca-2.png 800w, https:\/\/riograndezac.gob.mx\/informatica\/wp-content\/uploads\/2015\/12\/biblioteca-2-300x191.png 300w, https:\/\/riograndezac.gob.mx\/informatica\/wp-content\/uploads\/2015\/12\/biblioteca-2-768x488.png 768w, https:\/\/riograndezac.gob.mx\/informatica\/wp-content\/uploads\/2015\/12\/biblioteca-2-24x15.png 24w, https:\/\/riograndezac.gob.mx\/informatica\/wp-content\/uploads\/2015\/12\/biblioteca-2-36x23.png 36w, https:\/\/riograndezac.gob.mx\/informatica\/wp-content\/uploads\/2015\/12\/biblioteca-2-48x30.png 48w\" sizes=\"auto, (max-width: 800px) 100vw, 800px\" \/><\/a><\/p>\n<p>\u201cGracias al respaldo del alcalde Constantino Casta\u00f1eda Mu\u00f1oz, ni\u00f1as y ni\u00f1os riograndenses tanto de cabecera municipal como de las comunidades, concluyeron felices, con una gran sonrisa, el curso de invierno en las 14 Bibliotecas P\u00fablicas de R\u00edo Grande, en donde elaboraron adornos navide\u00f1os\u201d, as\u00ed lo dio a conocer la titular de la Red de Bibliotecas P\u00fablicas Yasm\u00edn del Socorro Esquivel Aguilera.<\/p>\n<p>&nbsp;<\/p>\n<p>\u201cEsta actividad se realiz\u00f3 simult\u00e1neamente y en coordinaci\u00f3n con las 14 bibliotecas p\u00fablicas que est\u00e1n distribuidas en las comunidades, donde tambi\u00e9n hacen manualidades que posteriormente ser\u00e1n expuestas al p\u00fablico, y de esta manera contribuimos al aprovechamiento de los espacios p\u00fablicos y a mejorar la calidad del sano esparcimiento de las nuevas generaciones\u201d, indic\u00f3 Esquivel Aguilera.<\/p>\n<p>&nbsp;<\/p>\n<p>\u201cQueremos hacer extenso el inter\u00e9s sobre la lectura y las actividades realizadas en la biblioteca como lo son en este caso los cursos de invierno 2015, adem\u00e1s de diferentes actividades de recreaci\u00f3n\u201d, dio a conocer.<\/p>\n<p>&nbsp;<\/p>\n<p>Se\u00f1al\u00f3 que \u201ctambi\u00e9n queremos agradecer al apoyo brindado por el alcalde Constantino Casta\u00f1eda Mu\u00f1oz, por las facilidades otorgadas para la realizaci\u00f3n de estos cursos que benefician al p\u00fablico en general\u201d.<\/p>\n<p>&nbsp;<\/p>\n<p>Inform\u00f3 que \u201ctuvimos la participaci\u00f3n de ni\u00f1as y ni\u00f1os de todas las edades, desde los que cursan el preescolar, la primaria y secundaria, y en esta ocasi\u00f3n estamos con la elaboraci\u00f3n de un arbolito de navidad, hecho a base de papel crep\u00e9, cuentas de colores y lentejuelas, con el objetivo de dar a conocer el significado de las fiestas navide\u00f1as y nuestras tradiciones mexicanas\u201d.<\/p>\n<p>&nbsp;<\/p>\n<p>Con este tipo de acciones, adem\u00e1s de fomentar la cultura y la tradici\u00f3n de la navidad entre las y los ni\u00f1os, sin duda se fomenta el inter\u00e9s en los espacios p\u00fablicos como lo son las bibliotecas, puesto que ah\u00ed se aprende y se viaja a trav\u00e9s de la lectura.<\/p>\n","protected":false},"excerpt":{"rendered":"<p>\u201cGracias al respaldo del alcalde Constantino Casta\u00f1eda Mu\u00f1oz, ni\u00f1as y ni\u00f1os riograndenses tanto de cabecera municipal como de las comunidades, concluyeron felices, con una gran sonrisa, el curso de invierno en las 14 Bibliotecas P\u00fablicas de R\u00edo Grande<\/p>\n","protected":false},"author":1,"featured_media":2059,"comment_status":"closed","ping_status":"closed","sticky":false,"template":"","format":"standard","meta":{"_monsterinsights_skip_tracking":false,"_monsterinsights_sitenote_active":false,"_monsterinsights_sitenote_note":"","_monsterinsights_sitenote_category":0,"footnotes":""},"categories":[4],"tags":[12,18],"class_list":["post-2058","post","type-post","status-publish","format-standard","has-post-thumbnail","hentry","category-boletines","tag-comunicacion-social","tag-gobierno-municipal-rio-grande"],"jetpack_featured_media_url":"https:\/\/riograndezac.gob.mx\/informatica\/wp-content\/uploads\/2015\/12\/biblioteca-2.png","_links":{"self":[{"href":"https:\/\/riograndezac.gob.mx\/informatica\/index.php?rest_route=\/wp\/v2\/posts\/2058","targetHints":{"allow":["GET"]}}],"collection":[{"href":"https:\/\/riograndezac.gob.mx\/informatica\/index.php?rest_route=\/wp\/v2\/posts"}],"about":[{"href":"https:\/\/riograndezac.gob.mx\/informatica\/index.php?rest_route=\/wp\/v2\/types\/post"}],"author":[{"embeddable":true,"href":"https:\/\/riograndezac.gob.mx\/informatica\/index.php?rest_route=\/wp\/v2\/users\/1"}],"replies":[{"embeddable":true,"href":"https:\/\/riograndezac.gob.mx\/informatica\/index.php?rest_route=%2Fwp%2Fv2%2Fcomments&post=2058"}],"version-history":[{"count":1,"href":"https:\/\/riograndezac.gob.mx\/informatica\/index.php?rest_route=\/wp\/v2\/posts\/2058\/revisions"}],"predecessor-version":[{"id":2060,"href":"https:\/\/riograndezac.gob.mx\/informatica\/index.php?rest_route=\/wp\/v2\/posts\/2058\/revisions\/2060"}],"wp:featuredmedia":[{"embeddable":true,"href":"https:\/\/riograndezac.gob.mx\/informatica\/index.php?rest_route=\/wp\/v2\/media\/2059"}],"wp:attachment":[{"href":"https:\/\/riograndezac.gob.mx\/informatica\/index.php?rest_route=%2Fwp%2Fv2%2Fmedia&parent=2058"}],"wp:term":[{"taxonomy":"category","embeddable":true,"href":"https:\/\/riograndezac.gob.mx\/informatica\/index.php?rest_route=%2Fwp%2Fv2%2Fcategories&post=2058"},{"taxonomy":"post_tag","embeddable":true,"href":"https:\/\/riograndezac.gob.mx\/informatica\/index.php?rest_route=%2Fwp%2Fv2%2Ftags&post=2058"}],"curies":[{"name":"wp","href":"https:\/\/api.w.org\/{rel}","templated":true}]}}