{"id":2067,"date":"2015-12-21T11:37:07","date_gmt":"2015-12-21T17:37:07","guid":{"rendered":"http:\/\/riograndezac.gob.mx\/informatica\/?p=2067"},"modified":"2015-12-21T11:37:07","modified_gmt":"2015-12-21T17:37:07","slug":"kinder","status":"publish","type":"post","link":"https:\/\/riograndezac.gob.mx\/informatica\/?p=2067","title":{"rendered":"kinder"},"content":{"rendered":"<p><a href=\"https:\/\/riograndezac.gob.mx\/informatica\/wp-content\/uploads\/2015\/12\/KINDER-2.png\" rel=\"attachment wp-att-2068\"><img loading=\"lazy\" decoding=\"async\" class=\"aligncenter size-full wp-image-2068\" src=\"https:\/\/riograndezac.gob.mx\/informatica\/wp-content\/uploads\/2015\/12\/KINDER-2.png\" alt=\"KINDER (2)\" width=\"800\" height=\"520\" srcset=\"https:\/\/riograndezac.gob.mx\/informatica\/wp-content\/uploads\/2015\/12\/KINDER-2.png 800w, https:\/\/riograndezac.gob.mx\/informatica\/wp-content\/uploads\/2015\/12\/KINDER-2-300x195.png 300w, https:\/\/riograndezac.gob.mx\/informatica\/wp-content\/uploads\/2015\/12\/KINDER-2-768x499.png 768w, https:\/\/riograndezac.gob.mx\/informatica\/wp-content\/uploads\/2015\/12\/KINDER-2-24x16.png 24w, https:\/\/riograndezac.gob.mx\/informatica\/wp-content\/uploads\/2015\/12\/KINDER-2-36x23.png 36w, https:\/\/riograndezac.gob.mx\/informatica\/wp-content\/uploads\/2015\/12\/KINDER-2-48x31.png 48w\" sizes=\"auto, (max-width: 800px) 100vw, 800px\" \/><\/a><\/p>\n<p>Con\u00a0 la participaci\u00f3n de las y los peque\u00f1os estudiantes a trav\u00e9s de los tradicionales Villancicos y la Pastorela, el jard\u00edn de ni\u00f1os \u201cRosario Castellanos\u201d, realiz\u00f3 su tradicional Festival navide\u00f1o y de fin de a\u00f1o, en la plaza c\u00edvica de la instituci\u00f3n.<\/p>\n<p>&nbsp;<\/p>\n<p>En este preescolar, que ha forjado decenas de generaciones, se llev\u00f3 a cabo esta emotiva actividad, con la intenci\u00f3n de preservar y promover las tradiciones y la cultura entre las y los peque\u00f1os, as\u00ed como el buscar que prevalezca la unidad familiar y\u00a0 la armon\u00eda en todos los hogares, por lo que participaron adem\u00e1s las madres y los padres de familia.<\/p>\n<p>&nbsp;<\/p>\n<p>La directora de la instituci\u00f3n, Mar\u00eda del Rosario Ordaz Ayala, durante el festejo, agradeci\u00f3\u00a0 a los padres de familia su participaci\u00f3n\u00a0 en el evento pero no s\u00f3lo eso, les reconoci\u00f3 el tiempo que le dedican a las actividades del preescolar, puesto que gracias a eso, se logra que la participaci\u00f3n de las y los alumnos sea de primer nivel.<\/p>\n<p>&nbsp;<\/p>\n<p>En la presentaci\u00f3n que convoco a casi\u00a0 cientos de asistentes,\u00a0 las y los peque\u00f1os, entonaron diversos villancicos y cantos navide\u00f1os; posteriormente participaron en las instalaciones de la instituci\u00f3n\u00a0 en la tradicional posada para finalmente en el festejo de navidad, previo a salir de vacaciones.<\/p>\n<p>&nbsp;<\/p>\n","protected":false},"excerpt":{"rendered":"<p>Con  la participaci\u00f3n de las y los peque\u00f1os estudiantes a trav\u00e9s de los tradicionales Villancicos y la Pastorela, el jard\u00edn de ni\u00f1os \u201cRosario Castellanos\u201d, realiz\u00f3 su tradicional Festival navide\u00f1o y de fin de a\u00f1o, en la plaza c\u00edvica de la instituci\u00f3n.<\/p>\n","protected":false},"author":1,"featured_media":2068,"comment_status":"closed","ping_status":"closed","sticky":false,"template":"","format":"standard","meta":{"_monsterinsights_skip_tracking":false,"_monsterinsights_sitenote_active":false,"_monsterinsights_sitenote_note":"","_monsterinsights_sitenote_category":0,"footnotes":""},"categories":[4],"tags":[12],"class_list":["post-2067","post","type-post","status-publish","format-standard","has-post-thumbnail","hentry","category-boletines","tag-comunicacion-social"],"jetpack_featured_media_url":"https:\/\/riograndezac.gob.mx\/informatica\/wp-content\/uploads\/2015\/12\/KINDER-2.png","_links":{"self":[{"href":"https:\/\/riograndezac.gob.mx\/informatica\/index.php?rest_route=\/wp\/v2\/posts\/2067","targetHints":{"allow":["GET"]}}],"collection":[{"href":"https:\/\/riograndezac.gob.mx\/informatica\/index.php?rest_route=\/wp\/v2\/posts"}],"about":[{"href":"https:\/\/riograndezac.gob.mx\/informatica\/index.php?rest_route=\/wp\/v2\/types\/post"}],"author":[{"embeddable":true,"href":"https:\/\/riograndezac.gob.mx\/informatica\/index.php?rest_route=\/wp\/v2\/users\/1"}],"replies":[{"embeddable":true,"href":"https:\/\/riograndezac.gob.mx\/informatica\/index.php?rest_route=%2Fwp%2Fv2%2Fcomments&post=2067"}],"version-history":[{"count":1,"href":"https:\/\/riograndezac.gob.mx\/informatica\/index.php?rest_route=\/wp\/v2\/posts\/2067\/revisions"}],"predecessor-version":[{"id":2069,"href":"https:\/\/riograndezac.gob.mx\/informatica\/index.php?rest_route=\/wp\/v2\/posts\/2067\/revisions\/2069"}],"wp:featuredmedia":[{"embeddable":true,"href":"https:\/\/riograndezac.gob.mx\/informatica\/index.php?rest_route=\/wp\/v2\/media\/2068"}],"wp:attachment":[{"href":"https:\/\/riograndezac.gob.mx\/informatica\/index.php?rest_route=%2Fwp%2Fv2%2Fmedia&parent=2067"}],"wp:term":[{"taxonomy":"category","embeddable":true,"href":"https:\/\/riograndezac.gob.mx\/informatica\/index.php?rest_route=%2Fwp%2Fv2%2Fcategories&post=2067"},{"taxonomy":"post_tag","embeddable":true,"href":"https:\/\/riograndezac.gob.mx\/informatica\/index.php?rest_route=%2Fwp%2Fv2%2Ftags&post=2067"}],"curies":[{"name":"wp","href":"https:\/\/api.w.org\/{rel}","templated":true}]}}