{"id":2108,"date":"2015-12-22T21:44:49","date_gmt":"2015-12-23T03:44:49","guid":{"rendered":"http:\/\/riograndezac.gob.mx\/informatica\/?p=2108"},"modified":"2015-12-22T21:44:49","modified_gmt":"2015-12-23T03:44:49","slug":"coro-municipal-2","status":"publish","type":"post","link":"https:\/\/riograndezac.gob.mx\/informatica\/?p=2108","title":{"rendered":"Coro municipal"},"content":{"rendered":"<p><a href=\"https:\/\/riograndezac.gob.mx\/informatica\/wp-content\/uploads\/2015\/12\/coro-1.png\" rel=\"attachment wp-att-2109\"><img loading=\"lazy\" decoding=\"async\" class=\"aligncenter size-full wp-image-2109\" src=\"https:\/\/riograndezac.gob.mx\/informatica\/wp-content\/uploads\/2015\/12\/coro-1.png\" alt=\"coro (1)\" width=\"700\" height=\"427\" srcset=\"https:\/\/riograndezac.gob.mx\/informatica\/wp-content\/uploads\/2015\/12\/coro-1.png 700w, https:\/\/riograndezac.gob.mx\/informatica\/wp-content\/uploads\/2015\/12\/coro-1-300x183.png 300w, https:\/\/riograndezac.gob.mx\/informatica\/wp-content\/uploads\/2015\/12\/coro-1-24x15.png 24w, https:\/\/riograndezac.gob.mx\/informatica\/wp-content\/uploads\/2015\/12\/coro-1-36x22.png 36w, https:\/\/riograndezac.gob.mx\/informatica\/wp-content\/uploads\/2015\/12\/coro-1-48x29.png 48w\" sizes=\"auto, (max-width: 700px) 100vw, 700px\" \/><\/a><\/p>\n<p>En el marco del Festival Cultural Navide\u00f1o 2015, se llev\u00f3 a cabo en un emotivo evento la presentaci\u00f3n del Coro Municipal, teniendo como recinto el templo parroquial del Se\u00f1or de la Santa Veracruz.<\/p>\n<p>&nbsp;<\/p>\n<p>Dentro de las actividades preparadas por el Gobierno Municipal, encabezado por Constantino Casta\u00f1eda Mu\u00f1oz, para esta temporada Navide\u00f1a, bajo la direcci\u00f3n del Instituto de Cultura, se llev\u00f3 a cabo este majestuoso concierto, en donde estuvo como anfitri\u00f3n el p\u00e1rroco, Miguel \u00c1ngel L\u00f3pez Escobedo, y en representaci\u00f3n del alcalde, la directora de finanzas, Yolanda G\u00f3mez Varela.<\/p>\n<p>&nbsp;<\/p>\n<p>El encargado de dar la bienvenida, fue el director de cultura, Jos\u00e9 Merced Zapata Zavala, quien agradeci\u00f3 el trabajo altruista de la maestra de m\u00fasica, Mar\u00eda Luisa Somoza Ayala, puesto que desde hace varios meses comenz\u00f3 con los ensayos de estos m\u00e1s de 30 peque\u00f1os que integran el concierto.<\/p>\n<p>&nbsp;<\/p>\n<p>De esta manera, las y los peque\u00f1os, de manera muy entusiasta, presentaron un concierto navide\u00f1o con villancicos cl\u00e1sicos de la temporada, que con la ac\u00fastica del templo Parroquial, sin duda conmocionaron a las y los asistentes.<\/p>\n<p>&nbsp;<\/p>\n<p>Zapata Zavala, indic\u00f3 que \u201cla intenci\u00f3n de haber creado este Coro, es que se fomente la disciplina de la m\u00fasica en R\u00edo Grande, aunque en el municipio por naturaleza existe mucho talento, sin embargo, hay quienes no encuentran a donde canalizar su \u00edmpetu en la m\u00fasica, por lo que sin duda tiene un gran valor este trabajo de Somoza Ayala\u201d.<\/p>\n<p>&nbsp;<\/p>\n<p>La dulces y melodiosas voces de las y los peque\u00f1os artistas, provocaron aplausos por parte de su p\u00fablico, quienes les ped\u00edan que interpretaran m\u00e1s villancicos, con los que emitieron un mensaje del Nacimiento de Jes\u00fas, de paz, armon\u00eda y felicidad.<\/p>\n<p>&nbsp;<\/p>\n<p>En este concierto, de igual manera, hizo su presentaci\u00f3n el joven Carlos Estrada Mireles, quien interpret\u00f3 temas que cumplieron con el transmitir el mensaje navide\u00f1o.<\/p>\n<p>&nbsp;<\/p>\n<p>Para finalizar el evento, Zapata Zavala y G\u00f3mez Varela, hicieron la entrega de un reconocimiento al Coro, as\u00ed como a la promotora del Coro, Mar\u00eda Luisa Somoza Ayala.<\/p>\n","protected":false},"excerpt":{"rendered":"<p>En el marco del Festival Cultural Navide\u00f1o 2015, se llev\u00f3 a cabo en un emotivo evento la presentaci\u00f3n del Coro Municipal, teniendo como recinto el templo parroquial del Se\u00f1or de la Santa Veracruz.<\/p>\n","protected":false},"author":1,"featured_media":2109,"comment_status":"closed","ping_status":"closed","sticky":false,"template":"","format":"standard","meta":{"_monsterinsights_skip_tracking":false,"_monsterinsights_sitenote_active":false,"_monsterinsights_sitenote_note":"","_monsterinsights_sitenote_category":0,"footnotes":""},"categories":[5],"tags":[12],"class_list":["post-2108","post","type-post","status-publish","format-standard","has-post-thumbnail","hentry","category-destacados","tag-comunicacion-social"],"jetpack_featured_media_url":"https:\/\/riograndezac.gob.mx\/informatica\/wp-content\/uploads\/2015\/12\/coro-1.png","_links":{"self":[{"href":"https:\/\/riograndezac.gob.mx\/informatica\/index.php?rest_route=\/wp\/v2\/posts\/2108","targetHints":{"allow":["GET"]}}],"collection":[{"href":"https:\/\/riograndezac.gob.mx\/informatica\/index.php?rest_route=\/wp\/v2\/posts"}],"about":[{"href":"https:\/\/riograndezac.gob.mx\/informatica\/index.php?rest_route=\/wp\/v2\/types\/post"}],"author":[{"embeddable":true,"href":"https:\/\/riograndezac.gob.mx\/informatica\/index.php?rest_route=\/wp\/v2\/users\/1"}],"replies":[{"embeddable":true,"href":"https:\/\/riograndezac.gob.mx\/informatica\/index.php?rest_route=%2Fwp%2Fv2%2Fcomments&post=2108"}],"version-history":[{"count":1,"href":"https:\/\/riograndezac.gob.mx\/informatica\/index.php?rest_route=\/wp\/v2\/posts\/2108\/revisions"}],"predecessor-version":[{"id":2110,"href":"https:\/\/riograndezac.gob.mx\/informatica\/index.php?rest_route=\/wp\/v2\/posts\/2108\/revisions\/2110"}],"wp:featuredmedia":[{"embeddable":true,"href":"https:\/\/riograndezac.gob.mx\/informatica\/index.php?rest_route=\/wp\/v2\/media\/2109"}],"wp:attachment":[{"href":"https:\/\/riograndezac.gob.mx\/informatica\/index.php?rest_route=%2Fwp%2Fv2%2Fmedia&parent=2108"}],"wp:term":[{"taxonomy":"category","embeddable":true,"href":"https:\/\/riograndezac.gob.mx\/informatica\/index.php?rest_route=%2Fwp%2Fv2%2Fcategories&post=2108"},{"taxonomy":"post_tag","embeddable":true,"href":"https:\/\/riograndezac.gob.mx\/informatica\/index.php?rest_route=%2Fwp%2Fv2%2Ftags&post=2108"}],"curies":[{"name":"wp","href":"https:\/\/api.w.org\/{rel}","templated":true}]}}