{"id":211,"date":"2015-06-12T15:12:45","date_gmt":"2015-06-12T15:12:45","guid":{"rendered":"http:\/\/riograndezac.gob.mx\/informatica\/?p=211"},"modified":"2015-06-12T15:12:45","modified_gmt":"2015-06-12T15:12:45","slug":"gracias-al-apoyo-recibido-por-parte-del-alcalde-constantino-castaneda-munoz-el-talento-riograndense-se-hace-presente-en-las-actividades-realizadas-a-cargo-del-instituto-zacatecano-de-cultura","status":"publish","type":"post","link":"https:\/\/riograndezac.gob.mx\/informatica\/?p=211","title":{"rendered":"Gracias al apoyo recibido por parte del alcalde Constantino Casta\u00f1eda Mu\u00f1oz, el talento riograndense se hace presente en las actividades realizadas a cargo del Instituto Zacatecano de Cultura \u201cRam\u00f3n L\u00f3pez Velarde\u201d"},"content":{"rendered":"<p>&nbsp;<\/p>\n<p>Gracias al apoyo recibido por parte del alcalde Constantino Casta\u00f1eda Mu\u00f1oz, el talento riograndense se hace presente en las actividades realizadas a cargo del Instituto Zacatecano de Cultura \u201cRam\u00f3n L\u00f3pez Velarde\u201d, puesto que el Instituto Municipal de Cultura, present\u00f3 trabajos de dos ni\u00f1os atendiendo la convocatoria para participar en el concurso de dibujo y pintura.<\/p>\n<p>&nbsp;<\/p>\n<p>Jos\u00e9 Eduardo Esparza G\u00e1mez de la primaria \u201cFrancisco Garc\u00eda Salinas\u201d y Sa\u00fal G\u00e1mez Castillo de la primaria \u201cP\u00e1nfilo Natera\u201d, son los ni\u00f1os que representaran a nuestro municipio en el concurso de dibujo y pintura infantil \u201cRam\u00f3n L\u00f3pez Velarde\u201d con el objetivo de fomentar las expresiones creativas en la ni\u00f1ez zacatecana y que van orientadas al conocimiento y valoraci\u00f3n de la obra literaria Suave Patria.<\/p>\n<p>&nbsp;<\/p>\n<p>\u201cEstas jornadas se realizan dentro del marco de las jornadas Lopezvelardinas 2015, con el apoyo del programa Alas y Ra\u00edces Zacatecas y podr\u00e1n participar ni\u00f1as y ni\u00f1os de entre 4 y 12 a\u00f1os de edad con alg\u00fan dibujo o pintura, con una idea original, deber\u00e1 de ser hecho con acuarela, crayones, \u00f3leo, l\u00e1pices de color, gises, plumones, material de cartulina o papel cascar\u00f3n\u201d, inform\u00f3 el instructor de pintura del Instituto de Cultura \u201cLuis Cerrillo C\u00e1zares\u201d de R\u00edo Grande M\u00e1ximo Emanuel G\u00f3mez Alan\u00eds.<\/p>\n<p>&nbsp;<\/p>\n<p>\u201cQueremos destacar el valioso apoyo del presidente municipal Constantino Casta\u00f1eda, puesto que al respaldar a este sector art\u00edstico, es as\u00ed como descubrimos nuevos talentos y es nuestro compromiso apoyarlos e impulsarlos a trav\u00e9s del Instituto Municipal de Cultura,\u00a0 para que puedan sobresalir, de antemano tambi\u00e9n el agradecimiento a los padres de familia por brindarnos su confianza y sobre todo la paciencia para poder inculcar a los peque\u00f1os el arte\u201d, relat\u00f3.<\/p>\n<p>&nbsp;<\/p>\n<p>\u201cEn esta ocasi\u00f3n nos sentimos muy agraciados al saber que los ni\u00f1os Jos\u00e9 Eduardo y Sa\u00fal van a representar al municipio, ya que entraron participantes de todo el estado, estamos confiados a que se traer\u00e1n un buen lugar, la premiaci\u00f3n pronto se dar\u00e1 a conocer, estamos en espera de los resultados, para el pr\u00f3ximo 19 de junio, por lo que esperamos que ojala se hagan acreedores a los premios, realmente se lo merecen\u201d, enfatiz\u00f3.<\/p>\n<p>&nbsp;<\/p>\n","protected":false},"excerpt":{"rendered":"<p>\u201cEn esta ocasi\u00f3n nos sentimos muy agraciados al saber que los ni\u00f1os Jos\u00e9 Eduardo y Sa\u00fal van a representar al municipio, ya que entraron participantes de todo el estado<\/p>\n","protected":false},"author":1,"featured_media":212,"comment_status":"closed","ping_status":"closed","sticky":false,"template":"","format":"standard","meta":{"_monsterinsights_skip_tracking":false,"_monsterinsights_sitenote_active":false,"_monsterinsights_sitenote_note":"","_monsterinsights_sitenote_category":0,"footnotes":""},"categories":[4,5],"tags":[12],"class_list":["post-211","post","type-post","status-publish","format-standard","has-post-thumbnail","hentry","category-boletines","category-destacados","tag-comunicacion-social"],"jetpack_featured_media_url":"https:\/\/riograndezac.gob.mx\/informatica\/wp-content\/uploads\/2015\/06\/cancha-antes.jpg","_links":{"self":[{"href":"https:\/\/riograndezac.gob.mx\/informatica\/index.php?rest_route=\/wp\/v2\/posts\/211","targetHints":{"allow":["GET"]}}],"collection":[{"href":"https:\/\/riograndezac.gob.mx\/informatica\/index.php?rest_route=\/wp\/v2\/posts"}],"about":[{"href":"https:\/\/riograndezac.gob.mx\/informatica\/index.php?rest_route=\/wp\/v2\/types\/post"}],"author":[{"embeddable":true,"href":"https:\/\/riograndezac.gob.mx\/informatica\/index.php?rest_route=\/wp\/v2\/users\/1"}],"replies":[{"embeddable":true,"href":"https:\/\/riograndezac.gob.mx\/informatica\/index.php?rest_route=%2Fwp%2Fv2%2Fcomments&post=211"}],"version-history":[{"count":1,"href":"https:\/\/riograndezac.gob.mx\/informatica\/index.php?rest_route=\/wp\/v2\/posts\/211\/revisions"}],"predecessor-version":[{"id":213,"href":"https:\/\/riograndezac.gob.mx\/informatica\/index.php?rest_route=\/wp\/v2\/posts\/211\/revisions\/213"}],"wp:featuredmedia":[{"embeddable":true,"href":"https:\/\/riograndezac.gob.mx\/informatica\/index.php?rest_route=\/wp\/v2\/media\/212"}],"wp:attachment":[{"href":"https:\/\/riograndezac.gob.mx\/informatica\/index.php?rest_route=%2Fwp%2Fv2%2Fmedia&parent=211"}],"wp:term":[{"taxonomy":"category","embeddable":true,"href":"https:\/\/riograndezac.gob.mx\/informatica\/index.php?rest_route=%2Fwp%2Fv2%2Fcategories&post=211"},{"taxonomy":"post_tag","embeddable":true,"href":"https:\/\/riograndezac.gob.mx\/informatica\/index.php?rest_route=%2Fwp%2Fv2%2Ftags&post=211"}],"curies":[{"name":"wp","href":"https:\/\/api.w.org\/{rel}","templated":true}]}}