{"id":2127,"date":"2015-12-25T01:13:09","date_gmt":"2015-12-25T07:13:09","guid":{"rendered":"http:\/\/riograndezac.gob.mx\/informatica\/?p=2127"},"modified":"2015-12-24T17:18:07","modified_gmt":"2015-12-24T23:18:07","slug":"concierto-navideno","status":"publish","type":"post","link":"https:\/\/riograndezac.gob.mx\/informatica\/?p=2127","title":{"rendered":"Concierto navide\u00f1o"},"content":{"rendered":"<p><a href=\"https:\/\/riograndezac.gob.mx\/informatica\/wp-content\/uploads\/2015\/12\/Concierto-navide\u00f1o5.png\" rel=\"attachment wp-att-2128\"><img loading=\"lazy\" decoding=\"async\" class=\"aligncenter size-full wp-image-2128\" src=\"https:\/\/riograndezac.gob.mx\/informatica\/wp-content\/uploads\/2015\/12\/Concierto-navide\u00f1o5.png\" alt=\"Concierto navide\u00f1o5\" width=\"700\" height=\"401\" srcset=\"https:\/\/riograndezac.gob.mx\/informatica\/wp-content\/uploads\/2015\/12\/Concierto-navide\u00f1o5.png 700w, https:\/\/riograndezac.gob.mx\/informatica\/wp-content\/uploads\/2015\/12\/Concierto-navide\u00f1o5-300x172.png 300w, https:\/\/riograndezac.gob.mx\/informatica\/wp-content\/uploads\/2015\/12\/Concierto-navide\u00f1o5-24x14.png 24w, https:\/\/riograndezac.gob.mx\/informatica\/wp-content\/uploads\/2015\/12\/Concierto-navide\u00f1o5-36x21.png 36w, https:\/\/riograndezac.gob.mx\/informatica\/wp-content\/uploads\/2015\/12\/Concierto-navide\u00f1o5-48x27.png 48w\" sizes=\"auto, (max-width: 700px) 100vw, 700px\" \/><\/a><\/p>\n<p>&nbsp;<\/p>\n<p>El gobierno municipal de R\u00edo Grande encabezado por Constantino Casta\u00f1eda Mu\u00f1oz a trav\u00e9s del Instituto Municipal de R\u00edo Grande a cargo de Jos\u00e9 Merced Zapata Zavala, ofrecieron un concierto navide\u00f1o con la participaci\u00f3n de distintas agrupaciones musicales del municipio.<\/p>\n<p>&nbsp;<\/p>\n<p>En el marco de las fiestas navide\u00f1as, el Instituto Municipal de Cultura de R\u00edo Grande llev\u00f3 a cabo el tradicional Concierto Navide\u00f1o en la plaza principal, al cual acudieron cientos de familias para disfrutar de tan emotiva actividad.<\/p>\n<p>&nbsp;<\/p>\n<p>En este evento, estuvo la Banda Sinf\u00f3nica del municipio, donde hizo su participaci\u00f3n con algunos villancicos navide\u00f1os, en seguida la emotiva participaci\u00f3n de Horacio Esparza Esquivel que deleit\u00f3 a los asistentes con temas navide\u00f1os, y finalmente la participaci\u00f3n del coro municipal de R\u00edo Grande cerro la noche con temas como Duerme y no llores, Ha nacido el ni\u00f1o, A Bel\u00e9n pastores entre otros temas, finalmente el titular del departamento hizo extensa la invitaci\u00f3n a los padres de familia para que pasen a inscribir a sus hijos para que formen parte del coro.<\/p>\n<p>&nbsp;<\/p>\n<p>\u201cCuando llegamos al departamento, le mostramos al presidente Constantino Casta\u00f1eda Mu\u00f1oz el proyecto de conformar un coro de ni\u00f1os, con la finalidad de promover la cultura y el arte del canto pues hemos visto que en otras disciplinas referentes a este tema han tenido muy buena respuesta, a lo que sin dudar el alcalde nos dio el respaldo y la confianza de emprender este proyecto y aqu\u00ed estamos\u201d, mencion\u00f3 Jos\u00e9 Merced Zapata Zavala.<\/p>\n<p>&nbsp;<\/p>\n<p>\u201cEste proyecto no tiene m\u00e1s de 2 meses, y hasta el momento hemos tenido una buena participaci\u00f3n de los ni\u00f1os y sobre todo con los padres de familia pues nos han hecho saber sus intenciones de continuar adelante con este proyecto de la mano con el alcalde Constantino Casta\u00f1eda Mu\u00f1oz que hay que reconocer ha sido un precursor de la cultura en nuestro municipio y ahora el reto es hacer de este coro municipal un coro monumental\u201d, indic\u00f3.<\/p>\n<p>&nbsp;<\/p>\n<p>\u201cAgradecer el apoyo por parte la instructora de estos ni\u00f1os Mar\u00eda Luisa Somoza Ayala, que nos comparte la pasi\u00f3n por las notas musicales sin inter\u00e9s alguno salvo el de colaborar de esta manera a difundir el talento y la cultura que nos caracteriza, es por ello que debemos aprovechar que somos m\u00e1s los que estamos a favor de rescatar y perseverar nuestros acerbos art\u00edsticos y culturales, en R\u00edo Grande hay macho talento\u201d, manifest\u00f3.<\/p>\n<p>&nbsp;<\/p>\n<p>As\u00ed mismo, se\u00f1al\u00f3 que \u201cagradezco la disposici\u00f3n de la Banda de M\u00fasica, y de Horacio, quienes nos acompa\u00f1aron a este concierto, para hacer una emotiva fiesta navide\u00f1a\u201d.<\/p>\n","protected":false},"excerpt":{"rendered":"<p>El gobierno municipal de R\u00edo Grande encabezado por Constantino Casta\u00f1eda Mu\u00f1oz a trav\u00e9s del Instituto Municipal de R\u00edo Grande a cargo de Jos\u00e9 Merced Zapata Zavala, ofrecieron un concierto navide\u00f1o con la participaci\u00f3n de distintas agrupaciones musicales del municipio.<\/p>\n","protected":false},"author":1,"featured_media":2128,"comment_status":"closed","ping_status":"closed","sticky":false,"template":"","format":"standard","meta":{"_monsterinsights_skip_tracking":false,"_monsterinsights_sitenote_active":false,"_monsterinsights_sitenote_note":"","_monsterinsights_sitenote_category":0,"footnotes":""},"categories":[4],"tags":[12,3,18],"class_list":["post-2127","post","type-post","status-publish","format-standard","has-post-thumbnail","hentry","category-boletines","tag-comunicacion-social","tag-content-slide","tag-gobierno-municipal-rio-grande"],"jetpack_featured_media_url":"https:\/\/riograndezac.gob.mx\/informatica\/wp-content\/uploads\/2015\/12\/Concierto-navide\u00f1o5.png","_links":{"self":[{"href":"https:\/\/riograndezac.gob.mx\/informatica\/index.php?rest_route=\/wp\/v2\/posts\/2127","targetHints":{"allow":["GET"]}}],"collection":[{"href":"https:\/\/riograndezac.gob.mx\/informatica\/index.php?rest_route=\/wp\/v2\/posts"}],"about":[{"href":"https:\/\/riograndezac.gob.mx\/informatica\/index.php?rest_route=\/wp\/v2\/types\/post"}],"author":[{"embeddable":true,"href":"https:\/\/riograndezac.gob.mx\/informatica\/index.php?rest_route=\/wp\/v2\/users\/1"}],"replies":[{"embeddable":true,"href":"https:\/\/riograndezac.gob.mx\/informatica\/index.php?rest_route=%2Fwp%2Fv2%2Fcomments&post=2127"}],"version-history":[{"count":3,"href":"https:\/\/riograndezac.gob.mx\/informatica\/index.php?rest_route=\/wp\/v2\/posts\/2127\/revisions"}],"predecessor-version":[{"id":2131,"href":"https:\/\/riograndezac.gob.mx\/informatica\/index.php?rest_route=\/wp\/v2\/posts\/2127\/revisions\/2131"}],"wp:featuredmedia":[{"embeddable":true,"href":"https:\/\/riograndezac.gob.mx\/informatica\/index.php?rest_route=\/wp\/v2\/media\/2128"}],"wp:attachment":[{"href":"https:\/\/riograndezac.gob.mx\/informatica\/index.php?rest_route=%2Fwp%2Fv2%2Fmedia&parent=2127"}],"wp:term":[{"taxonomy":"category","embeddable":true,"href":"https:\/\/riograndezac.gob.mx\/informatica\/index.php?rest_route=%2Fwp%2Fv2%2Fcategories&post=2127"},{"taxonomy":"post_tag","embeddable":true,"href":"https:\/\/riograndezac.gob.mx\/informatica\/index.php?rest_route=%2Fwp%2Fv2%2Ftags&post=2127"}],"curies":[{"name":"wp","href":"https:\/\/api.w.org\/{rel}","templated":true}]}}