{"id":2137,"date":"2015-12-27T21:31:43","date_gmt":"2015-12-28T03:31:43","guid":{"rendered":"http:\/\/riograndezac.gob.mx\/informatica\/?p=2137"},"modified":"2015-12-27T21:31:43","modified_gmt":"2015-12-28T03:31:43","slug":"servicio-de-limpia","status":"publish","type":"post","link":"https:\/\/riograndezac.gob.mx\/informatica\/?p=2137","title":{"rendered":"Servicio de Limpia"},"content":{"rendered":"<p><a href=\"https:\/\/riograndezac.gob.mx\/informatica\/wp-content\/uploads\/2015\/12\/camion-de-limpia.jpg\" rel=\"attachment wp-att-2139\"><img loading=\"lazy\" decoding=\"async\" class=\"aligncenter size-full wp-image-2139\" src=\"https:\/\/riograndezac.gob.mx\/informatica\/wp-content\/uploads\/2015\/12\/camion-de-limpia.jpg\" alt=\"camion de limpia\" width=\"450\" height=\"280\" srcset=\"https:\/\/riograndezac.gob.mx\/informatica\/wp-content\/uploads\/2015\/12\/camion-de-limpia.jpg 450w, https:\/\/riograndezac.gob.mx\/informatica\/wp-content\/uploads\/2015\/12\/camion-de-limpia-300x187.jpg 300w, https:\/\/riograndezac.gob.mx\/informatica\/wp-content\/uploads\/2015\/12\/camion-de-limpia-24x15.jpg 24w, https:\/\/riograndezac.gob.mx\/informatica\/wp-content\/uploads\/2015\/12\/camion-de-limpia-36x22.jpg 36w, https:\/\/riograndezac.gob.mx\/informatica\/wp-content\/uploads\/2015\/12\/camion-de-limpia-48x30.jpg 48w\" sizes=\"auto, (max-width: 450px) 100vw, 450px\" \/><\/a><\/p>\n<p>\u201cEs importante informar a la poblaci\u00f3n sobre el servicio de limpia que se ha trabajado durante este periodo vacacional, incluso el 25 de diciembre y el 1 del a\u00f1o 2016, y que ha aumentado pr\u00e1cticamente un hasta el triple la recolecci\u00f3n de 30 toneladas a 85 toneladas diarias\u201d, se\u00f1al\u00f3 el alcalde Constantino Casta\u00f1eda Mu\u00f1oz.<\/p>\n<p>&nbsp;<\/p>\n<p>\u201cPara hacer m\u00e1s eficiente el servicio de recolecci\u00f3n y el mejoramiento, actualmente contamos con 24 unidades que recorren las rutas de la cabecera municipal y comunidades, para atender las necesidades de la poblaci\u00f3n, de antemano solicitarles de manera responsable que por parte de las familias, nos ayuden en el tema de manejar responsablemente los deshechos y tener la paciencia, pues en estas fechas se trabaja el doble que con normalidad, adem\u00e1s del servicio que dan las hormiguitas en el primero y segundo cuadro de la ciudad y en los bulevares de acceso\u201d, indic\u00f3.<\/p>\n<p>&nbsp;<\/p>\n<p>\u201cRecalcar que hacemos nuestro mejor esfuerzo para brindar el servicio en tiempo y forma pues el departamento de limpia tiene la indicaci\u00f3n de trabajar durante este periodo con horario de 8 de la ma\u00f1ana hasta las 11 de la noche, ya que si por alguna raz\u00f3n el cami\u00f3n no logra terminar su recorrido es debido a que posiblemente se ha retrasado en terminar otra ruta\u201d, manifest\u00f3.<\/p>\n<p>&nbsp;<\/p>\n<p>\u201cTenemos el informe que con normalidad tan solo en la cabecera se recolectan alrededor de 33 toneladas de basura, ahora en este periodo hemos tenido el informe que se ha aumentado en el 100%, esto quiere decir que se recolectan diariamente de 60 a 80 toneladas diarias, por lo que nuevamente pedimos a la poblaci\u00f3n sobre la concientizaci\u00f3n y nos ayuden a contribuir en el cuidado de nuestro medio ambiente\u201d, dijo.<\/p>\n<p>&nbsp;<\/p>\n<p>\u201cNosotros como autoridad tenemos la obligaci\u00f3n y responsabilidad de brindar el servicio, as\u00ed mismo compartirles de esta responsabilidad a las familias, comercios, restaurantes y dem\u00e1s locales que generen desechos s\u00f3lidos, para promover la cultura de no contaminar\u201d, se\u00f1al\u00f3.<\/p>\n<p>&nbsp;<\/p>\n<p>Finaliz\u00f3 se\u00f1alando que el servicio se deja de recolectar en punto de las 11:30 de la noche, todos los d\u00edas, de manera que se est\u00e1 trabajando para cubrir este servicio b\u00e1sico\u201d.<\/p>\n","protected":false},"excerpt":{"rendered":"<p>\u201cEs importante informar a la poblaci\u00f3n sobre el servicio de limpia que se ha trabajado durante este periodo vacacional, incluso el 25 de diciembre y el 1 del a\u00f1o 2016 &#8230;<\/p>\n","protected":false},"author":1,"featured_media":2139,"comment_status":"closed","ping_status":"closed","sticky":false,"template":"","format":"standard","meta":{"_monsterinsights_skip_tracking":false,"_monsterinsights_sitenote_active":false,"_monsterinsights_sitenote_note":"","_monsterinsights_sitenote_category":0,"footnotes":""},"categories":[4],"tags":[12,18],"class_list":["post-2137","post","type-post","status-publish","format-standard","has-post-thumbnail","hentry","category-boletines","tag-comunicacion-social","tag-gobierno-municipal-rio-grande"],"jetpack_featured_media_url":"https:\/\/riograndezac.gob.mx\/informatica\/wp-content\/uploads\/2015\/12\/camion-de-limpia.jpg","_links":{"self":[{"href":"https:\/\/riograndezac.gob.mx\/informatica\/index.php?rest_route=\/wp\/v2\/posts\/2137","targetHints":{"allow":["GET"]}}],"collection":[{"href":"https:\/\/riograndezac.gob.mx\/informatica\/index.php?rest_route=\/wp\/v2\/posts"}],"about":[{"href":"https:\/\/riograndezac.gob.mx\/informatica\/index.php?rest_route=\/wp\/v2\/types\/post"}],"author":[{"embeddable":true,"href":"https:\/\/riograndezac.gob.mx\/informatica\/index.php?rest_route=\/wp\/v2\/users\/1"}],"replies":[{"embeddable":true,"href":"https:\/\/riograndezac.gob.mx\/informatica\/index.php?rest_route=%2Fwp%2Fv2%2Fcomments&post=2137"}],"version-history":[{"count":2,"href":"https:\/\/riograndezac.gob.mx\/informatica\/index.php?rest_route=\/wp\/v2\/posts\/2137\/revisions"}],"predecessor-version":[{"id":2140,"href":"https:\/\/riograndezac.gob.mx\/informatica\/index.php?rest_route=\/wp\/v2\/posts\/2137\/revisions\/2140"}],"wp:featuredmedia":[{"embeddable":true,"href":"https:\/\/riograndezac.gob.mx\/informatica\/index.php?rest_route=\/wp\/v2\/media\/2139"}],"wp:attachment":[{"href":"https:\/\/riograndezac.gob.mx\/informatica\/index.php?rest_route=%2Fwp%2Fv2%2Fmedia&parent=2137"}],"wp:term":[{"taxonomy":"category","embeddable":true,"href":"https:\/\/riograndezac.gob.mx\/informatica\/index.php?rest_route=%2Fwp%2Fv2%2Fcategories&post=2137"},{"taxonomy":"post_tag","embeddable":true,"href":"https:\/\/riograndezac.gob.mx\/informatica\/index.php?rest_route=%2Fwp%2Fv2%2Ftags&post=2137"}],"curies":[{"name":"wp","href":"https:\/\/api.w.org\/{rel}","templated":true}]}}