{"id":2148,"date":"2015-12-27T21:49:32","date_gmt":"2015-12-28T03:49:32","guid":{"rendered":"http:\/\/riograndezac.gob.mx\/informatica\/?p=2148"},"modified":"2015-12-27T21:49:32","modified_gmt":"2015-12-28T03:49:32","slug":"dia-del-migrante","status":"publish","type":"post","link":"https:\/\/riograndezac.gob.mx\/informatica\/?p=2148","title":{"rendered":"Dia del Migrante"},"content":{"rendered":"<p>&nbsp;<\/p>\n<p>Sin duda, un emotivo evento conmemorativo por el d\u00eda del migrante, organizado por el Gobierno Municipal encabezado por Constantino Casta\u00f1eda Mu\u00f1oz, a trav\u00e9s del Instituto del Migrante y de Cultura, en la plaza principal.<\/p>\n<p>&nbsp;<\/p>\n<p>Con la participaci\u00f3n de la tradicional Danza de Pardos, la danza cl\u00e1sica de Kenia Itzel Mu\u00f1oz Badillo, la m\u00fasica de Mar\u00eda Luisa Somoza Ayala y Don Kiko, acompa\u00f1ados del acorde\u00f3n de \u00c1ngel y el bajo sexto de Don Juan, as\u00ed como las poes\u00edas de Jos\u00e9 Estrada Palafox, se arm\u00f3 una verdadera fiesta en la plaza principal de R\u00edo Grande, para recordar a aquellos que han tenido que salir de su tierra natal, para buscar mejores condiciones de vida.<\/p>\n<p>&nbsp;<\/p>\n<p>A este acto, acudi\u00f3 el primer mandatario Constantino Casta\u00f1eda Mu\u00f1oz, quien se\u00f1al\u00f3 que \u201cde verdad es de reconocer el esfuerzo diario que realizan nuestros hermanos migrantes, y quienes adem\u00e1s luchar para salir adelante, junto con sus familias, nos respaldan para que R\u00edo Grande, salga adelante, ellos son un pilar para el desarrollo del municipio\u201d.<\/p>\n<p>&nbsp;<\/p>\n<p>Casta\u00f1eda Mu\u00f1oz, agradeci\u00f3 el respaldo de las y los migrantes, a trav\u00e9s de los Clubes, puesto que han estado pendientes durante estos m\u00e1s de dos a\u00f1os al frente de la administraci\u00f3n, entre ellos, el Club R\u00edo Grande, encabezado por Rafaela Casta\u00f1eda Fern\u00e1ndez; el Club Santa Elena presidido por Maybeth Mendoza, el Club Piedras Unidas encabezado por Marisol Gonz\u00e1lez, y el reci\u00e9n conformado \u201cArmando un proyecto para ti\u201d, de Armando Campa, entre otros actores importantes como el caso del presidente de la federaci\u00f3n \u201cCasa Zacatecas\u201d, Francisco \u00c1lvarez Calder\u00f3n.<\/p>\n<p>&nbsp;<\/p>\n<p>Casta\u00f1eda Mu\u00f1oz, celebr\u00f3 que \u201ca nivel internacional, el\u00a04 de diciembre\u00a0de\u00a02000\u00a0la\u00a0Asamblea General de las Naciones Unidas\u00a0en la\u00a0Resoluci\u00f3n 55\/93, teniendo en cuenta el n\u00famero elevado y cada vez mayor de\u00a0emigrantes\u00a0que existe en el mundo, se\u00f1alaron el 18 de diciembre como el d\u00eda del migrante, pero en R\u00edo Grande, se decidi\u00f3 que fuera el 28 de diciembre, debido a que son fechas en las que los paisanos est\u00e1n en esta tierra y se les puede reconocer el esfuerzo que realizan d\u00eda a d\u00eda en tierras lejanas\u201d.<\/p>\n<p>&nbsp;<\/p>\n<p>El primer mandatario, a\u00f1adi\u00f3 que \u201cVaya nuestro reconocimiento a los que nos visitan no s\u00f3lo de Estados Unidos, sino de otros estados de la Rep\u00fablica, pero tambi\u00e9n a quienes no pueden viajar, eso es algo muy triste, pero esperamos que pronto puedan arreglar su situaci\u00f3n legal y nos visiten, tienen las puertas abiertas de su tierra natal\u201d.<\/p>\n<p>&nbsp;<\/p>\n<p>As\u00ed mismo, \u201creconocer la contribuci\u00f3n importante de la migraci\u00f3n al desarrollo y llaman a una cooperaci\u00f3n m\u00e1s amplia para afrontar los retos de la migraci\u00f3n irregular y facilitar un flujo de personas seguro, ordenado y regular\u201d, enfatiz\u00f3.<\/p>\n<p>&nbsp;<\/p>\n<p>En medio de este programa cultural, a pesar del intenso fr\u00edo y viento fuerte, caracter\u00edstico de R\u00edo Grande, Manuel de Jes\u00fas P\u00e9rez Perales, titular del Instituto, dijo que \u201csin duda el inter\u00e9s que tiene el presidente municipal en este sector es claro, por ello, hemos logrado hacer mucho en el tema de migrantes durante este periodo de la Administraci\u00f3n\u201d.<\/p>\n<p>&nbsp;<\/p>\n<p>En este evento, se cont\u00f3 con la presencia de los clubes espejo del \u201cR\u00edo Grande\u201d y \u201cSanta Elena\u201d, a trav\u00e9s de Artemia Casta\u00f1eda y Santa Sabina Esquivel, respectivamente, as\u00ed como Carlos Arroyo, director de Desarrollo econ\u00f3mico y social de la Administraci\u00f3n.<\/p>\n","protected":false},"excerpt":{"rendered":"<p>Sin duda, un emotivo evento conmemorativo por el d\u00eda del migrante, organizado por el Gobierno Municipal encabezado por Constantino Casta\u00f1eda Mu\u00f1oz, a trav\u00e9s del Instituto del Migrante y de Cultura, en la plaza principal.<\/p>\n","protected":false},"author":1,"featured_media":2149,"comment_status":"closed","ping_status":"closed","sticky":false,"template":"","format":"standard","meta":{"_monsterinsights_skip_tracking":false,"_monsterinsights_sitenote_active":false,"_monsterinsights_sitenote_note":"","_monsterinsights_sitenote_category":0,"footnotes":""},"categories":[5],"tags":[12,18],"class_list":["post-2148","post","type-post","status-publish","format-standard","has-post-thumbnail","hentry","category-destacados","tag-comunicacion-social","tag-gobierno-municipal-rio-grande"],"jetpack_featured_media_url":"https:\/\/riograndezac.gob.mx\/informatica\/wp-content\/uploads\/2015\/12\/migrante-10.jpg","_links":{"self":[{"href":"https:\/\/riograndezac.gob.mx\/informatica\/index.php?rest_route=\/wp\/v2\/posts\/2148","targetHints":{"allow":["GET"]}}],"collection":[{"href":"https:\/\/riograndezac.gob.mx\/informatica\/index.php?rest_route=\/wp\/v2\/posts"}],"about":[{"href":"https:\/\/riograndezac.gob.mx\/informatica\/index.php?rest_route=\/wp\/v2\/types\/post"}],"author":[{"embeddable":true,"href":"https:\/\/riograndezac.gob.mx\/informatica\/index.php?rest_route=\/wp\/v2\/users\/1"}],"replies":[{"embeddable":true,"href":"https:\/\/riograndezac.gob.mx\/informatica\/index.php?rest_route=%2Fwp%2Fv2%2Fcomments&post=2148"}],"version-history":[{"count":1,"href":"https:\/\/riograndezac.gob.mx\/informatica\/index.php?rest_route=\/wp\/v2\/posts\/2148\/revisions"}],"predecessor-version":[{"id":2150,"href":"https:\/\/riograndezac.gob.mx\/informatica\/index.php?rest_route=\/wp\/v2\/posts\/2148\/revisions\/2150"}],"wp:featuredmedia":[{"embeddable":true,"href":"https:\/\/riograndezac.gob.mx\/informatica\/index.php?rest_route=\/wp\/v2\/media\/2149"}],"wp:attachment":[{"href":"https:\/\/riograndezac.gob.mx\/informatica\/index.php?rest_route=%2Fwp%2Fv2%2Fmedia&parent=2148"}],"wp:term":[{"taxonomy":"category","embeddable":true,"href":"https:\/\/riograndezac.gob.mx\/informatica\/index.php?rest_route=%2Fwp%2Fv2%2Fcategories&post=2148"},{"taxonomy":"post_tag","embeddable":true,"href":"https:\/\/riograndezac.gob.mx\/informatica\/index.php?rest_route=%2Fwp%2Fv2%2Ftags&post=2148"}],"curies":[{"name":"wp","href":"https:\/\/api.w.org\/{rel}","templated":true}]}}