{"id":2151,"date":"2015-12-27T21:53:06","date_gmt":"2015-12-28T03:53:06","guid":{"rendered":"http:\/\/riograndezac.gob.mx\/informatica\/?p=2151"},"modified":"2015-12-27T21:53:06","modified_gmt":"2015-12-28T03:53:06","slug":"reunion-ex-alumnos-esfima","status":"publish","type":"post","link":"https:\/\/riograndezac.gob.mx\/informatica\/?p=2151","title":{"rendered":"Reuni\u00f3n ex alumnos esfima"},"content":{"rendered":"<p><a href=\"https:\/\/riograndezac.gob.mx\/informatica\/wp-content\/uploads\/2015\/12\/reunion-esfima-2.jpg\" rel=\"attachment wp-att-2152\"><img loading=\"lazy\" decoding=\"async\" class=\"aligncenter size-full wp-image-2152\" src=\"https:\/\/riograndezac.gob.mx\/informatica\/wp-content\/uploads\/2015\/12\/reunion-esfima-2.jpg\" alt=\"reunion esfima (2)\" width=\"800\" height=\"450\" srcset=\"https:\/\/riograndezac.gob.mx\/informatica\/wp-content\/uploads\/2015\/12\/reunion-esfima-2.jpg 800w, https:\/\/riograndezac.gob.mx\/informatica\/wp-content\/uploads\/2015\/12\/reunion-esfima-2-300x169.jpg 300w, https:\/\/riograndezac.gob.mx\/informatica\/wp-content\/uploads\/2015\/12\/reunion-esfima-2-768x432.jpg 768w, https:\/\/riograndezac.gob.mx\/informatica\/wp-content\/uploads\/2015\/12\/reunion-esfima-2-320x180.jpg 320w, https:\/\/riograndezac.gob.mx\/informatica\/wp-content\/uploads\/2015\/12\/reunion-esfima-2-24x14.jpg 24w, https:\/\/riograndezac.gob.mx\/informatica\/wp-content\/uploads\/2015\/12\/reunion-esfima-2-36x20.jpg 36w, https:\/\/riograndezac.gob.mx\/informatica\/wp-content\/uploads\/2015\/12\/reunion-esfima-2-48x27.jpg 48w\" sizes=\"auto, (max-width: 800px) 100vw, 800px\" \/><\/a><\/p>\n<p>&nbsp;<\/p>\n<p>Emotivo encuentro de los egresados de la Generaci\u00f3n 76-79 de la entonces Escuela Secundaria Federal Ignacio Manuel Altamirano, hoy escuela General; con una Celebraci\u00f3n Eucar\u00edstica en el templo parroquial del Se\u00f1or de la Santa Veracruz.<\/p>\n<p>&nbsp;<\/p>\n<p>Este domingo, con el esp\u00edritu navide\u00f1o, 30 alumnos y alumnas, egresados en el a\u00f1o de 1979, de la Emblem\u00e1tica ESGIMA, se reunieron despu\u00e9s de 36 a\u00f1os de haber estrechado su amistad en un sal\u00f3n de clases.<\/p>\n<p>&nbsp;<\/p>\n<p>De esta manera, Sergio Hern\u00e1ndez Cuevas, coordinador de la reuni\u00f3n de la generaci\u00f3n, inform\u00f3 \u201cdecidimos llevar a cabo esta celebraci\u00f3n eucar\u00edstica, para agradecer la amistad que hasta la fecha tenemos, desde aquella etapa maravillosa que fue la de secundaria\u201d, por lo que el sacerdote cat\u00f3lico, Abraham Mej\u00eda Mier, durante su Homil\u00eda, hizo referencia al d\u00eda de la Sagrada Familia de Nazaret, en donde los valores fueron una parte importante como lo son en la familia que han conformado los ex alumnos a trav\u00e9s de los a\u00f1os.<\/p>\n<p>&nbsp;<\/p>\n<p>Fueron 30 ex alumnos los que acudieron entre ellos, el primer mandatario riograndense, Constantino Casta\u00f1eda Mu\u00f1oz, quien pertenece a la generaci\u00f3n 76- 79 de la \u201cESFIMA\u201d, y quien record\u00f3 que \u201cesta reuni\u00f3n es sin duda el recordar el gran legado de ense\u00f1anza y amistad que dejaron dejado a su paso los maestros de la Escuela Secundaria # 1 por lo que con esto, seguramente reconocemos su trabajo, y recordamos an\u00e9cdotas que nos hicieron vivir momentos de gran trascendencia\u201d.<\/p>\n<p>&nbsp;<\/p>\n<p>Despu\u00e9s de estar atentos durante la Celebraci\u00f3n Eucar\u00edstica, las y los alumnos se trasladaron al sal\u00f3n de eventos \u201cDiamante\u201d, donde compartieron el pan y la sal, no s\u00f3lo las y los ex alumnos, sino las familias de cada uno de ellos, a donde tambi\u00e9n acudi\u00f3 el regidor del actual Ayuntamiento, Mart\u00edn Badillo Rodr\u00edguez, entre otros.<\/p>\n","protected":false},"excerpt":{"rendered":"<p>Emotivo encuentro de los egresados de la Generaci\u00f3n 76-79 de la entonces Escuela Secundaria Federal Ignacio Manuel Altamirano, hoy escuela General; con una Celebraci\u00f3n Eucar\u00edstica en el templo parroquial del Se\u00f1or de la Santa Veracruz.<\/p>\n","protected":false},"author":1,"featured_media":2152,"comment_status":"closed","ping_status":"closed","sticky":false,"template":"","format":"standard","meta":{"_monsterinsights_skip_tracking":false,"_monsterinsights_sitenote_active":false,"_monsterinsights_sitenote_note":"","_monsterinsights_sitenote_category":0,"footnotes":""},"categories":[5],"tags":[12,18],"class_list":["post-2151","post","type-post","status-publish","format-standard","has-post-thumbnail","hentry","category-destacados","tag-comunicacion-social","tag-gobierno-municipal-rio-grande"],"jetpack_featured_media_url":"https:\/\/riograndezac.gob.mx\/informatica\/wp-content\/uploads\/2015\/12\/reunion-esfima-2.jpg","_links":{"self":[{"href":"https:\/\/riograndezac.gob.mx\/informatica\/index.php?rest_route=\/wp\/v2\/posts\/2151","targetHints":{"allow":["GET"]}}],"collection":[{"href":"https:\/\/riograndezac.gob.mx\/informatica\/index.php?rest_route=\/wp\/v2\/posts"}],"about":[{"href":"https:\/\/riograndezac.gob.mx\/informatica\/index.php?rest_route=\/wp\/v2\/types\/post"}],"author":[{"embeddable":true,"href":"https:\/\/riograndezac.gob.mx\/informatica\/index.php?rest_route=\/wp\/v2\/users\/1"}],"replies":[{"embeddable":true,"href":"https:\/\/riograndezac.gob.mx\/informatica\/index.php?rest_route=%2Fwp%2Fv2%2Fcomments&post=2151"}],"version-history":[{"count":1,"href":"https:\/\/riograndezac.gob.mx\/informatica\/index.php?rest_route=\/wp\/v2\/posts\/2151\/revisions"}],"predecessor-version":[{"id":2153,"href":"https:\/\/riograndezac.gob.mx\/informatica\/index.php?rest_route=\/wp\/v2\/posts\/2151\/revisions\/2153"}],"wp:featuredmedia":[{"embeddable":true,"href":"https:\/\/riograndezac.gob.mx\/informatica\/index.php?rest_route=\/wp\/v2\/media\/2152"}],"wp:attachment":[{"href":"https:\/\/riograndezac.gob.mx\/informatica\/index.php?rest_route=%2Fwp%2Fv2%2Fmedia&parent=2151"}],"wp:term":[{"taxonomy":"category","embeddable":true,"href":"https:\/\/riograndezac.gob.mx\/informatica\/index.php?rest_route=%2Fwp%2Fv2%2Fcategories&post=2151"},{"taxonomy":"post_tag","embeddable":true,"href":"https:\/\/riograndezac.gob.mx\/informatica\/index.php?rest_route=%2Fwp%2Fv2%2Ftags&post=2151"}],"curies":[{"name":"wp","href":"https:\/\/api.w.org\/{rel}","templated":true}]}}