{"id":2154,"date":"2015-12-28T17:18:28","date_gmt":"2015-12-28T23:18:28","guid":{"rendered":"http:\/\/riograndezac.gob.mx\/informatica\/?p=2154"},"modified":"2015-12-28T17:18:28","modified_gmt":"2015-12-28T23:18:28","slug":"pastorela","status":"publish","type":"post","link":"https:\/\/riograndezac.gob.mx\/informatica\/?p=2154","title":{"rendered":"pastorela"},"content":{"rendered":"<p><a href=\"https:\/\/riograndezac.gob.mx\/informatica\/wp-content\/uploads\/2015\/12\/Pastorela1.png\" rel=\"attachment wp-att-2155\"><img loading=\"lazy\" decoding=\"async\" class=\"aligncenter size-full wp-image-2155\" src=\"https:\/\/riograndezac.gob.mx\/informatica\/wp-content\/uploads\/2015\/12\/Pastorela1.png\" alt=\"Pastorela1\" width=\"700\" height=\"491\" srcset=\"https:\/\/riograndezac.gob.mx\/informatica\/wp-content\/uploads\/2015\/12\/Pastorela1.png 700w, https:\/\/riograndezac.gob.mx\/informatica\/wp-content\/uploads\/2015\/12\/Pastorela1-300x210.png 300w, https:\/\/riograndezac.gob.mx\/informatica\/wp-content\/uploads\/2015\/12\/Pastorela1-24x17.png 24w, https:\/\/riograndezac.gob.mx\/informatica\/wp-content\/uploads\/2015\/12\/Pastorela1-36x25.png 36w, https:\/\/riograndezac.gob.mx\/informatica\/wp-content\/uploads\/2015\/12\/Pastorela1-48x34.png 48w\" sizes=\"auto, (max-width: 700px) 100vw, 700px\" \/><\/a><\/p>\n<p>&nbsp;<\/p>\n<p>En el marco del Festival cultural Navide\u00f1o 2015, se present\u00f3 la Compa\u00f1\u00eda de Teatro \u201cTras Bambalinas\u201d, con la Pastorela \u201cNoche de Paz\u2026 Pastorela\u201d, en el escenario natural de la Plaza Principal.<\/p>\n<p>&nbsp;<\/p>\n<p>Cientos de riograndenses disfrutaron de este emotivo evento, preparado por el Gobierno Municipal, encabezado por Constantino Casta\u00f1eda Mu\u00f1oz, para esta temporada Navide\u00f1a, bajo la direcci\u00f3n del Instituto de Cultura, se llev\u00f3 a cabo este divertida presentaci\u00f3n.<\/p>\n<p>&nbsp;<\/p>\n<p>Una Pastorela, con la participaci\u00f3n de dos diablitos, quienes presentaron un show de televisi\u00f3n para poder distraer al \u00c1ngel de la historia y hacerlo cometer errores, envolvi\u00f3 a las y asistentes, a pesar del frio, quienes les ovacionaron con aplausos, despu\u00e9s de que los hicieron participar durante toda una hora de pastorela.<\/p>\n<p>&nbsp;<\/p>\n<p>La discusi\u00f3n principal entre estos personajes, fue el conocer que es m\u00e1s fuerte, si las tradiciones extranjeras o las mexicanas, por lo que permitieron la participaci\u00f3n de su p\u00fablico, quienes rieron hasta que salieron las l\u00e1grimas de risa.<\/p>\n<p>&nbsp;<\/p>\n<p>El encargado de dar la bienvenida, fue el director de cultura, Jos\u00e9 Merced Zapata Zavala, quien agradeci\u00f3 el trabajo de estos tres artistas de Tras Bambalinas, de la capital Zacatecana, quienes acudieron, gracias a la gesti\u00f3n que se hizo en el Instituto Zacatecano de Cultura, Ram\u00f3n L\u00f3pez Velarde.<\/p>\n<p>&nbsp;<\/p>\n<p>Para cerrar la noche, Zapata Zavala, agradeci\u00f3 la participaci\u00f3n de las y los riograndenses que acudieron durante esta fr\u00eda noche a la plaza principal, desde los m\u00e1s peque\u00f1os de la casa, hasta las y los abuelitos, disfrutaron de la divertida presentaci\u00f3n.<\/p>\n<p>&nbsp;<\/p>\n<p>El director del Instituto de Cultura, se\u00f1al\u00f3 que el festival Navide\u00f1o, se clausurar\u00e1 el pr\u00f3ximo 6 de enero, con la tradicional Partida de la Rosca de Reyes, en la plaza principal, bajo la organizaci\u00f3n del Sistema Municipal para el Desarrollo Integral de la Familia (SMDIF) de R\u00edo Grande, por lo que la invitaci\u00f3n es para que todas las familias acudan a este tradicional evento, a partir de las 5 de la tarde.<\/p>\n","protected":false},"excerpt":{"rendered":"<p>En el marco del Festival cultural Navide\u00f1o 2015, se present\u00f3 la Compa\u00f1\u00eda de Teatro \u201cTras Bambalinas\u201d, con la Pastorela \u201cNoche de Paz\u2026 Pastorela\u201d, en el escenario natural de la Plaza Principal.<\/p>\n","protected":false},"author":1,"featured_media":2155,"comment_status":"closed","ping_status":"closed","sticky":false,"template":"","format":"standard","meta":{"_monsterinsights_skip_tracking":false,"_monsterinsights_sitenote_active":false,"_monsterinsights_sitenote_note":"","_monsterinsights_sitenote_category":0,"footnotes":""},"categories":[4,49],"tags":[12,18],"class_list":["post-2154","post","type-post","status-publish","format-standard","has-post-thumbnail","hentry","category-boletines","category-cultura","tag-comunicacion-social","tag-gobierno-municipal-rio-grande"],"jetpack_featured_media_url":"https:\/\/riograndezac.gob.mx\/informatica\/wp-content\/uploads\/2015\/12\/Pastorela1.png","_links":{"self":[{"href":"https:\/\/riograndezac.gob.mx\/informatica\/index.php?rest_route=\/wp\/v2\/posts\/2154","targetHints":{"allow":["GET"]}}],"collection":[{"href":"https:\/\/riograndezac.gob.mx\/informatica\/index.php?rest_route=\/wp\/v2\/posts"}],"about":[{"href":"https:\/\/riograndezac.gob.mx\/informatica\/index.php?rest_route=\/wp\/v2\/types\/post"}],"author":[{"embeddable":true,"href":"https:\/\/riograndezac.gob.mx\/informatica\/index.php?rest_route=\/wp\/v2\/users\/1"}],"replies":[{"embeddable":true,"href":"https:\/\/riograndezac.gob.mx\/informatica\/index.php?rest_route=%2Fwp%2Fv2%2Fcomments&post=2154"}],"version-history":[{"count":1,"href":"https:\/\/riograndezac.gob.mx\/informatica\/index.php?rest_route=\/wp\/v2\/posts\/2154\/revisions"}],"predecessor-version":[{"id":2156,"href":"https:\/\/riograndezac.gob.mx\/informatica\/index.php?rest_route=\/wp\/v2\/posts\/2154\/revisions\/2156"}],"wp:featuredmedia":[{"embeddable":true,"href":"https:\/\/riograndezac.gob.mx\/informatica\/index.php?rest_route=\/wp\/v2\/media\/2155"}],"wp:attachment":[{"href":"https:\/\/riograndezac.gob.mx\/informatica\/index.php?rest_route=%2Fwp%2Fv2%2Fmedia&parent=2154"}],"wp:term":[{"taxonomy":"category","embeddable":true,"href":"https:\/\/riograndezac.gob.mx\/informatica\/index.php?rest_route=%2Fwp%2Fv2%2Fcategories&post=2154"},{"taxonomy":"post_tag","embeddable":true,"href":"https:\/\/riograndezac.gob.mx\/informatica\/index.php?rest_route=%2Fwp%2Fv2%2Ftags&post=2154"}],"curies":[{"name":"wp","href":"https:\/\/api.w.org\/{rel}","templated":true}]}}