{"id":2187,"date":"2015-12-31T16:28:17","date_gmt":"2015-12-31T22:28:17","guid":{"rendered":"http:\/\/riograndezac.gob.mx\/informatica\/?p=2187"},"modified":"2015-12-31T16:28:17","modified_gmt":"2015-12-31T22:28:17","slug":"cartillas-2","status":"publish","type":"post","link":"https:\/\/riograndezac.gob.mx\/informatica\/?p=2187","title":{"rendered":"cartillas"},"content":{"rendered":"<p><a href=\"https:\/\/riograndezac.gob.mx\/informatica\/wp-content\/uploads\/2015\/12\/cartillas-2.png\" rel=\"attachment wp-att-2189\"><img loading=\"lazy\" decoding=\"async\" class=\"aligncenter size-full wp-image-2189\" src=\"https:\/\/riograndezac.gob.mx\/informatica\/wp-content\/uploads\/2015\/12\/cartillas-2.png\" alt=\"cartillas (2)\" width=\"700\" height=\"512\" srcset=\"https:\/\/riograndezac.gob.mx\/informatica\/wp-content\/uploads\/2015\/12\/cartillas-2.png 700w, https:\/\/riograndezac.gob.mx\/informatica\/wp-content\/uploads\/2015\/12\/cartillas-2-300x219.png 300w, https:\/\/riograndezac.gob.mx\/informatica\/wp-content\/uploads\/2015\/12\/cartillas-2-24x18.png 24w, https:\/\/riograndezac.gob.mx\/informatica\/wp-content\/uploads\/2015\/12\/cartillas-2-36x26.png 36w, https:\/\/riograndezac.gob.mx\/informatica\/wp-content\/uploads\/2015\/12\/cartillas-2-48x35.png 48w\" sizes=\"auto, (max-width: 700px) 100vw, 700px\" \/><\/a><\/p>\n<p>\u201cDespu\u00e9s de la ampliaci\u00f3n el periodo de recepci\u00f3n de documentos de los soldado de la Clase 1997 y remisos que no hab\u00edan tramitado su cartilla militar, ahora, se abre el periodo de recepci\u00f3n de cartillas para su liberaci\u00f3n, durante los s\u00e1bados y domingos del mes de enero del 2016\u201d, anunci\u00f3 el Gobierno municipal encabezado por Constantino Casta\u00f1eda Mu\u00f1oz.<\/p>\n<p>&nbsp;<\/p>\n<p>El Secretario del Ayuntamiento, Felipe de Jes\u00fas Badillo Ram\u00edrez, indic\u00f3 que \u201cestuvimos insistiendo en hacer el llamado a los j\u00f3venes riograndenses sobre el d\u00eda l\u00edmite en el que el personal de la 11\u00aa Zona Militar recibir\u00eda las pre cartillas de la clase 1997 y remisos, con la intenci\u00f3n de atender a todos los que se acerquen y no dejaran ir la oportunidad, ahora tras estar los fines de semana del mes de diciembre\u201d.<\/p>\n<p>De esta manera, \u201ccon estas acciones se refrenda la obligaci\u00f3n que tenemos como ciudadanos, de que los hombres mexicanos por nacimiento o por naturalizaci\u00f3n que cumplan los 18 a\u00f1os deben de tramitar la cartilla\u201d.<\/p>\n<p>&nbsp;<\/p>\n<p>\u201cNosotros ahora daremos el seguimiento para que la poblaci\u00f3n masculina mayor de 18 a\u00f1os que realiz\u00f3 el tr\u00e1mite, cuente con la cartilla militar puesto que es un documento de identificaci\u00f3n oficial y su tr\u00e1mite es requisito para todos los hombres mexicanos entre los 18 y 40 a\u00f1os\u201d, manifest\u00f3 el secretario del Ayuntamiento.<\/p>\n<p>&nbsp;<\/p>\n<p>Agreg\u00f3 el funcionario municipal que al contar con esta cartilla, \u201cla Secretar\u00eda de la Defensa Nacional (SEDENA), puede disponer de reservas para coadyuvar en la seguridad y defensa de la naci\u00f3n, contribuir al auxilio de la poblaci\u00f3n civil en caso de necesidades p\u00fablicas o de desastres naturales\u201d.<\/p>\n<p>&nbsp;<\/p>\n<p>Badillo Ram\u00edrez, inform\u00f3 que el tr\u00e1mite de recepci\u00f3n de cartillas de la Clase 97 y remisos para su liberaci\u00f3n, se realizar\u00e1 el s\u00e1bado 2 y domingo 3, s\u00e1bado 9 y domingo 10, s\u00e1bado 16 y domingo 17, s\u00e1bado 23 y domingo 24, s\u00e1bado 30 y domingo 31, de 8 de la ma\u00f1ana a las 3 de la tarde, para que acudan.<\/p>\n<p>&nbsp;<\/p>\n<p>\u201cAs\u00ed mismo, con la cartilla, se pueden fortalecer los valores morales, el respeto por los s\u00edmbolos patrios y mantener el sentimiento de unidad nacional y amor a la patria\u201d, finaliz\u00f3 Badillo Ram\u00edrez.<\/p>\n<p>&nbsp;<\/p>\n","protected":false},"excerpt":{"rendered":"<p>\u201cDespu\u00e9s de la ampliaci\u00f3n el periodo de recepci\u00f3n de documentos de los soldado de la Clase 1997 y remisos que no hab\u00edan tramitado su cartilla militar, ahora, se abre el periodo de recepci\u00f3n de cartillas para su liberaci\u00f3n, durante los s\u00e1bados y domingos del mes de enero del 2016\u201d, anunci\u00f3 el Gobierno municipal encabezado por Constantino Casta\u00f1eda Mu\u00f1oz.<\/p>\n","protected":false},"author":1,"featured_media":2189,"comment_status":"closed","ping_status":"closed","sticky":false,"template":"","format":"standard","meta":{"_monsterinsights_skip_tracking":false,"_monsterinsights_sitenote_active":false,"_monsterinsights_sitenote_note":"","_monsterinsights_sitenote_category":0,"footnotes":""},"categories":[8],"tags":[12,3,18],"class_list":["post-2187","post","type-post","status-publish","format-standard","has-post-thumbnail","hentry","category-gobierno-municipal-rio-grande-zacatecas","tag-comunicacion-social","tag-content-slide","tag-gobierno-municipal-rio-grande"],"jetpack_featured_media_url":"https:\/\/riograndezac.gob.mx\/informatica\/wp-content\/uploads\/2015\/12\/cartillas-2.png","_links":{"self":[{"href":"https:\/\/riograndezac.gob.mx\/informatica\/index.php?rest_route=\/wp\/v2\/posts\/2187","targetHints":{"allow":["GET"]}}],"collection":[{"href":"https:\/\/riograndezac.gob.mx\/informatica\/index.php?rest_route=\/wp\/v2\/posts"}],"about":[{"href":"https:\/\/riograndezac.gob.mx\/informatica\/index.php?rest_route=\/wp\/v2\/types\/post"}],"author":[{"embeddable":true,"href":"https:\/\/riograndezac.gob.mx\/informatica\/index.php?rest_route=\/wp\/v2\/users\/1"}],"replies":[{"embeddable":true,"href":"https:\/\/riograndezac.gob.mx\/informatica\/index.php?rest_route=%2Fwp%2Fv2%2Fcomments&post=2187"}],"version-history":[{"count":2,"href":"https:\/\/riograndezac.gob.mx\/informatica\/index.php?rest_route=\/wp\/v2\/posts\/2187\/revisions"}],"predecessor-version":[{"id":2190,"href":"https:\/\/riograndezac.gob.mx\/informatica\/index.php?rest_route=\/wp\/v2\/posts\/2187\/revisions\/2190"}],"wp:featuredmedia":[{"embeddable":true,"href":"https:\/\/riograndezac.gob.mx\/informatica\/index.php?rest_route=\/wp\/v2\/media\/2189"}],"wp:attachment":[{"href":"https:\/\/riograndezac.gob.mx\/informatica\/index.php?rest_route=%2Fwp%2Fv2%2Fmedia&parent=2187"}],"wp:term":[{"taxonomy":"category","embeddable":true,"href":"https:\/\/riograndezac.gob.mx\/informatica\/index.php?rest_route=%2Fwp%2Fv2%2Fcategories&post=2187"},{"taxonomy":"post_tag","embeddable":true,"href":"https:\/\/riograndezac.gob.mx\/informatica\/index.php?rest_route=%2Fwp%2Fv2%2Ftags&post=2187"}],"curies":[{"name":"wp","href":"https:\/\/api.w.org\/{rel}","templated":true}]}}