{"id":2191,"date":"2015-12-31T16:33:50","date_gmt":"2015-12-31T22:33:50","guid":{"rendered":"http:\/\/riograndezac.gob.mx\/informatica\/?p=2191"},"modified":"2015-12-31T16:33:50","modified_gmt":"2015-12-31T22:33:50","slug":"maestria-uaf","status":"publish","type":"post","link":"https:\/\/riograndezac.gob.mx\/informatica\/?p=2191","title":{"rendered":"maestr\u00eda UAF"},"content":{"rendered":"<p>&nbsp;<\/p>\n<p><a href=\"https:\/\/riograndezac.gob.mx\/informatica\/wp-content\/uploads\/2015\/12\/maestria-uaf.jpg\" rel=\"attachment wp-att-2192\"><img loading=\"lazy\" decoding=\"async\" class=\"aligncenter size-full wp-image-2192\" src=\"https:\/\/riograndezac.gob.mx\/informatica\/wp-content\/uploads\/2015\/12\/maestria-uaf.jpg\" alt=\"maestria uaf\" width=\"700\" height=\"525\" srcset=\"https:\/\/riograndezac.gob.mx\/informatica\/wp-content\/uploads\/2015\/12\/maestria-uaf.jpg 700w, https:\/\/riograndezac.gob.mx\/informatica\/wp-content\/uploads\/2015\/12\/maestria-uaf-300x225.jpg 300w, https:\/\/riograndezac.gob.mx\/informatica\/wp-content\/uploads\/2015\/12\/maestria-uaf-24x18.jpg 24w, https:\/\/riograndezac.gob.mx\/informatica\/wp-content\/uploads\/2015\/12\/maestria-uaf-36x27.jpg 36w, https:\/\/riograndezac.gob.mx\/informatica\/wp-content\/uploads\/2015\/12\/maestria-uaf-48x36.jpg 48w\" sizes=\"auto, (max-width: 700px) 100vw, 700px\" \/><\/a><\/p>\n<p>Contin\u00faan los trabajos de Maestr\u00eda y Doctorado en Educaci\u00f3n, gracias al convenio educativo que realiz\u00f3 el gobierno municipal que encabeza Constantino Casta\u00f1eda Mu\u00f1oz y la Universidad Aut\u00f3noma de Fresnillo (UAF), adem\u00e1s de que promueven la maestr\u00eda en Derecho Laboral.<\/p>\n<p>&nbsp;<\/p>\n<p>S\u00e1bado a s\u00e1bado, el Centro Multidisciplinario Sumar, recibe a las y los alumnos de posgrado que estudian la Maestr\u00eda y doctorado, gracias al esfuerzo que se realiza por parte del Gobierno Municipal as\u00ed como de la rectora de la UAF Geovanna Xyklady Cabrera Gir\u00f3n.<\/p>\n<p>&nbsp;<\/p>\n<p>Para cerrar fuerte el a\u00f1o 2015, con la presencia de Javier Moreno Reyes, doctor de la UAF, concluy\u00f3 la materia de \u201cFilosof\u00eda Educativa\u201d, con el maestro Luis Manuel Gallardo, e iniciar el 2016, con la materia de Teor\u00edas de la Educaci\u00f3n bajo la tutor\u00eda de Leticia Cortes.<\/p>\n<p>&nbsp;<\/p>\n<p>Cabe se\u00f1alar que se han recibido otras materias con docentes como J. Cruz Escalante y Jaime Dom\u00ednguez, adem\u00e1s de que contin\u00faa en derechos humanos; en el doctorado, se contin\u00faa la formaci\u00f3n con el doctor Carlos de la Rosa.<\/p>\n<p>&nbsp;<\/p>\n<p>La Rectora, record\u00f3 que \u201cya estamos conformando un grupo de maestr\u00eda en derecho laboral, puesto que R\u00edo Grande, cuenta con ciudadanos que tienen el deseo de superarse y poder enfrentar grandes retos, los complejos desaf\u00edos que se presentan en la vida del ser humano\u201d.<\/p>\n<p>&nbsp;<\/p>\n<p>En este sentido Cabrera Gir\u00f3n, enfatiz\u00f3 que \u201cen el municipio, lo que realizan quienes desean inscribirse en este tipo de posgrados, es muy importante puesto que de esta manera se generan mejores condiciones de vida, y nosotros seguimos buscando su educaci\u00f3n\u201d.<\/p>\n<p>&nbsp;<\/p>\n<p>La rectora enfatiz\u00f3 \u201cagradezco infinitamente la gentileza que ha tenido el alcalde Constantino Casta\u00f1eda Mu\u00f1oz, al darnos las facilidades necesarias, pues habla del compromiso que tiene \u00e9l como presidente con el sector educativo, con el sector social, as\u00ed como el que tiene el mismo Cabildo\u201d.<\/p>\n<p>&nbsp;<\/p>\n<p>Por parte de Casta\u00f1eda Mu\u00f1oz, reiter\u00f3 su inter\u00e9s en respaldar las actividades que se hacen para beneficio de la educaci\u00f3n en R\u00edo Grande, por lo que exhort\u00f3 a la poblaci\u00f3n interesada en participar en la maestr\u00eda de derecho laboral, para que acuda y reciba la informaci\u00f3n necesaria.<\/p>\n<p>&nbsp;<\/p>\n","protected":false},"excerpt":{"rendered":"<p>Contin\u00faan los trabajos de Maestr\u00eda y Doctorado en Educaci\u00f3n, gracias al convenio educativo que realiz\u00f3 el gobierno municipal que encabeza Constantino Casta\u00f1eda Mu\u00f1oz y la Universidad Aut\u00f3noma de Fresnillo (UAF), adem\u00e1s de que promueven la maestr\u00eda en Derecho Laboral.<\/p>\n","protected":false},"author":1,"featured_media":2192,"comment_status":"closed","ping_status":"closed","sticky":false,"template":"","format":"standard","meta":{"_monsterinsights_skip_tracking":false,"_monsterinsights_sitenote_active":false,"_monsterinsights_sitenote_note":"","_monsterinsights_sitenote_category":0,"footnotes":""},"categories":[4],"tags":[12,18,58],"class_list":["post-2191","post","type-post","status-publish","format-standard","has-post-thumbnail","hentry","category-boletines","tag-comunicacion-social","tag-gobierno-municipal-rio-grande","tag-zacatecas"],"jetpack_featured_media_url":"https:\/\/riograndezac.gob.mx\/informatica\/wp-content\/uploads\/2015\/12\/maestria-uaf.jpg","_links":{"self":[{"href":"https:\/\/riograndezac.gob.mx\/informatica\/index.php?rest_route=\/wp\/v2\/posts\/2191","targetHints":{"allow":["GET"]}}],"collection":[{"href":"https:\/\/riograndezac.gob.mx\/informatica\/index.php?rest_route=\/wp\/v2\/posts"}],"about":[{"href":"https:\/\/riograndezac.gob.mx\/informatica\/index.php?rest_route=\/wp\/v2\/types\/post"}],"author":[{"embeddable":true,"href":"https:\/\/riograndezac.gob.mx\/informatica\/index.php?rest_route=\/wp\/v2\/users\/1"}],"replies":[{"embeddable":true,"href":"https:\/\/riograndezac.gob.mx\/informatica\/index.php?rest_route=%2Fwp%2Fv2%2Fcomments&post=2191"}],"version-history":[{"count":1,"href":"https:\/\/riograndezac.gob.mx\/informatica\/index.php?rest_route=\/wp\/v2\/posts\/2191\/revisions"}],"predecessor-version":[{"id":2193,"href":"https:\/\/riograndezac.gob.mx\/informatica\/index.php?rest_route=\/wp\/v2\/posts\/2191\/revisions\/2193"}],"wp:featuredmedia":[{"embeddable":true,"href":"https:\/\/riograndezac.gob.mx\/informatica\/index.php?rest_route=\/wp\/v2\/media\/2192"}],"wp:attachment":[{"href":"https:\/\/riograndezac.gob.mx\/informatica\/index.php?rest_route=%2Fwp%2Fv2%2Fmedia&parent=2191"}],"wp:term":[{"taxonomy":"category","embeddable":true,"href":"https:\/\/riograndezac.gob.mx\/informatica\/index.php?rest_route=%2Fwp%2Fv2%2Fcategories&post=2191"},{"taxonomy":"post_tag","embeddable":true,"href":"https:\/\/riograndezac.gob.mx\/informatica\/index.php?rest_route=%2Fwp%2Fv2%2Ftags&post=2191"}],"curies":[{"name":"wp","href":"https:\/\/api.w.org\/{rel}","templated":true}]}}