{"id":2194,"date":"2015-12-31T16:38:23","date_gmt":"2015-12-31T22:38:23","guid":{"rendered":"http:\/\/riograndezac.gob.mx\/informatica\/?p=2194"},"modified":"2015-12-31T16:38:23","modified_gmt":"2015-12-31T22:38:23","slug":"rosca-de-reyes","status":"publish","type":"post","link":"https:\/\/riograndezac.gob.mx\/informatica\/?p=2194","title":{"rendered":"rosca de reyes"},"content":{"rendered":"<p><a href=\"https:\/\/riograndezac.gob.mx\/informatica\/wp-content\/uploads\/2015\/12\/rosca-2015-5.jpg\" rel=\"attachment wp-att-2195\"><img loading=\"lazy\" decoding=\"async\" class=\"aligncenter size-full wp-image-2195\" src=\"https:\/\/riograndezac.gob.mx\/informatica\/wp-content\/uploads\/2015\/12\/rosca-2015-5.jpg\" alt=\"rosca 2015 (5)\" width=\"700\" height=\"466\" srcset=\"https:\/\/riograndezac.gob.mx\/informatica\/wp-content\/uploads\/2015\/12\/rosca-2015-5.jpg 700w, https:\/\/riograndezac.gob.mx\/informatica\/wp-content\/uploads\/2015\/12\/rosca-2015-5-300x200.jpg 300w, https:\/\/riograndezac.gob.mx\/informatica\/wp-content\/uploads\/2015\/12\/rosca-2015-5-24x16.jpg 24w, https:\/\/riograndezac.gob.mx\/informatica\/wp-content\/uploads\/2015\/12\/rosca-2015-5-36x24.jpg 36w, https:\/\/riograndezac.gob.mx\/informatica\/wp-content\/uploads\/2015\/12\/rosca-2015-5-48x32.jpg 48w\" sizes=\"auto, (max-width: 700px) 100vw, 700px\" \/><\/a><\/p>\n<p>Con motivo de la tradicional celebraci\u00f3n de los Reyes Magos del d\u00eda 6 de enero, el gobierno municipal, encabezado por Constantino Casta\u00f1eda Mu\u00f1oz, en coordinaci\u00f3n con el Sistema para el Desarrollo Integral de la Familia (SMDIF), invitan a la poblaci\u00f3n de R\u00edo Grande, para que acuda a partir la tradicional Rosca de Reyes.<\/p>\n<p>&nbsp;<\/p>\n<p>Julio C\u00e9sar Mares Torres, director del DIF municipal, dijo que esta actividad, se llevar\u00e1 a cabo en la Plaza Principal el mi\u00e9rcoles 6, a las 5 de la tarde, en donde se partir\u00e1 la rosca.<\/p>\n<p>&nbsp;<\/p>\n<p>Dijo que \u201cesta actividad, la realizamos, con objetivos como el de rescatar las tradiciones e inculc\u00e1rselas a las nuevas generaciones, adem\u00e1s de que aprovechamos para reunir a todas las familias riograndenses y unidos, provocar la paz para nuestro R\u00edo Grande\u201d.<\/p>\n<p>&nbsp;<\/p>\n<p>Agreg\u00f3 que durante este emotivo evento, se pretender\u00e1 recordar que la tradici\u00f3n de la Rosca de Reyes viene desde los primeros cristianos pues la tomaron la mezclaron con la historia de la visita de los Reyes Magos para la celebraci\u00f3n de la Epifan\u00eda, cambiaron el pan \u00e1zimo por pan de harina blanca y levadura, cocida en forma de rosca, endulz\u00e1ndolo con miel y adorn\u00e1ndolo con frutos del desierto, como higos, d\u00e1tiles y algunas nueces, adem\u00e1s de que se acostumbra la forma circular de la rosca pues simboliza el amor eterno de Dios, que no tiene principio ni fin.<\/p>\n<p>&nbsp;<\/p>\n<p>El Director del DIF municipal, se\u00f1al\u00f3 que la rosca contendr\u00e1 \u201cel mu\u00f1equito escondido dentro de la rosca que simboliza al Ni\u00f1o Jes\u00fas, que los Reyes no encontraban porque la estrella desaparec\u00eda, para causar a\u00fan m\u00e1s emoci\u00f3n, sobre todo a la ni\u00f1ez riograndense\u201d.<\/p>\n<p>&nbsp;<\/p>\n<p>Finaliz\u00f3 exhortando de nueva cuenta a la poblaci\u00f3n para que acuda el pr\u00f3ximo mi\u00e9rcoles 6 de enero, a las 5 de la tarde, en la plaza principal, para disfrutar de la rosca, as\u00ed como de otras sorpresas cl\u00e1sicas de la \u00e9poca.<\/p>\n<p>&nbsp;<\/p>\n","protected":false},"excerpt":{"rendered":"<p>Con motivo de la tradicional celebraci\u00f3n de los Reyes Magos del d\u00eda 6 de enero, el gobierno municipal, encabezado por Constantino Casta\u00f1eda Mu\u00f1oz, en coordinaci\u00f3n con el Sistema para el Desarrollo Integral de la Familia (SMDIF), invitan a la poblaci\u00f3n de R\u00edo Grande, para que acuda a partir la tradicional Rosca de Reyes.<\/p>\n","protected":false},"author":1,"featured_media":2195,"comment_status":"closed","ping_status":"closed","sticky":false,"template":"","format":"standard","meta":{"_monsterinsights_skip_tracking":false,"_monsterinsights_sitenote_active":false,"_monsterinsights_sitenote_note":"","_monsterinsights_sitenote_category":0,"footnotes":""},"categories":[5],"tags":[12,18,58],"class_list":["post-2194","post","type-post","status-publish","format-standard","has-post-thumbnail","hentry","category-destacados","tag-comunicacion-social","tag-gobierno-municipal-rio-grande","tag-zacatecas"],"jetpack_featured_media_url":"https:\/\/riograndezac.gob.mx\/informatica\/wp-content\/uploads\/2015\/12\/rosca-2015-5.jpg","_links":{"self":[{"href":"https:\/\/riograndezac.gob.mx\/informatica\/index.php?rest_route=\/wp\/v2\/posts\/2194","targetHints":{"allow":["GET"]}}],"collection":[{"href":"https:\/\/riograndezac.gob.mx\/informatica\/index.php?rest_route=\/wp\/v2\/posts"}],"about":[{"href":"https:\/\/riograndezac.gob.mx\/informatica\/index.php?rest_route=\/wp\/v2\/types\/post"}],"author":[{"embeddable":true,"href":"https:\/\/riograndezac.gob.mx\/informatica\/index.php?rest_route=\/wp\/v2\/users\/1"}],"replies":[{"embeddable":true,"href":"https:\/\/riograndezac.gob.mx\/informatica\/index.php?rest_route=%2Fwp%2Fv2%2Fcomments&post=2194"}],"version-history":[{"count":1,"href":"https:\/\/riograndezac.gob.mx\/informatica\/index.php?rest_route=\/wp\/v2\/posts\/2194\/revisions"}],"predecessor-version":[{"id":2196,"href":"https:\/\/riograndezac.gob.mx\/informatica\/index.php?rest_route=\/wp\/v2\/posts\/2194\/revisions\/2196"}],"wp:featuredmedia":[{"embeddable":true,"href":"https:\/\/riograndezac.gob.mx\/informatica\/index.php?rest_route=\/wp\/v2\/media\/2195"}],"wp:attachment":[{"href":"https:\/\/riograndezac.gob.mx\/informatica\/index.php?rest_route=%2Fwp%2Fv2%2Fmedia&parent=2194"}],"wp:term":[{"taxonomy":"category","embeddable":true,"href":"https:\/\/riograndezac.gob.mx\/informatica\/index.php?rest_route=%2Fwp%2Fv2%2Fcategories&post=2194"},{"taxonomy":"post_tag","embeddable":true,"href":"https:\/\/riograndezac.gob.mx\/informatica\/index.php?rest_route=%2Fwp%2Fv2%2Ftags&post=2194"}],"curies":[{"name":"wp","href":"https:\/\/api.w.org\/{rel}","templated":true}]}}