{"id":2200,"date":"2016-01-02T16:25:09","date_gmt":"2016-01-02T22:25:09","guid":{"rendered":"http:\/\/riograndezac.gob.mx\/informatica\/?p=2200"},"modified":"2016-01-02T16:25:09","modified_gmt":"2016-01-02T22:25:09","slug":"obispo","status":"publish","type":"post","link":"https:\/\/riograndezac.gob.mx\/informatica\/?p=2200","title":{"rendered":"Obispo"},"content":{"rendered":"<p><a href=\"https:\/\/riograndezac.gob.mx\/informatica\/wp-content\/uploads\/2016\/01\/obispo-4.jpg\" rel=\"attachment wp-att-2201\"><img loading=\"lazy\" decoding=\"async\" class=\"aligncenter size-full wp-image-2201\" src=\"https:\/\/riograndezac.gob.mx\/informatica\/wp-content\/uploads\/2016\/01\/obispo-4.jpg\" alt=\"obispo (4)\" width=\"700\" height=\"466\" srcset=\"https:\/\/riograndezac.gob.mx\/informatica\/wp-content\/uploads\/2016\/01\/obispo-4.jpg 700w, https:\/\/riograndezac.gob.mx\/informatica\/wp-content\/uploads\/2016\/01\/obispo-4-300x200.jpg 300w, https:\/\/riograndezac.gob.mx\/informatica\/wp-content\/uploads\/2016\/01\/obispo-4-24x16.jpg 24w, https:\/\/riograndezac.gob.mx\/informatica\/wp-content\/uploads\/2016\/01\/obispo-4-36x24.jpg 36w, https:\/\/riograndezac.gob.mx\/informatica\/wp-content\/uploads\/2016\/01\/obispo-4-48x32.jpg 48w\" sizes=\"auto, (max-width: 700px) 100vw, 700px\" \/><\/a><\/p>\n<p>Riograndenses se reunieron para despedir a quien fue p\u00e1rroco de Santa Elena de la Cruz, Obispo Auxiliar de Durango y ahora reci\u00e9n nombrado Obispo de Nuevo Laredo, Tamaulipas, Monse\u00f1or Enrique S\u00e1nchez Mart\u00ednez.<\/p>\n<p>&nbsp;<\/p>\n<p>Las tres parroquias de R\u00edo Grande, Santa Elena de la Cruz, Se\u00f1or de la Santa Veracruz y Nuestra Se\u00f1ora de la Luz, se vieron engalanadas con la visita del Obispo de Nuevo Laredo, quien con gran cari\u00f1o durante su mensaje de despedida mencion\u00f3 que \u201cyo s\u00e9 que gran parte de la poblaci\u00f3n de R\u00edo Grande, est\u00e1 en Estados Unidos, no se les olvide ahora llegar al Obispado, ah\u00ed ser\u00e1 su nueva aduana, podr\u00e1n descansar y comer algo, para continuar su camino\u201d lo cual llen\u00f3 de gran emoci\u00f3n a sus feligreses cat\u00f3licos.<\/p>\n<p>&nbsp;<\/p>\n<p>Inicialmente con mucha alegr\u00eda, para luego, sentir nostalgia por la partida de este gran Pastor, la feligres\u00eda se acerc\u00f3 para agradecerle el tiempo que estuvo en R\u00edo Grande, as\u00ed como el trabajo que realiz\u00f3 en todas las comunidades, en los grupos y movimientos, entre ellos, la fundaci\u00f3n del grupo de Adolescentes, \u201cEPA\u201d, as\u00ed como el respaldo a los grupos juveniles JESAD, ACJM, JCFM, Y MFC, entre otros.<\/p>\n<p>&nbsp;<\/p>\n<p>De igual manera, S\u00e1nchez Mart\u00ednez, es recordado por su intenso trabajo al encabezar la formaci\u00f3n de la Asociaci\u00f3n civil Casa Hogar Santa Elena, que el d\u00eda de hoy es una verdadera casa hogar, para las y los residentes de esta instituci\u00f3n, por lo que a su vez agradeci\u00f3 el respaldo de las autoridades de R\u00edo Grande, las estatales y federales, para poder consolidar este gran proyecto.<\/p>\n<p>&nbsp;<\/p>\n<p>Entre aplausos y mucha oraci\u00f3n, S\u00e1nchez Mart\u00ednez, agradeci\u00f3 el cari\u00f1o que la gente de R\u00edo Grande, le transmiti\u00f3 no s\u00f3lo en los m\u00e1s de 3 a\u00f1os que estuvo en este municipio, sino hasta la fecha, puesto que le sigue viendo con gran gusto, por ello, les invit\u00f3 para que lo acompa\u00f1en en su toma de posesi\u00f3n en Nuevo Laredo, el pr\u00f3ximo 13 de enero en punto de las 6 de la tarde.<\/p>\n<p>&nbsp;<\/p>\n<p>As\u00ed mismo, S\u00e1nchez Mart\u00ednez, dijo que de especial manera, tiene un cari\u00f1o muy grande por la parroquia de Santa Elena de la Cruz, puesto que fue su primer parroquia, la cual le dej\u00f3 grandes ense\u00f1anzas, y la lleva presente en sus oraciones.<\/p>\n<p>&nbsp;<\/p>\n","protected":false},"excerpt":{"rendered":"<p>Riograndenses se reunieron para despedir a quien fue p\u00e1rroco de Santa Elena de la Cruz, Obispo Auxiliar de Durango y ahora reci\u00e9n nombrado Obispo de Nuevo Laredo, Tamaulipas, Monse\u00f1or Enrique S\u00e1nchez Mart\u00ednez.<\/p>\n","protected":false},"author":1,"featured_media":2201,"comment_status":"closed","ping_status":"closed","sticky":false,"template":"","format":"standard","meta":{"_monsterinsights_skip_tracking":false,"_monsterinsights_sitenote_active":false,"_monsterinsights_sitenote_note":"","_monsterinsights_sitenote_category":0,"footnotes":""},"categories":[5],"tags":[12],"class_list":["post-2200","post","type-post","status-publish","format-standard","has-post-thumbnail","hentry","category-destacados","tag-comunicacion-social"],"jetpack_featured_media_url":"https:\/\/riograndezac.gob.mx\/informatica\/wp-content\/uploads\/2016\/01\/obispo-4.jpg","_links":{"self":[{"href":"https:\/\/riograndezac.gob.mx\/informatica\/index.php?rest_route=\/wp\/v2\/posts\/2200","targetHints":{"allow":["GET"]}}],"collection":[{"href":"https:\/\/riograndezac.gob.mx\/informatica\/index.php?rest_route=\/wp\/v2\/posts"}],"about":[{"href":"https:\/\/riograndezac.gob.mx\/informatica\/index.php?rest_route=\/wp\/v2\/types\/post"}],"author":[{"embeddable":true,"href":"https:\/\/riograndezac.gob.mx\/informatica\/index.php?rest_route=\/wp\/v2\/users\/1"}],"replies":[{"embeddable":true,"href":"https:\/\/riograndezac.gob.mx\/informatica\/index.php?rest_route=%2Fwp%2Fv2%2Fcomments&post=2200"}],"version-history":[{"count":1,"href":"https:\/\/riograndezac.gob.mx\/informatica\/index.php?rest_route=\/wp\/v2\/posts\/2200\/revisions"}],"predecessor-version":[{"id":2202,"href":"https:\/\/riograndezac.gob.mx\/informatica\/index.php?rest_route=\/wp\/v2\/posts\/2200\/revisions\/2202"}],"wp:featuredmedia":[{"embeddable":true,"href":"https:\/\/riograndezac.gob.mx\/informatica\/index.php?rest_route=\/wp\/v2\/media\/2201"}],"wp:attachment":[{"href":"https:\/\/riograndezac.gob.mx\/informatica\/index.php?rest_route=%2Fwp%2Fv2%2Fmedia&parent=2200"}],"wp:term":[{"taxonomy":"category","embeddable":true,"href":"https:\/\/riograndezac.gob.mx\/informatica\/index.php?rest_route=%2Fwp%2Fv2%2Fcategories&post=2200"},{"taxonomy":"post_tag","embeddable":true,"href":"https:\/\/riograndezac.gob.mx\/informatica\/index.php?rest_route=%2Fwp%2Fv2%2Ftags&post=2200"}],"curies":[{"name":"wp","href":"https:\/\/api.w.org\/{rel}","templated":true}]}}